{"id":6346,"date":"2016-03-02T11:40:58","date_gmt":"2016-03-02T11:40:58","guid":{"rendered":"https:\/\/crpvalltenes.wordpress.com\/?p=6346"},"modified":"2017-03-31T12:48:23","modified_gmt":"2017-03-31T10:48:23","slug":"25ena-conversa-pedagogica-una-escola-per-a-tothom-practiques-de-centre-i-daula","status":"publish","type":"post","link":"https:\/\/serveiseducatius.xtec.cat\/vallesoriental4\/general\/25ena-conversa-pedagogica-una-escola-per-a-tothom-practiques-de-centre-i-daula\/","title":{"rendered":"25ena. Conversa Pedag\u00f2gica &#8220;Una escola per a tothom: pr\u00e0ctiques de centre i d&#8217;aula&#8221;"},"content":{"rendered":"<p style=\"text-align: left;\"><img loading=\"lazy\" decoding=\"async\" class=\"size-full wp-image-6352 alignright\" src=\"http:\/\/serveiseducatius.xtec.cat\/vallesoriental4\/wp-content\/uploads\/usu1133\/2016\/03\/images.jpeg\" alt=\"images\" width=\"275\" height=\"183\" \/>La 25ena. Conversa Pedag\u00f2gica <strong>&#8220;Una escola per a tothom: pr\u00e0ctiques de centre i d&#8217;aula&#8221;<\/strong>, que tindr\u00e0 lloc el dijous <strong>17 de mar\u00e7 de les 17:30 a les 19:00h.<\/strong>, a la Sala de Plens del Departament d\u2019Ensenyament (Av. Via Augusta, 202).<\/p>\n<p>\u00a0Es debatr\u00e0 sobre:<\/p>\n<p style=\"text-align: left;\"><i>Quines pr\u00e0ctiques de centre i d\u2019aula faciliten l\u2019atenci\u00f3 educativa a tots els alumnes en el marc d\u2019un sistema inclusiu? Per assolir l\u2019atenci\u00f3 a tots els alumnes, quins \u00e0mbits hem d\u2019abordar? Despr\u00e9s de la publicaci\u00f3 de les orientacions per a docents i professionals d\u2019atenci\u00f3 educativa dels centres d\u2019educaci\u00f3 infantil, prim\u00e0ria, secund\u00e0ria obligat\u00f2ria i postobligat\u00f2ria i dels serveis educatius \u201cDe l\u2019escola inclusiva al sistema inclusiu\u201d, conversarem sobre totes aquelles accions, estrat\u00e8gies i mesures que ofereixen atenci\u00f3 educativa a tot l\u2019alumnat.<br \/>\n<\/i><\/p>\n<p style=\"text-align: left;\">Participants en la conversa:<\/p>\n<p style=\"text-align: left;\"><strong>N\u00faria Roig<\/strong>, assessora t\u00e8cnica docent del Sevei d\u2019Atenci\u00f3 a la Diversitat i la Inclusi\u00f3 del Departament d\u2019Ensenyament; <strong>Conxi L\u00f3pez<\/strong>, assessora en inclusi\u00f3 digital al Baix Llobregat; <strong>Laia L\u00e1zaro<\/strong>, directora de l&#8217;escola Pere Calders de Poliny\u00e0, i <strong>Margarida Pint\u00f3<\/strong>, directora de l\u2019institut Mol\u00ed de la Vila de Capellades, i <strong>Pere Planella<\/strong>, coordinador pedag\u00f2gic de l\u2019institut Mol\u00ed de la Vila de Capellades.<\/p>\n<p><a href=\"http:\/\/xtec.gencat.cat\/ca\/formacio\/mesformacio\/converses_pedagogiques\/formulari-inscripcio\/\" target=\"_blank\"><b>FORMULARI D&#8217;INSCRIPCI\u00d3<\/b><\/a><\/p>\n<p>M\u00e9s informaci\u00f3 a la <a href=\"http:\/\/xtec.gencat.cat\/ca\/formacio\/mesformacio\/converses_pedagogiques\/\">WEB<\/a><\/p>\n","protected":false},"excerpt":{"rendered":"<p>La 25ena. Conversa Pedag\u00f2gica &#8220;Una escola per a tothom: pr\u00e0ctiques de centre i d&#8217;aula&#8221;<\/p>\n","protected":false},"author":1,"featured_media":6352,"comment_status":"open","ping_status":"open","sticky":false,"template":"","format":"standard","meta":{"_bbp_topic_count":0,"_bbp_reply_count":0,"_bbp_total_topic_count":0,"_bbp_total_reply_count":0,"_bbp_voice_count":0,"_bbp_anonymous_reply_count":0,"_bbp_topic_count_hidden":0,"_bbp_reply_count_hidden":0,"_bbp_forum_subforum_count":0,"site-sidebar-layout":"default","site-content-layout":"","ast-site-content-layout":"","site-content-style":"default","site-sidebar-style":"default","ast-global-header-display":"","ast-banner-title-visibility":"","ast-main-header-display":"","ast-hfb-above-header-display":"","ast-hfb-below-header-display":"","ast-hfb-mobile-header-display":"","site-post-title":"","ast-breadcrumbs-content":"","ast-featured-img":"","footer-sml-layout":"","theme-transparent-header-meta":"","adv-header-id-meta":"","stick-header-meta":"","header-above-stick-meta":"","header-main-stick-meta":"","header-below-stick-meta":"","astra-migrate-meta-layouts":"default","ast-page-background-enabled":"default","ast-page-background-meta":{"desktop":{"background-color":"var(--ast-global-color-4)","background-image":"","background-repeat":"repeat","background-position":"center center","background-size":"auto","background-attachment":"scroll","background-type":"","background-media":"","overlay-type":"","overlay-color":"","overlay-opacity":"","overlay-gradient":""},"tablet":{"background-color":"","background-image":"","background-repeat":"repeat","background-position":"center center","background-size":"auto","background-attachment":"scroll","background-type":"","background-media":"","overlay-type":"","overlay-color":"","overlay-opacity":"","overlay-gradient":""},"mobile":{"background-color":"","background-image":"","background-repeat":"repeat","background-position":"center center","background-size":"auto","background-attachment":"scroll","background-type":"","background-media":"","overlay-type":"","overlay-color":"","overlay-opacity":"","overlay-gradient":""}},"ast-content-background-meta":{"desktop":{"background-color":"var(--ast-global-color-5)","background-image":"","background-repeat":"repeat","background-position":"center center","background-size":"auto","background-attachment":"scroll","background-type":"","background-media":"","overlay-type":"","overlay-color":"","overlay-opacity":"","overlay-gradient":""},"tablet":{"background-color":"var(--ast-global-color-5)","background-image":"","background-repeat":"repeat","background-position":"center center","background-size":"auto","background-attachment":"scroll","background-type":"","background-media":"","overlay-type":"","overlay-color":"","overlay-opacity":"","overlay-gradient":""},"mobile":{"background-color":"var(--ast-global-color-5)","background-image":"","background-repeat":"repeat","background-position":"center center","background-size":"auto","background-attachment":"scroll","background-type":"","background-media":"","overlay-type":"","overlay-color":"","overlay-opacity":"","overlay-gradient":""}},"footnotes":""},"categories":[1],"tags":[483],"class_list":["post-6346","post","type-post","status-publish","format-standard","has-post-thumbnail","hentry","category-general","tag-25ena-conversa-pedagogica-una-escola-per-a-tothom-practiques-de-centre-i-daula"],"post_mailing_queue_ids":[],"_links":{"self":[{"href":"https:\/\/serveiseducatius.xtec.cat\/vallesoriental4\/wp-json\/wp\/v2\/posts\/6346","targetHints":{"allow":["GET"]}}],"collection":[{"href":"https:\/\/serveiseducatius.xtec.cat\/vallesoriental4\/wp-json\/wp\/v2\/posts"}],"about":[{"href":"https:\/\/serveiseducatius.xtec.cat\/vallesoriental4\/wp-json\/wp\/v2\/types\/post"}],"author":[{"embeddable":true,"href":"https:\/\/serveiseducatius.xtec.cat\/vallesoriental4\/wp-json\/wp\/v2\/users\/1"}],"replies":[{"embeddable":true,"href":"https:\/\/serveiseducatius.xtec.cat\/vallesoriental4\/wp-json\/wp\/v2\/comments?post=6346"}],"version-history":[{"count":1,"href":"https:\/\/serveiseducatius.xtec.cat\/vallesoriental4\/wp-json\/wp\/v2\/posts\/6346\/revisions"}],"predecessor-version":[{"id":11284,"href":"https:\/\/serveiseducatius.xtec.cat\/vallesoriental4\/wp-json\/wp\/v2\/posts\/6346\/revisions\/11284"}],"wp:featuredmedia":[{"embeddable":true,"href":"https:\/\/serveiseducatius.xtec.cat\/vallesoriental4\/wp-json\/wp\/v2\/media\/6352"}],"wp:attachment":[{"href":"https:\/\/serveiseducatius.xtec.cat\/vallesoriental4\/wp-json\/wp\/v2\/media?parent=6346"}],"wp:term":[{"taxonomy":"category","embeddable":true,"href":"https:\/\/serveiseducatius.xtec.cat\/vallesoriental4\/wp-json\/wp\/v2\/categories?post=6346"},{"taxonomy":"post_tag","embeddable":true,"href":"https:\/\/serveiseducatius.xtec.cat\/vallesoriental4\/wp-json\/wp\/v2\/tags?post=6346"}],"curies":[{"name":"wp","href":"https:\/\/api.w.org\/{rel}","templated":true}]}}