{"id":5863,"date":"2016-02-10T08:53:16","date_gmt":"2016-02-10T08:53:16","guid":{"rendered":"https:\/\/crpvalltenes.wordpress.com\/?p=5863"},"modified":"2017-04-07T08:48:25","modified_gmt":"2017-04-07T06:48:25","slug":"inauguracio-exposicio-fotografica-d-albert-benzekry-a-l-institut-vil%c2%b7la-romana-de-la-garriga","status":"publish","type":"post","link":"https:\/\/serveiseducatius.xtec.cat\/vallesoriental4\/portada\/inauguracio-exposicio-fotografica-d-albert-benzekry-a-l-institut-vil%c2%b7la-romana-de-la-garriga\/","title":{"rendered":"Inauguraci\u00f3 exposici\u00f3 fotogr\u00e0fica d&#8217;Albert Benzekry a l&#8217;Institut Vil\u00b7la Romana de La Garriga"},"content":{"rendered":"<p style=\"text-align: justify;\"><a href=\"http:\/\/serveiseducatius.xtec.cat\/vallesoriental4\/wp-content\/uploads\/usu1133\/2016\/02\/Albert-Benzekry.jpg\"><img loading=\"lazy\" decoding=\"async\" class=\"alignright size-medium wp-image-11462\" src=\"http:\/\/serveiseducatius.xtec.cat\/vallesoriental4\/wp-content\/uploads\/usu1133\/2016\/02\/Albert-Benzekry-300x300.jpg\" alt=\"Albert Benzekry\" width=\"300\" height=\"300\" srcset=\"https:\/\/serveiseducatius.xtec.cat\/vallesoriental4\/wp-content\/uploads\/usu1133\/2016\/02\/Albert-Benzekry-300x300.jpg 300w, https:\/\/serveiseducatius.xtec.cat\/vallesoriental4\/wp-content\/uploads\/usu1133\/2016\/02\/Albert-Benzekry-150x150.jpg 150w, https:\/\/serveiseducatius.xtec.cat\/vallesoriental4\/wp-content\/uploads\/usu1133\/2016\/02\/Albert-Benzekry.jpg 512w\" sizes=\"auto, (max-width: 300px) 100vw, 300px\" \/><\/a>El proper <strong>divendres 12 de febrer a les 19h<\/strong>, s&#8217;inaugura l&#8217;<strong>Institut Vil\u00b7la Romana de La Garriga,<\/strong>\u00a0 l&#8217;<strong>exposici\u00f3 de fotografies antigues de la Garriga,\u00a0 de l&#8217;arxiu d&#8217;Albert Benzekry.<\/strong><\/p>\n<p style=\"text-align: left;\">Es pot visitar del<strong> 12 de febrer fins el 4 de mar\u00e7.<\/strong><\/p>\n<p><strong>Us animem a visitar-la!!!<\/strong><\/p>\n","protected":false},"excerpt":{"rendered":"<p>El proper divendres 12 de febrer a les 19h, s&#8217;inaugura l&#8217;Institut Vil\u00b7la Romana de La Garriga<\/p>\n","protected":false},"author":1,"featured_media":11462,"comment_status":"open","ping_status":"open","sticky":false,"template":"","format":"standard","meta":{"_bbp_topic_count":0,"_bbp_reply_count":0,"_bbp_total_topic_count":0,"_bbp_total_reply_count":0,"_bbp_voice_count":0,"_bbp_anonymous_reply_count":0,"_bbp_topic_count_hidden":0,"_bbp_reply_count_hidden":0,"_bbp_forum_subforum_count":0,"site-sidebar-layout":"default","site-content-layout":"","ast-site-content-layout":"","site-content-style":"default","site-sidebar-style":"default","ast-global-header-display":"","ast-banner-title-visibility":"","ast-main-header-display":"","ast-hfb-above-header-display":"","ast-hfb-below-header-display":"","ast-hfb-mobile-header-display":"","site-post-title":"","ast-breadcrumbs-content":"","ast-featured-img":"","footer-sml-layout":"","theme-transparent-header-meta":"","adv-header-id-meta":"","stick-header-meta":"","header-above-stick-meta":"","header-main-stick-meta":"","header-below-stick-meta":"","astra-migrate-meta-layouts":"default","ast-page-background-enabled":"default","ast-page-background-meta":{"desktop":{"background-color":"var(--ast-global-color-4)","background-image":"","background-repeat":"repeat","background-position":"center center","background-size":"auto","background-attachment":"scroll","background-type":"","background-media":"","overlay-type":"","overlay-color":"","overlay-opacity":"","overlay-gradient":""},"tablet":{"background-color":"","background-image":"","background-repeat":"repeat","background-position":"center center","background-size":"auto","background-attachment":"scroll","background-type":"","background-media":"","overlay-type":"","overlay-color":"","overlay-opacity":"","overlay-gradient":""},"mobile":{"background-color":"","background-image":"","background-repeat":"repeat","background-position":"center center","background-size":"auto","background-attachment":"scroll","background-type":"","background-media":"","overlay-type":"","overlay-color":"","overlay-opacity":"","overlay-gradient":""}},"ast-content-background-meta":{"desktop":{"background-color":"var(--ast-global-color-5)","background-image":"","background-repeat":"repeat","background-position":"center center","background-size":"auto","background-attachment":"scroll","background-type":"","background-media":"","overlay-type":"","overlay-color":"","overlay-opacity":"","overlay-gradient":""},"tablet":{"background-color":"var(--ast-global-color-5)","background-image":"","background-repeat":"repeat","background-position":"center center","background-size":"auto","background-attachment":"scroll","background-type":"","background-media":"","overlay-type":"","overlay-color":"","overlay-opacity":"","overlay-gradient":""},"mobile":{"background-color":"var(--ast-global-color-5)","background-image":"","background-repeat":"repeat","background-position":"center center","background-size":"auto","background-attachment":"scroll","background-type":"","background-media":"","overlay-type":"","overlay-color":"","overlay-opacity":"","overlay-gradient":""}},"footnotes":""},"categories":[29],"tags":[568],"class_list":["post-5863","post","type-post","status-publish","format-standard","has-post-thumbnail","hentry","category-portada","tag-inauguracio-exposicio-fotografica-dalbert-benzekry-a-linstitut-villa-romana-de-la-garriga"],"post_mailing_queue_ids":[],"_links":{"self":[{"href":"https:\/\/serveiseducatius.xtec.cat\/vallesoriental4\/wp-json\/wp\/v2\/posts\/5863","targetHints":{"allow":["GET"]}}],"collection":[{"href":"https:\/\/serveiseducatius.xtec.cat\/vallesoriental4\/wp-json\/wp\/v2\/posts"}],"about":[{"href":"https:\/\/serveiseducatius.xtec.cat\/vallesoriental4\/wp-json\/wp\/v2\/types\/post"}],"author":[{"embeddable":true,"href":"https:\/\/serveiseducatius.xtec.cat\/vallesoriental4\/wp-json\/wp\/v2\/users\/1"}],"replies":[{"embeddable":true,"href":"https:\/\/serveiseducatius.xtec.cat\/vallesoriental4\/wp-json\/wp\/v2\/comments?post=5863"}],"version-history":[{"count":1,"href":"https:\/\/serveiseducatius.xtec.cat\/vallesoriental4\/wp-json\/wp\/v2\/posts\/5863\/revisions"}],"predecessor-version":[{"id":11463,"href":"https:\/\/serveiseducatius.xtec.cat\/vallesoriental4\/wp-json\/wp\/v2\/posts\/5863\/revisions\/11463"}],"wp:featuredmedia":[{"embeddable":true,"href":"https:\/\/serveiseducatius.xtec.cat\/vallesoriental4\/wp-json\/wp\/v2\/media\/11462"}],"wp:attachment":[{"href":"https:\/\/serveiseducatius.xtec.cat\/vallesoriental4\/wp-json\/wp\/v2\/media?parent=5863"}],"wp:term":[{"taxonomy":"category","embeddable":true,"href":"https:\/\/serveiseducatius.xtec.cat\/vallesoriental4\/wp-json\/wp\/v2\/categories?post=5863"},{"taxonomy":"post_tag","embeddable":true,"href":"https:\/\/serveiseducatius.xtec.cat\/vallesoriental4\/wp-json\/wp\/v2\/tags?post=5863"}],"curies":[{"name":"wp","href":"https:\/\/api.w.org\/{rel}","templated":true}]}}