{"id":4922,"date":"2016-01-12T16:39:08","date_gmt":"2016-01-12T16:39:08","guid":{"rendered":"https:\/\/crpvalltenes.wordpress.com\/?p=4922"},"modified":"2017-03-28T10:17:36","modified_gmt":"2017-03-28T08:17:36","slug":"cursos-de-formacio-per-a-mestres-i-bibliotecaris-escolars","status":"publish","type":"post","link":"https:\/\/serveiseducatius.xtec.cat\/vallesoriental4\/general\/cursos-de-formacio-per-a-mestres-i-bibliotecaris-escolars\/","title":{"rendered":"Cursos de formaci\u00f3 per a mestres i bibliotecaris escolars"},"content":{"rendered":"<p style=\"text-align: justify;\"><span style=\"font-size: large;\"><b><br \/>\n<a href=\"http:\/\/serveiseducatius.xtec.cat\/vallesoriental4\/wp-content\/uploads\/usu1133\/2016\/01\/Butjosa.jpg\"><img loading=\"lazy\" decoding=\"async\" class=\"alignright size-medium wp-image-11062\" src=\"http:\/\/serveiseducatius.xtec.cat\/vallesoriental4\/wp-content\/uploads\/usu1133\/2016\/01\/Butjosa-300x204.jpg\" alt=\"butjosa\" width=\"300\" height=\"204\" srcset=\"https:\/\/serveiseducatius.xtec.cat\/vallesoriental4\/wp-content\/uploads\/usu1133\/2016\/01\/Butjosa-300x204.jpg 300w, https:\/\/serveiseducatius.xtec.cat\/vallesoriental4\/wp-content\/uploads\/usu1133\/2016\/01\/Butjosa.jpg 650w\" sizes=\"auto, (max-width: 300px) 100vw, 300px\" \/><\/a>Curs de <i>Conservaci\u00f3 i restauraci\u00f3 de documents a la biblioteca<\/i><\/b><\/span><br \/>\n<b><br \/>\n<\/b><strong>Ferm\u00ed Beltran<\/strong> ens ajudar\u00e0 a evitar els erros t\u00edpics en arreglar un llibre, a con\u00e8ixer en m\u00e9s profunditat els seus components i materials i a adquirir de forma pr\u00e0ctica la t\u00e8cnica necess\u00e0ria per restaurar els nostres llibres preferits.<\/p>\n<p><strong>Durada:<\/strong> 15 h. <b>Preu<\/b>: 65 \u20ac. (20% de descompte per a fam\u00edlies de la biblioteca, mestres de Parets i voluntaris en actiu. 25% de descompte amb el carnet jove de Parets del Vall\u00e9s).<\/p>\n<p><strong>Horari:<\/strong> Dissabte de 9 a 14 h. <strong>Dates:<\/strong> 27\/02, 5\/03 i 12\/03.<\/p>\n<p><strong>Formulari, bases i inscripaci\u00f3<\/strong> <a href=\"http:\/\/bibut.parets.org\/catala\/areaform\/restau.htm\">Aqu\u00ed<\/a><\/p>\n<p><span style=\"font-size: large;\"><b>Curs <i>Treballem les emocions a trav\u00e9s dels contes<\/i><\/b><\/span><\/p>\n<p style=\"text-align: justify;\"><strong>Eva Mart\u00ednez,<\/strong> mestra, contacontes i especialista en psicologia sist\u00e8mica, ens ajudar\u00e0 a entrar en contacte amb les nostres emocions b\u00e0siques, a prendre consci\u00e8ncia dels automatismes que portem a dins i a utilitzar els contes tradicionals com a eina d&#8217;acompanyament i gesti\u00f3 emocional. Un curs \u00fanic que no et pots perdre.<\/p>\n<p style=\"text-align: justify;\"><strong>Durada:<\/strong> 20 h. <strong>Preu: <\/strong>75 \u20ac (20% de descompte per a fam\u00edlies de la biblioteca, mestres de Parets i voluntaris en actiu. 25% de descompte amb el carnet jove de Parets del Vall\u00e9s)<\/p>\n<p><strong>Horari:<\/strong> Dissabte de 9 a 14 h. <strong>Dates: <\/strong>16\/04, 30\/04, 7\/05 i 21 \/05.<\/p>\n<p><strong>Formulari bases i Inscripci\u00f3ns<\/strong> : <a href=\"http:\/\/bibut.parets.org\/catala\/areaform\/contesemocions.htm\">Aqu\u00ed<\/a><\/p>\n<p>M\u00e9s informaci\u00f3 a la <a href=\"http:\/\/bibut.parets.org\/catala\/main.htm\">WEB<\/a><\/p>\n","protected":false},"excerpt":{"rendered":"<p>Curs de Conservaci\u00f3 i restauraci\u00f3 de documents a la biblioteca<\/p>\n","protected":false},"author":1,"featured_media":11062,"comment_status":"open","ping_status":"open","sticky":false,"template":"","format":"standard","meta":{"_bbp_topic_count":0,"_bbp_reply_count":0,"_bbp_total_topic_count":0,"_bbp_total_reply_count":0,"_bbp_voice_count":0,"_bbp_anonymous_reply_count":0,"_bbp_topic_count_hidden":0,"_bbp_reply_count_hidden":0,"_bbp_forum_subforum_count":0,"site-sidebar-layout":"default","site-content-layout":"","ast-site-content-layout":"","site-content-style":"default","site-sidebar-style":"default","ast-global-header-display":"","ast-banner-title-visibility":"","ast-main-header-display":"","ast-hfb-above-header-display":"","ast-hfb-below-header-display":"","ast-hfb-mobile-header-display":"","site-post-title":"","ast-breadcrumbs-content":"","ast-featured-img":"","footer-sml-layout":"","theme-transparent-header-meta":"","adv-header-id-meta":"","stick-header-meta":"","header-above-stick-meta":"","header-main-stick-meta":"","header-below-stick-meta":"","astra-migrate-meta-layouts":"default","ast-page-background-enabled":"default","ast-page-background-meta":{"desktop":{"background-color":"var(--ast-global-color-4)","background-image":"","background-repeat":"repeat","background-position":"center center","background-size":"auto","background-attachment":"scroll","background-type":"","background-media":"","overlay-type":"","overlay-color":"","overlay-opacity":"","overlay-gradient":""},"tablet":{"background-color":"","background-image":"","background-repeat":"repeat","background-position":"center center","background-size":"auto","background-attachment":"scroll","background-type":"","background-media":"","overlay-type":"","overlay-color":"","overlay-opacity":"","overlay-gradient":""},"mobile":{"background-color":"","background-image":"","background-repeat":"repeat","background-position":"center center","background-size":"auto","background-attachment":"scroll","background-type":"","background-media":"","overlay-type":"","overlay-color":"","overlay-opacity":"","overlay-gradient":""}},"ast-content-background-meta":{"desktop":{"background-color":"var(--ast-global-color-5)","background-image":"","background-repeat":"repeat","background-position":"center center","background-size":"auto","background-attachment":"scroll","background-type":"","background-media":"","overlay-type":"","overlay-color":"","overlay-opacity":"","overlay-gradient":""},"tablet":{"background-color":"var(--ast-global-color-5)","background-image":"","background-repeat":"repeat","background-position":"center center","background-size":"auto","background-attachment":"scroll","background-type":"","background-media":"","overlay-type":"","overlay-color":"","overlay-opacity":"","overlay-gradient":""},"mobile":{"background-color":"var(--ast-global-color-5)","background-image":"","background-repeat":"repeat","background-position":"center center","background-size":"auto","background-attachment":"scroll","background-type":"","background-media":"","overlay-type":"","overlay-color":"","overlay-opacity":"","overlay-gradient":""}},"footnotes":""},"categories":[1],"tags":[398],"class_list":["post-4922","post","type-post","status-publish","format-standard","has-post-thumbnail","hentry","category-general","tag-cursos-de-formacio-per-a-mestres-i-bibliotecaris-escolars"],"post_mailing_queue_ids":[],"_links":{"self":[{"href":"https:\/\/serveiseducatius.xtec.cat\/vallesoriental4\/wp-json\/wp\/v2\/posts\/4922","targetHints":{"allow":["GET"]}}],"collection":[{"href":"https:\/\/serveiseducatius.xtec.cat\/vallesoriental4\/wp-json\/wp\/v2\/posts"}],"about":[{"href":"https:\/\/serveiseducatius.xtec.cat\/vallesoriental4\/wp-json\/wp\/v2\/types\/post"}],"author":[{"embeddable":true,"href":"https:\/\/serveiseducatius.xtec.cat\/vallesoriental4\/wp-json\/wp\/v2\/users\/1"}],"replies":[{"embeddable":true,"href":"https:\/\/serveiseducatius.xtec.cat\/vallesoriental4\/wp-json\/wp\/v2\/comments?post=4922"}],"version-history":[{"count":2,"href":"https:\/\/serveiseducatius.xtec.cat\/vallesoriental4\/wp-json\/wp\/v2\/posts\/4922\/revisions"}],"predecessor-version":[{"id":11064,"href":"https:\/\/serveiseducatius.xtec.cat\/vallesoriental4\/wp-json\/wp\/v2\/posts\/4922\/revisions\/11064"}],"wp:featuredmedia":[{"embeddable":true,"href":"https:\/\/serveiseducatius.xtec.cat\/vallesoriental4\/wp-json\/wp\/v2\/media\/11062"}],"wp:attachment":[{"href":"https:\/\/serveiseducatius.xtec.cat\/vallesoriental4\/wp-json\/wp\/v2\/media?parent=4922"}],"wp:term":[{"taxonomy":"category","embeddable":true,"href":"https:\/\/serveiseducatius.xtec.cat\/vallesoriental4\/wp-json\/wp\/v2\/categories?post=4922"},{"taxonomy":"post_tag","embeddable":true,"href":"https:\/\/serveiseducatius.xtec.cat\/vallesoriental4\/wp-json\/wp\/v2\/tags?post=4922"}],"curies":[{"name":"wp","href":"https:\/\/api.w.org\/{rel}","templated":true}]}}