{"id":4908,"date":"2016-01-12T15:58:06","date_gmt":"2016-01-12T15:58:06","guid":{"rendered":"https:\/\/crpvalltenes.wordpress.com\/?p=4908"},"modified":"2017-03-30T16:53:54","modified_gmt":"2017-03-30T14:53:54","slug":"jornada-operacions-matematiques-amb-regletes","status":"publish","type":"post","link":"https:\/\/serveiseducatius.xtec.cat\/vallesoriental4\/general\/jornada-operacions-matematiques-amb-regletes\/","title":{"rendered":"Jornada &#8211; Operacions matem\u00e0tiques amb regletes"},"content":{"rendered":"<div class=\"ast-oembed-container \" style=\"height: 100%;\"><iframe loading=\"lazy\" title=\"1.20 REGLETAS 1\u00ba - 9 sept 2014 00024 composici\u00f3n del 10\" width=\"500\" height=\"281\" src=\"https:\/\/www.youtube.com\/embed\/-Dkbtc7xhwE?feature=oembed\" frameborder=\"0\" allow=\"accelerometer; autoplay; clipboard-write; encrypted-media; gyroscope; picture-in-picture; web-share\" referrerpolicy=\"strict-origin-when-cross-origin\" allowfullscreen><\/iframe><\/div>\n<p>El <strong>16 de gener<\/strong> de 2016, a Santa Coloma de Farners es realitzar\u00e0 la <b>Jornada &#8211; Operacions matem\u00e0tiques amb regletes<\/b>, adre\u00e7ada a mestres de prim\u00e0ria.<b><\/b><\/p>\n<p style=\"text-align: left;\">Aquest jornada pret\u00e9n convidar els assistents a reflexionar sobre les pr\u00f2pies pr\u00e0ctiques d&#8217;aula, i fer-los veure la necessitat d&#8217;un canvi de metodologia en la classe de matem\u00e0tiques. L&#8217;ensenyament i aprenentatge d&#8217;<strong>Altres<\/strong><strong> Algoritmes per les Operacions Matem\u00e0tiques<\/strong> (AAOA) vol\u00a0desenvolupar la compet\u00e8ncia l\u00f2gico-matem\u00e0tica, i de manera especial el c\u00e0lcul amb nombres petits i la resoluci\u00f3 de problemes. Aquesta sessi\u00f3\u00a0estar\u00e0 centrada\u00a0\u00e8n l&#8217;\u00fas d&#8217;un material concret: els reglets.<\/p>\n<ul>\n<li><strong>Formador<\/strong>:\u00a0Antonio Ram\u00f3n Mart\u00edn Adri\u00e1n, mestre d&#8217;educaci\u00f3 prim\u00e0ria i llicenciat en ci\u00e8ncies de l&#8217;educaci\u00f3 per la Universidad de La Laguna.<\/li>\n<li><strong>Dia<\/strong>: Dissabte, 16 de gener de 2016 de 8 a 14 h.<\/li>\n<li><strong>Lloc<\/strong>: Auditori de Santa Coloma de Farners<\/li>\n<li><a href=\"https:\/\/sites.google.com\/site\/seselva1\/Home\/espai-de-dinamitzacio-1\/eltreballdelesmatematiques\/cicle-de-conferncies-de-matemtiques-2015-16\/tonymartinoperacionsmatematiquesambreglets\" target=\"_blank\">M\u00e9s informaci\u00f3 i inscripci\u00f3<\/a><\/li>\n<\/ul>\n","protected":false},"excerpt":{"rendered":"<p>El 16 de gener de 2016, a Santa Coloma de Farners es realitzar\u00e0 la Jornada &#8211; Operacions matem\u00e0tiques amb regletes, adre\u00e7ada a mestres de prim\u00e0ria<\/p>\n","protected":false},"author":1,"featured_media":11240,"comment_status":"open","ping_status":"open","sticky":false,"template":"","format":"standard","meta":{"_bbp_topic_count":0,"_bbp_reply_count":0,"_bbp_total_topic_count":0,"_bbp_total_reply_count":0,"_bbp_voice_count":0,"_bbp_anonymous_reply_count":0,"_bbp_topic_count_hidden":0,"_bbp_reply_count_hidden":0,"_bbp_forum_subforum_count":0,"site-sidebar-layout":"default","site-content-layout":"","ast-site-content-layout":"","site-content-style":"default","site-sidebar-style":"default","ast-global-header-display":"","ast-banner-title-visibility":"","ast-main-header-display":"","ast-hfb-above-header-display":"","ast-hfb-below-header-display":"","ast-hfb-mobile-header-display":"","site-post-title":"","ast-breadcrumbs-content":"","ast-featured-img":"","footer-sml-layout":"","theme-transparent-header-meta":"","adv-header-id-meta":"","stick-header-meta":"","header-above-stick-meta":"","header-main-stick-meta":"","header-below-stick-meta":"","astra-migrate-meta-layouts":"default","ast-page-background-enabled":"default","ast-page-background-meta":{"desktop":{"background-color":"var(--ast-global-color-4)","background-image":"","background-repeat":"repeat","background-position":"center center","background-size":"auto","background-attachment":"scroll","background-type":"","background-media":"","overlay-type":"","overlay-color":"","overlay-opacity":"","overlay-gradient":""},"tablet":{"background-color":"","background-image":"","background-repeat":"repeat","background-position":"center center","background-size":"auto","background-attachment":"scroll","background-type":"","background-media":"","overlay-type":"","overlay-color":"","overlay-opacity":"","overlay-gradient":""},"mobile":{"background-color":"","background-image":"","background-repeat":"repeat","background-position":"center center","background-size":"auto","background-attachment":"scroll","background-type":"","background-media":"","overlay-type":"","overlay-color":"","overlay-opacity":"","overlay-gradient":""}},"ast-content-background-meta":{"desktop":{"background-color":"var(--ast-global-color-5)","background-image":"","background-repeat":"repeat","background-position":"center center","background-size":"auto","background-attachment":"scroll","background-type":"","background-media":"","overlay-type":"","overlay-color":"","overlay-opacity":"","overlay-gradient":""},"tablet":{"background-color":"var(--ast-global-color-5)","background-image":"","background-repeat":"repeat","background-position":"center center","background-size":"auto","background-attachment":"scroll","background-type":"","background-media":"","overlay-type":"","overlay-color":"","overlay-opacity":"","overlay-gradient":""},"mobile":{"background-color":"var(--ast-global-color-5)","background-image":"","background-repeat":"repeat","background-position":"center center","background-size":"auto","background-attachment":"scroll","background-type":"","background-media":"","overlay-type":"","overlay-color":"","overlay-opacity":"","overlay-gradient":""}},"footnotes":""},"categories":[1],"tags":[460],"class_list":["post-4908","post","type-post","status-publish","format-standard","has-post-thumbnail","hentry","category-general","tag-jornada-operacions-matematiques-amb-regletes"],"post_mailing_queue_ids":[],"_links":{"self":[{"href":"https:\/\/serveiseducatius.xtec.cat\/vallesoriental4\/wp-json\/wp\/v2\/posts\/4908","targetHints":{"allow":["GET"]}}],"collection":[{"href":"https:\/\/serveiseducatius.xtec.cat\/vallesoriental4\/wp-json\/wp\/v2\/posts"}],"about":[{"href":"https:\/\/serveiseducatius.xtec.cat\/vallesoriental4\/wp-json\/wp\/v2\/types\/post"}],"author":[{"embeddable":true,"href":"https:\/\/serveiseducatius.xtec.cat\/vallesoriental4\/wp-json\/wp\/v2\/users\/1"}],"replies":[{"embeddable":true,"href":"https:\/\/serveiseducatius.xtec.cat\/vallesoriental4\/wp-json\/wp\/v2\/comments?post=4908"}],"version-history":[{"count":1,"href":"https:\/\/serveiseducatius.xtec.cat\/vallesoriental4\/wp-json\/wp\/v2\/posts\/4908\/revisions"}],"predecessor-version":[{"id":11241,"href":"https:\/\/serveiseducatius.xtec.cat\/vallesoriental4\/wp-json\/wp\/v2\/posts\/4908\/revisions\/11241"}],"wp:featuredmedia":[{"embeddable":true,"href":"https:\/\/serveiseducatius.xtec.cat\/vallesoriental4\/wp-json\/wp\/v2\/media\/11240"}],"wp:attachment":[{"href":"https:\/\/serveiseducatius.xtec.cat\/vallesoriental4\/wp-json\/wp\/v2\/media?parent=4908"}],"wp:term":[{"taxonomy":"category","embeddable":true,"href":"https:\/\/serveiseducatius.xtec.cat\/vallesoriental4\/wp-json\/wp\/v2\/categories?post=4908"},{"taxonomy":"post_tag","embeddable":true,"href":"https:\/\/serveiseducatius.xtec.cat\/vallesoriental4\/wp-json\/wp\/v2\/tags?post=4908"}],"curies":[{"name":"wp","href":"https:\/\/api.w.org\/{rel}","templated":true}]}}