{"id":4813,"date":"2016-01-12T15:38:39","date_gmt":"2016-01-12T14:38:39","guid":{"rendered":"https:\/\/crpvalltenes.wordpress.com\/?p=4813"},"modified":"2017-03-28T10:52:53","modified_gmt":"2017-03-28T08:52:53","slug":"conferencia-albums-il%c2%b7lustrats-els-il%c2%b7lustrats-una-descoberta-diverses-veus","status":"publish","type":"post","link":"https:\/\/serveiseducatius.xtec.cat\/vallesoriental4\/general\/conferencia-albums-il%c2%b7lustrats-els-il%c2%b7lustrats-una-descoberta-diverses-veus\/","title":{"rendered":"Confer\u00e8ncia \u00e0lbums il\u00b7lustrats: &#8220;Els il\u00b7lustrats: una descoberta, diverses veus&#8221;"},"content":{"rendered":"<p style=\"text-align: justify;\"><a href=\"http:\/\/serveiseducatius.xtec.cat\/vallesoriental4\/wp-content\/uploads\/usu1133\/2016\/01\/\u00c0lbums.png\"><img loading=\"lazy\" decoding=\"async\" class=\"size-medium wp-image-10975 alignright\" src=\"http:\/\/serveiseducatius.xtec.cat\/vallesoriental4\/wp-content\/uploads\/usu1133\/2016\/01\/\u00c0lbums-300x162.png\" alt=\"\u00c0lbums\" width=\"300\" height=\"162\" srcset=\"https:\/\/serveiseducatius.xtec.cat\/vallesoriental4\/wp-content\/uploads\/usu1133\/2016\/01\/\u00c0lbums-300x162.png 300w, https:\/\/serveiseducatius.xtec.cat\/vallesoriental4\/wp-content\/uploads\/usu1133\/2016\/01\/\u00c0lbums.png 520w\" sizes=\"auto, (max-width: 300px) 100vw, 300px\" \/><\/a>El dilluns <strong>25 de gener<\/strong> de 2016\u00a0 tindr\u00e0 lloc, a la biblioteca Antoni Comas de Matar\u00f3, la Confer\u00e8ncia: &#8220;Els il\u00b7lustrats: una descoberta, diverses veus&#8221; a c\u00e0rrec de\u00a0 M\u00f2nica Badia.<\/p>\n<blockquote>\n<p style=\"text-align: justify;\">&#8221; Obrir un \u00e0lbum il\u00b7lustrat \u00e9s com desembolicar un regal: no se sap ben b\u00e9 qu\u00e8 hi haur\u00e0 a\u00a0<span style=\"line-height: 1;\">dins fins que s\u2019ha obert.\u00a0<\/span>La forma de l\u2019\u00e0lbum, la mida, les il\u00b7lustracions, la textura de les p\u00e0gines&#8230; tot en ells\u00a0xiuxiueja detalls sobre el seu contingut.\u00a0El fet que els \u00e0lbums combinin el codi visual i el ling\u00fc\u00edstic el fan un objecte de lectura ideal\u00a0que s\u2019adapta a les necessitats dels lectors: la imatge ajuda a entendre el text, a fer hip\u00f2tesis,\u00a0a refusar-les&#8230; a anar m\u00e9s enll\u00e0 del text escrit. Tenen formats atractius que conviden a llegirlos i a gaudir-ne.\u00a0En el moment que obrim un \u00e0lbum, se\u2019ns ofereixen moltes possibilitats&#8230;&#8221;<\/p>\n<\/blockquote>\n<p style=\"text-align: justify;\"><strong>Data:<\/strong>\u00a0 25-1-2016<br \/>\n<strong>Horari:<\/strong> 17 a 19 h.<br \/>\n<strong style=\"line-height: 1;\">Destinataris:<\/strong><span style=\"line-height: 1;\"> infantil, prim\u00e0ria i secund\u00e0ria<br \/>\n<\/span><strong>Inscripcions:\u00a0<\/strong><a href=\"https:\/\/aplicacions.gestioeducativa.gencat.cat\/pls\/soloas\/pk_for_mod_ins.p_for_pre_cons_activitats?p_totes=S&amp;p_codi=A00067050A\">Aqu\u00ed<\/a><\/p>\n<div><\/div>\n","protected":false},"excerpt":{"rendered":"<p>El dilluns 25 de gener de 2016  tindr\u00e0 lloc, a la biblioteca Antoni Comas de Matar\u00f3, la Confer\u00e8ncia: &#8220;Els il\u00b7lustrats: una descoberta, diverses veus&#8221;<\/p>\n","protected":false},"author":1,"featured_media":10975,"comment_status":"open","ping_status":"open","sticky":false,"template":"","format":"standard","meta":{"_bbp_topic_count":0,"_bbp_reply_count":0,"_bbp_total_topic_count":0,"_bbp_total_reply_count":0,"_bbp_voice_count":0,"_bbp_anonymous_reply_count":0,"_bbp_topic_count_hidden":0,"_bbp_reply_count_hidden":0,"_bbp_forum_subforum_count":0,"site-sidebar-layout":"default","site-content-layout":"","ast-site-content-layout":"","site-content-style":"default","site-sidebar-style":"default","ast-global-header-display":"","ast-banner-title-visibility":"","ast-main-header-display":"","ast-hfb-above-header-display":"","ast-hfb-below-header-display":"","ast-hfb-mobile-header-display":"","site-post-title":"","ast-breadcrumbs-content":"","ast-featured-img":"","footer-sml-layout":"","theme-transparent-header-meta":"","adv-header-id-meta":"","stick-header-meta":"","header-above-stick-meta":"","header-main-stick-meta":"","header-below-stick-meta":"","astra-migrate-meta-layouts":"default","ast-page-background-enabled":"default","ast-page-background-meta":{"desktop":{"background-color":"var(--ast-global-color-4)","background-image":"","background-repeat":"repeat","background-position":"center center","background-size":"auto","background-attachment":"scroll","background-type":"","background-media":"","overlay-type":"","overlay-color":"","overlay-opacity":"","overlay-gradient":""},"tablet":{"background-color":"","background-image":"","background-repeat":"repeat","background-position":"center center","background-size":"auto","background-attachment":"scroll","background-type":"","background-media":"","overlay-type":"","overlay-color":"","overlay-opacity":"","overlay-gradient":""},"mobile":{"background-color":"","background-image":"","background-repeat":"repeat","background-position":"center center","background-size":"auto","background-attachment":"scroll","background-type":"","background-media":"","overlay-type":"","overlay-color":"","overlay-opacity":"","overlay-gradient":""}},"ast-content-background-meta":{"desktop":{"background-color":"var(--ast-global-color-5)","background-image":"","background-repeat":"repeat","background-position":"center center","background-size":"auto","background-attachment":"scroll","background-type":"","background-media":"","overlay-type":"","overlay-color":"","overlay-opacity":"","overlay-gradient":""},"tablet":{"background-color":"var(--ast-global-color-5)","background-image":"","background-repeat":"repeat","background-position":"center center","background-size":"auto","background-attachment":"scroll","background-type":"","background-media":"","overlay-type":"","overlay-color":"","overlay-opacity":"","overlay-gradient":""},"mobile":{"background-color":"var(--ast-global-color-5)","background-image":"","background-repeat":"repeat","background-position":"center center","background-size":"auto","background-attachment":"scroll","background-type":"","background-media":"","overlay-type":"","overlay-color":"","overlay-opacity":"","overlay-gradient":""}},"footnotes":""},"categories":[1],"tags":[361,362],"class_list":["post-4813","post","type-post","status-publish","format-standard","has-post-thumbnail","hentry","category-general","tag-conferencia-albums-illustrats-els-illustrats-una-descoberta","tag-diverses-veus"],"post_mailing_queue_ids":[],"_links":{"self":[{"href":"https:\/\/serveiseducatius.xtec.cat\/vallesoriental4\/wp-json\/wp\/v2\/posts\/4813","targetHints":{"allow":["GET"]}}],"collection":[{"href":"https:\/\/serveiseducatius.xtec.cat\/vallesoriental4\/wp-json\/wp\/v2\/posts"}],"about":[{"href":"https:\/\/serveiseducatius.xtec.cat\/vallesoriental4\/wp-json\/wp\/v2\/types\/post"}],"author":[{"embeddable":true,"href":"https:\/\/serveiseducatius.xtec.cat\/vallesoriental4\/wp-json\/wp\/v2\/users\/1"}],"replies":[{"embeddable":true,"href":"https:\/\/serveiseducatius.xtec.cat\/vallesoriental4\/wp-json\/wp\/v2\/comments?post=4813"}],"version-history":[{"count":2,"href":"https:\/\/serveiseducatius.xtec.cat\/vallesoriental4\/wp-json\/wp\/v2\/posts\/4813\/revisions"}],"predecessor-version":[{"id":10986,"href":"https:\/\/serveiseducatius.xtec.cat\/vallesoriental4\/wp-json\/wp\/v2\/posts\/4813\/revisions\/10986"}],"wp:featuredmedia":[{"embeddable":true,"href":"https:\/\/serveiseducatius.xtec.cat\/vallesoriental4\/wp-json\/wp\/v2\/media\/10975"}],"wp:attachment":[{"href":"https:\/\/serveiseducatius.xtec.cat\/vallesoriental4\/wp-json\/wp\/v2\/media?parent=4813"}],"wp:term":[{"taxonomy":"category","embeddable":true,"href":"https:\/\/serveiseducatius.xtec.cat\/vallesoriental4\/wp-json\/wp\/v2\/categories?post=4813"},{"taxonomy":"post_tag","embeddable":true,"href":"https:\/\/serveiseducatius.xtec.cat\/vallesoriental4\/wp-json\/wp\/v2\/tags?post=4813"}],"curies":[{"name":"wp","href":"https:\/\/api.w.org\/{rel}","templated":true}]}}