{"id":3392,"date":"2015-10-27T15:42:09","date_gmt":"2015-10-27T15:42:09","guid":{"rendered":"https:\/\/crpvalltenes.wordpress.com\/?p=3392"},"modified":"2017-03-27T12:48:50","modified_gmt":"2017-03-27T10:48:50","slug":"conferencia-del-dia-de-la-ciencia-al-teatre-el-patronat-de-la-garriga-el-18-de-novembre","status":"publish","type":"post","link":"https:\/\/serveiseducatius.xtec.cat\/vallesoriental4\/general\/conferencia-del-dia-de-la-ciencia-al-teatre-el-patronat-de-la-garriga-el-18-de-novembre\/","title":{"rendered":"Confer\u00e8ncia del Dia de la Ci\u00e8ncia al Teatre El Patronat de la Garriga  el  18 de novembre"},"content":{"rendered":"<p style=\"text-align: justify;\"><a href=\"http:\/\/serveiseducatius.xtec.cat\/vallesoriental4\/wp-content\/uploads\/usu1133\/2015\/11\/Setmana-de-la-ci\u00e8ncia.jpg\"><img loading=\"lazy\" decoding=\"async\" class=\"size-medium wp-image-10982 alignright\" src=\"http:\/\/serveiseducatius.xtec.cat\/vallesoriental4\/wp-content\/uploads\/usu1133\/2015\/11\/Setmana-de-la-ci\u00e8ncia-300x184.jpg\" alt=\"Setmana de la ci\u00e8ncia\" width=\"300\" height=\"184\" srcset=\"https:\/\/serveiseducatius.xtec.cat\/vallesoriental4\/wp-content\/uploads\/usu1133\/2015\/11\/Setmana-de-la-ci\u00e8ncia-300x184.jpg 300w, https:\/\/serveiseducatius.xtec.cat\/vallesoriental4\/wp-content\/uploads\/usu1133\/2015\/11\/Setmana-de-la-ci\u00e8ncia.jpg 423w\" sizes=\"auto, (max-width: 300px) 100vw, 300px\" \/><\/a>Del 13 al 22 de novembre es celebra a Catalunya la 20\u00aa Setmana de la Ci\u00e8ncia. Durant aquesta setmana es celebraran tot un munt d\u2019activitats de divulgaci\u00f3 cient\u00edfica arreu del nostre territori: jornades de portes obertes, exposicions, xerrades, jocs, tallers cient\u00edfics\u2026<\/p>\n<p style=\"text-align: justify;\">Des del Centre de Recursos Pedag\u00f2gics del Vall\u00e8s Oriental IV organitzem, des de fa ja 8 anys, una confer\u00e8ncia al Teatre El Patronat de La Garriga, en el marc de la Setmana de la Ci\u00e8ncia. La xerrada va dirigida als alumnes de 3r i 4t d\u2019ESO dels tres instituts de la poblaci\u00f3: Ins. Vil\u00b7la Romana, Ins. Manuel Blancafort, i l\u2019Escola Sant Llu\u00eds.<\/p>\n<p style=\"text-align: justify;\">Aquest any tindrem el plaer d\u2019escoltar la pon\u00e8ncia de l\u2019investigador Dr. Jos\u00e9 Ignaci\u00f3 Latorre Sent\u00eds, professor de F\u00edsica Te\u00f2rica del Departament d&#8217;Estructura i Constituents de la Mat\u00e8ria de la Universitat de Barcelona, director del <em>Centro de Ciencias de Benasque Pedro Pascual,<\/em> i professor visitant del <em>Center for Quantum Technologies, National University of Singapore<\/em>.<\/p>\n<p style=\"text-align: left;\">La xerrada tindr\u00e0 lloc el dimecres 18 de novembre de 9:30 a 11:30, i el professor ens parlar\u00e0 de forma senzilla, per\u00f2 rigorosa, d\u2019un tema de gran actualitat cient\u00edfica: la computaci\u00f3 qu\u00e0ntica. Esperem que la xerrada agradi els alumnes i professorat de La Garriga, i que aconseguim despertar curiositats i vocacions cient\u00edfiques.<\/p>\n","protected":false},"excerpt":{"rendered":"<p>Del 13 al 22 de novembre es celebra a Catalunya la 20\u00aa Setmana de la Ci\u00e8ncia.<\/p>\n","protected":false},"author":1,"featured_media":10982,"comment_status":"open","ping_status":"open","sticky":false,"template":"","format":"standard","meta":{"_bbp_topic_count":0,"_bbp_reply_count":0,"_bbp_total_topic_count":0,"_bbp_total_reply_count":0,"_bbp_voice_count":0,"_bbp_anonymous_reply_count":0,"_bbp_topic_count_hidden":0,"_bbp_reply_count_hidden":0,"_bbp_forum_subforum_count":0,"site-sidebar-layout":"default","site-content-layout":"","ast-site-content-layout":"","site-content-style":"default","site-sidebar-style":"default","ast-global-header-display":"","ast-banner-title-visibility":"","ast-main-header-display":"","ast-hfb-above-header-display":"","ast-hfb-below-header-display":"","ast-hfb-mobile-header-display":"","site-post-title":"","ast-breadcrumbs-content":"","ast-featured-img":"","footer-sml-layout":"","theme-transparent-header-meta":"","adv-header-id-meta":"","stick-header-meta":"","header-above-stick-meta":"","header-main-stick-meta":"","header-below-stick-meta":"","astra-migrate-meta-layouts":"default","ast-page-background-enabled":"default","ast-page-background-meta":{"desktop":{"background-color":"var(--ast-global-color-4)","background-image":"","background-repeat":"repeat","background-position":"center center","background-size":"auto","background-attachment":"scroll","background-type":"","background-media":"","overlay-type":"","overlay-color":"","overlay-opacity":"","overlay-gradient":""},"tablet":{"background-color":"","background-image":"","background-repeat":"repeat","background-position":"center center","background-size":"auto","background-attachment":"scroll","background-type":"","background-media":"","overlay-type":"","overlay-color":"","overlay-opacity":"","overlay-gradient":""},"mobile":{"background-color":"","background-image":"","background-repeat":"repeat","background-position":"center center","background-size":"auto","background-attachment":"scroll","background-type":"","background-media":"","overlay-type":"","overlay-color":"","overlay-opacity":"","overlay-gradient":""}},"ast-content-background-meta":{"desktop":{"background-color":"var(--ast-global-color-5)","background-image":"","background-repeat":"repeat","background-position":"center center","background-size":"auto","background-attachment":"scroll","background-type":"","background-media":"","overlay-type":"","overlay-color":"","overlay-opacity":"","overlay-gradient":""},"tablet":{"background-color":"var(--ast-global-color-5)","background-image":"","background-repeat":"repeat","background-position":"center center","background-size":"auto","background-attachment":"scroll","background-type":"","background-media":"","overlay-type":"","overlay-color":"","overlay-opacity":"","overlay-gradient":""},"mobile":{"background-color":"var(--ast-global-color-5)","background-image":"","background-repeat":"repeat","background-position":"center center","background-size":"auto","background-attachment":"scroll","background-type":"","background-media":"","overlay-type":"","overlay-color":"","overlay-opacity":"","overlay-gradient":""}},"footnotes":""},"categories":[1],"tags":[367],"class_list":["post-3392","post","type-post","status-publish","format-standard","has-post-thumbnail","hentry","category-general","tag-conferencia-del-dia-de-la-ciencia-al-teatre-el-patronat-de-la-garriga-el-18-de-novembre"],"post_mailing_queue_ids":[],"_links":{"self":[{"href":"https:\/\/serveiseducatius.xtec.cat\/vallesoriental4\/wp-json\/wp\/v2\/posts\/3392","targetHints":{"allow":["GET"]}}],"collection":[{"href":"https:\/\/serveiseducatius.xtec.cat\/vallesoriental4\/wp-json\/wp\/v2\/posts"}],"about":[{"href":"https:\/\/serveiseducatius.xtec.cat\/vallesoriental4\/wp-json\/wp\/v2\/types\/post"}],"author":[{"embeddable":true,"href":"https:\/\/serveiseducatius.xtec.cat\/vallesoriental4\/wp-json\/wp\/v2\/users\/1"}],"replies":[{"embeddable":true,"href":"https:\/\/serveiseducatius.xtec.cat\/vallesoriental4\/wp-json\/wp\/v2\/comments?post=3392"}],"version-history":[{"count":1,"href":"https:\/\/serveiseducatius.xtec.cat\/vallesoriental4\/wp-json\/wp\/v2\/posts\/3392\/revisions"}],"predecessor-version":[{"id":10985,"href":"https:\/\/serveiseducatius.xtec.cat\/vallesoriental4\/wp-json\/wp\/v2\/posts\/3392\/revisions\/10985"}],"wp:featuredmedia":[{"embeddable":true,"href":"https:\/\/serveiseducatius.xtec.cat\/vallesoriental4\/wp-json\/wp\/v2\/media\/10982"}],"wp:attachment":[{"href":"https:\/\/serveiseducatius.xtec.cat\/vallesoriental4\/wp-json\/wp\/v2\/media?parent=3392"}],"wp:term":[{"taxonomy":"category","embeddable":true,"href":"https:\/\/serveiseducatius.xtec.cat\/vallesoriental4\/wp-json\/wp\/v2\/categories?post=3392"},{"taxonomy":"post_tag","embeddable":true,"href":"https:\/\/serveiseducatius.xtec.cat\/vallesoriental4\/wp-json\/wp\/v2\/tags?post=3392"}],"curies":[{"name":"wp","href":"https:\/\/api.w.org\/{rel}","templated":true}]}}