{"id":3341,"date":"2015-10-20T13:47:28","date_gmt":"2015-10-20T13:47:28","guid":{"rendered":"https:\/\/crpvalltenes.wordpress.com\/?p=3341"},"modified":"2017-03-31T13:12:00","modified_gmt":"2017-03-31T11:12:00","slug":"trobada-pedagogica-dintercanvi-escola-alimentacio-territori","status":"publish","type":"post","link":"https:\/\/serveiseducatius.xtec.cat\/vallesoriental4\/general\/trobada-pedagogica-dintercanvi-escola-alimentacio-territori\/","title":{"rendered":"Trobada Pedag\u00f2gica d&#8217;intercanvi: Escola-Alimentaci\u00f3-Territori"},"content":{"rendered":"<p style=\"text-align: justify;\"><a href=\"http:\/\/serveiseducatius.xtec.cat\/vallesoriental4\/wp-content\/uploads\/usu1133\/2016\/03\/Escoles-verdes.jpg\"><img loading=\"lazy\" decoding=\"async\" class=\"size-medium wp-image-11287 alignleft\" src=\"http:\/\/serveiseducatius.xtec.cat\/vallesoriental4\/wp-content\/uploads\/usu1133\/2016\/03\/Escoles-verdes-300x158.jpg\" alt=\"Escoles verdes\" width=\"300\" height=\"158\" srcset=\"https:\/\/serveiseducatius.xtec.cat\/vallesoriental4\/wp-content\/uploads\/usu1133\/2016\/03\/Escoles-verdes-300x158.jpg 300w, https:\/\/serveiseducatius.xtec.cat\/vallesoriental4\/wp-content\/uploads\/usu1133\/2016\/03\/Escoles-verdes.jpg 634w\" sizes=\"auto, (max-width: 300px) 100vw, 300px\" \/><\/a>Els Serveis Territorials Maresme- Vall\u00e8s Oriental organitzen el\u00a0 proper <strong>3 de novembre<\/strong> una trobada\u00a0 pedag\u00f2gica d&#8217;intercanvi: <strong>Escola &#8211; Alimentaci\u00f3 &#8211; Territori ,\u00a0 <\/strong>dirigida\u00a0 a l&#8217;educaci\u00f3 infantil, prim\u00e0ria i secund\u00e0ria a Llinars del Vall\u00e8s.<\/p>\n<p style=\"text-align: justify;\">\n<p style=\"text-align: justify;\">\n<table>\n<tbody>\n<tr>\n<td><strong>Requisits de certificaci\u00f3\u00a0\u00a0<\/strong><\/td>\n<td>&#8211; Assist\u00e8ncia a un m\u00ednim del 80% de les hores presencials.<\/td>\n<\/tr>\n<tr>\n<td><strong>Descripci\u00f3\u00a0\u00a0<\/strong><\/td>\n<td style=\"text-align: justify;\">Aquesta trobada pedag\u00f2gica respon a la demanda expressada per diversos centres de la xarxa d&#8217;Escoles Verdes durant el curs 2014-2015, i recollida en alguns dels seminaris territorials, sobre la necessitat de debatre i compartir al voltant del tema: l&#8217;alimentaci\u00f3 sostenible i saludable i la seva relaci\u00f3 amb el propi entorn.<\/td>\n<\/tr>\n<tr>\n<td><strong>Objectius\u00a0\u00a0<\/strong><\/td>\n<td>&#8211; Mantenir les relacions entre les Escoles Verdes del territori.<br \/>\n&#8211; Intercanviar experi\u00e8ncies entre els centres.<br \/>\n&#8211; Reflexionar conjuntament sobre la tem\u00e0tica de la trobada: import\u00e0ncia, reptes i oportunitats.<br \/>\n&#8211; Establir continguts prioritaris i estrat\u00e8gies d&#8217;implementaci\u00f3.<br \/>\n&#8211; Con\u00e8ixer recursos, projectes i iniciatives que facilitin a les escoles la incorporaci\u00f3 al curr\u00edculum de l&#8217;agricultura i l&#8217;arrelament al territori.<\/td>\n<\/tr>\n<tr>\n<td><strong>Continguts\u00a0\u00a0<\/strong><\/td>\n<td>&#8211; L&#8217;hort escolar, una oportunitat d&#8217;arrelament a la terra i al territori.<br \/>\n&#8211; Import\u00e0ncia d&#8217;una alimentaci\u00f3 saludable i sostenible a les escoles.<br \/>\n&#8211; Concepte de sobirania aliment\u00e0ria: com treballar-lo a l&#8217;escola.<br \/>\n&#8211; Xarxa de recursos disponibles.<br \/>\n&#8211; Petjada ecol\u00f2gica i temporalitat de la producci\u00f3.<br \/>\n&#8211; Establiment de relacions entre l&#8217;escola, l&#8217;alimentaci\u00f3 i el territori.<br \/>\n&#8211; Continguts prioritzats.<br \/>\n&#8211; Dificultats, oportunitats i experi\u00e8ncies reeixides.<\/td>\n<\/tr>\n<\/tbody>\n<\/table>\n<p style=\"text-align: left;\">Inscripcions del 8\/10\/2015 al 3\/11\/2015\u00a0 en aquest\u00a0 <a href=\"https:\/\/aplicacions.gestioeducativa.gencat.cat\/pls\/soloas\/pk_for_mod_ins.p_for_pre_cons_activitats?p_totes=S&amp;p_codi=A00065050A\">Enlla\u00e7<\/a>,\u00a0<a href=\"https:\/\/www.google.es\/maps\/place\/Teatre+Auditori+de+Llinars+del+Vall%C3%A8s\/@41.645778,2.4050183,17z\/data=!3m1!4b1!4m2!3m1!1s0x12a4cb91e08617f7:0xba575c9430da9d18?hl=ca\">Mapa<\/a><\/p>\n","protected":false},"excerpt":{"rendered":"<p>Els Serveis Territorials Maresme- Vall\u00e8s Oriental organitzen el  proper 3 de novembre una trobada  pedag\u00f2gica d&#8217;intercanvi<\/p>\n","protected":false},"author":1,"featured_media":10907,"comment_status":"open","ping_status":"open","sticky":false,"template":"","format":"standard","meta":{"_bbp_topic_count":0,"_bbp_reply_count":0,"_bbp_total_topic_count":0,"_bbp_total_reply_count":0,"_bbp_voice_count":0,"_bbp_anonymous_reply_count":0,"_bbp_topic_count_hidden":0,"_bbp_reply_count_hidden":0,"_bbp_forum_subforum_count":0,"site-sidebar-layout":"default","site-content-layout":"","ast-site-content-layout":"","site-content-style":"default","site-sidebar-style":"default","ast-global-header-display":"","ast-banner-title-visibility":"","ast-main-header-display":"","ast-hfb-above-header-display":"","ast-hfb-below-header-display":"","ast-hfb-mobile-header-display":"","site-post-title":"","ast-breadcrumbs-content":"","ast-featured-img":"","footer-sml-layout":"","theme-transparent-header-meta":"","adv-header-id-meta":"","stick-header-meta":"","header-above-stick-meta":"","header-main-stick-meta":"","header-below-stick-meta":"","astra-migrate-meta-layouts":"default","ast-page-background-enabled":"default","ast-page-background-meta":{"desktop":{"background-color":"var(--ast-global-color-4)","background-image":"","background-repeat":"repeat","background-position":"center center","background-size":"auto","background-attachment":"scroll","background-type":"","background-media":"","overlay-type":"","overlay-color":"","overlay-opacity":"","overlay-gradient":""},"tablet":{"background-color":"","background-image":"","background-repeat":"repeat","background-position":"center center","background-size":"auto","background-attachment":"scroll","background-type":"","background-media":"","overlay-type":"","overlay-color":"","overlay-opacity":"","overlay-gradient":""},"mobile":{"background-color":"","background-image":"","background-repeat":"repeat","background-position":"center center","background-size":"auto","background-attachment":"scroll","background-type":"","background-media":"","overlay-type":"","overlay-color":"","overlay-opacity":"","overlay-gradient":""}},"ast-content-background-meta":{"desktop":{"background-color":"var(--ast-global-color-5)","background-image":"","background-repeat":"repeat","background-position":"center center","background-size":"auto","background-attachment":"scroll","background-type":"","background-media":"","overlay-type":"","overlay-color":"","overlay-opacity":"","overlay-gradient":""},"tablet":{"background-color":"var(--ast-global-color-5)","background-image":"","background-repeat":"repeat","background-position":"center center","background-size":"auto","background-attachment":"scroll","background-type":"","background-media":"","overlay-type":"","overlay-color":"","overlay-opacity":"","overlay-gradient":""},"mobile":{"background-color":"var(--ast-global-color-5)","background-image":"","background-repeat":"repeat","background-position":"center center","background-size":"auto","background-attachment":"scroll","background-type":"","background-media":"","overlay-type":"","overlay-color":"","overlay-opacity":"","overlay-gradient":""}},"footnotes":""},"categories":[1],"tags":[347],"class_list":["post-3341","post","type-post","status-publish","format-standard","has-post-thumbnail","hentry","category-general","tag-trobada-pedagogica-dintercanvi-escola-alimentacio-territori"],"post_mailing_queue_ids":[],"_links":{"self":[{"href":"https:\/\/serveiseducatius.xtec.cat\/vallesoriental4\/wp-json\/wp\/v2\/posts\/3341","targetHints":{"allow":["GET"]}}],"collection":[{"href":"https:\/\/serveiseducatius.xtec.cat\/vallesoriental4\/wp-json\/wp\/v2\/posts"}],"about":[{"href":"https:\/\/serveiseducatius.xtec.cat\/vallesoriental4\/wp-json\/wp\/v2\/types\/post"}],"author":[{"embeddable":true,"href":"https:\/\/serveiseducatius.xtec.cat\/vallesoriental4\/wp-json\/wp\/v2\/users\/1"}],"replies":[{"embeddable":true,"href":"https:\/\/serveiseducatius.xtec.cat\/vallesoriental4\/wp-json\/wp\/v2\/comments?post=3341"}],"version-history":[{"count":3,"href":"https:\/\/serveiseducatius.xtec.cat\/vallesoriental4\/wp-json\/wp\/v2\/posts\/3341\/revisions"}],"predecessor-version":[{"id":11290,"href":"https:\/\/serveiseducatius.xtec.cat\/vallesoriental4\/wp-json\/wp\/v2\/posts\/3341\/revisions\/11290"}],"wp:featuredmedia":[{"embeddable":true,"href":"https:\/\/serveiseducatius.xtec.cat\/vallesoriental4\/wp-json\/wp\/v2\/media\/10907"}],"wp:attachment":[{"href":"https:\/\/serveiseducatius.xtec.cat\/vallesoriental4\/wp-json\/wp\/v2\/media?parent=3341"}],"wp:term":[{"taxonomy":"category","embeddable":true,"href":"https:\/\/serveiseducatius.xtec.cat\/vallesoriental4\/wp-json\/wp\/v2\/categories?post=3341"},{"taxonomy":"post_tag","embeddable":true,"href":"https:\/\/serveiseducatius.xtec.cat\/vallesoriental4\/wp-json\/wp\/v2\/tags?post=3341"}],"curies":[{"name":"wp","href":"https:\/\/api.w.org\/{rel}","templated":true}]}}