{"id":3194,"date":"2015-09-09T12:49:00","date_gmt":"2015-09-09T12:49:00","guid":{"rendered":"https:\/\/crpvalltenes.wordpress.com\/?p=3194"},"modified":"2015-09-09T12:49:00","modified_gmt":"2015-09-09T12:49:00","slug":"xerrada-amb-eljuan-jose-mendez-i-els-imparables-c-ampio-del-mon-i-despanya-en-ciclisme-paralimpic","status":"publish","type":"post","link":"https:\/\/serveiseducatius.xtec.cat\/vallesoriental4\/general\/xerrada-amb-eljuan-jose-mendez-i-els-imparables-c-ampio-del-mon-i-despanya-en-ciclisme-paralimpic\/","title":{"rendered":"XERRADA AMB ELJUAN JOS\u00c9 MENDEZ I ELS \u201cIMPARABLES\u201d CAMPI\u00d3 DEL M\u00d3N i D\u2019ESPANYA  EN CICLISME PARAL\u00cdMPIC"},"content":{"rendered":"<p style=\"text-align:justify;\">Des de l&#8217;associaci\u00f3 esportiva <strong>Genesis Cicling Team<\/strong> (club ciclista)\u00a0 ens ofereixen unes xerrades gratu\u00eftes amb <strong>JUAN JOS\u00c9 MENDEZ, Campi\u00f3 del M\u00f3n i d&#8217;Espanya en Ciclisme Paral\u00edmpic\u00a0 I ELS \u201cIMPARABLES\u201d, <\/strong>a les escoles que\u00a0tenen com a objectiu principal transmetre uns valors de vida amb el seu\u00a0 exemple de superaci\u00f3.<\/p>\n<p style=\"text-align:justify;\"><a href=\"https:\/\/crpvalltenes.files.wordpress.com\/2015\/09\/juanjosemendez2012.jpg\"><img loading=\"lazy\" decoding=\"async\" class=\"size-medium wp-image-3216 aligncenter\" src=\"https:\/\/crpvalltenes.files.wordpress.com\/2015\/09\/juanjosemendez2012.jpg?w=300\" alt=\"Juan+Jose+Mendez+2012+\" width=\"300\" height=\"200\" \/><\/a><\/p>\n<p><a href=\"https:\/\/youtu.be\/7E4PnwDUwHQ\" target=\"_blank\"><a href=\"http:\/\/https:\/\/youtu.be\/7E4PnwDUwHQ\">http:\/\/https:\/\/youtu.be\/7E4PnwDUwHQ<\/a><\/a><\/p>\n<p>Les millors edats serien, des de \u00a0quart i cinqu\u00e8 de prim\u00e0ria fins a Batxillerat incl\u00f2s.<\/p>\n<p>M\u00e9s informaci\u00f3 <a href=\"https:\/\/crpvalltenes.files.wordpress.com\/2015\/09\/trc3adptic-escola-4-1.docx\">Tr\u00edptic,\u00a0 <\/a> <a href=\"https:\/\/crpvalltenes.files.wordpress.com\/2015\/09\/xerrada-escoles1-4.docx\">Xerrada Escoles<\/a>\u00a0 \u00a0<a href=\"http:\/\/www.genesiscyclingteam.com\/\" target=\"_blank\" rel=\"nofollow nofollow\">Web<\/a><\/p>\n","protected":false},"excerpt":{"rendered":"<p>Des de l&#8217;associaci\u00f3 esportiva Genesis Cicling Team (club ciclista)\u00a0 ens ofereixen unes xerrades gratu\u00eftes amb JUAN JOS\u00c9 MENDEZ, Campi\u00f3 del M\u00f3n i d&#8217;Espanya en Ciclisme Paral\u00edmpic\u00a0 I ELS \u201cIMPARABLES\u201d, a les escoles que\u00a0tenen com a objectiu principal transmetre uns valors de vida amb el seu\u00a0 exemple de superaci\u00f3. Les millors edats serien, des de \u00a0quart [&hellip;]<\/p>\n","protected":false},"author":1,"featured_media":0,"comment_status":"open","ping_status":"open","sticky":false,"template":"","format":"standard","meta":{"_bbp_topic_count":0,"_bbp_reply_count":0,"_bbp_total_topic_count":0,"_bbp_total_reply_count":0,"_bbp_voice_count":0,"_bbp_anonymous_reply_count":0,"_bbp_topic_count_hidden":0,"_bbp_reply_count_hidden":0,"_bbp_forum_subforum_count":0,"site-sidebar-layout":"default","site-content-layout":"","ast-site-content-layout":"","site-content-style":"default","site-sidebar-style":"default","ast-global-header-display":"","ast-banner-title-visibility":"","ast-main-header-display":"","ast-hfb-above-header-display":"","ast-hfb-below-header-display":"","ast-hfb-mobile-header-display":"","site-post-title":"","ast-breadcrumbs-content":"","ast-featured-img":"","footer-sml-layout":"","theme-transparent-header-meta":"","adv-header-id-meta":"","stick-header-meta":"","header-above-stick-meta":"","header-main-stick-meta":"","header-below-stick-meta":"","astra-migrate-meta-layouts":"default","ast-page-background-enabled":"default","ast-page-background-meta":{"desktop":{"background-color":"var(--ast-global-color-4)","background-image":"","background-repeat":"repeat","background-position":"center center","background-size":"auto","background-attachment":"scroll","background-type":"","background-media":"","overlay-type":"","overlay-color":"","overlay-opacity":"","overlay-gradient":""},"tablet":{"background-color":"","background-image":"","background-repeat":"repeat","background-position":"center center","background-size":"auto","background-attachment":"scroll","background-type":"","background-media":"","overlay-type":"","overlay-color":"","overlay-opacity":"","overlay-gradient":""},"mobile":{"background-color":"","background-image":"","background-repeat":"repeat","background-position":"center center","background-size":"auto","background-attachment":"scroll","background-type":"","background-media":"","overlay-type":"","overlay-color":"","overlay-opacity":"","overlay-gradient":""}},"ast-content-background-meta":{"desktop":{"background-color":"var(--ast-global-color-5)","background-image":"","background-repeat":"repeat","background-position":"center center","background-size":"auto","background-attachment":"scroll","background-type":"","background-media":"","overlay-type":"","overlay-color":"","overlay-opacity":"","overlay-gradient":""},"tablet":{"background-color":"var(--ast-global-color-5)","background-image":"","background-repeat":"repeat","background-position":"center center","background-size":"auto","background-attachment":"scroll","background-type":"","background-media":"","overlay-type":"","overlay-color":"","overlay-opacity":"","overlay-gradient":""},"mobile":{"background-color":"var(--ast-global-color-5)","background-image":"","background-repeat":"repeat","background-position":"center center","background-size":"auto","background-attachment":"scroll","background-type":"","background-media":"","overlay-type":"","overlay-color":"","overlay-opacity":"","overlay-gradient":""}},"footnotes":""},"categories":[1],"tags":[],"class_list":["post-3194","post","type-post","status-publish","format-standard","hentry","category-general"],"post_mailing_queue_ids":[],"_links":{"self":[{"href":"https:\/\/serveiseducatius.xtec.cat\/vallesoriental4\/wp-json\/wp\/v2\/posts\/3194","targetHints":{"allow":["GET"]}}],"collection":[{"href":"https:\/\/serveiseducatius.xtec.cat\/vallesoriental4\/wp-json\/wp\/v2\/posts"}],"about":[{"href":"https:\/\/serveiseducatius.xtec.cat\/vallesoriental4\/wp-json\/wp\/v2\/types\/post"}],"author":[{"embeddable":true,"href":"https:\/\/serveiseducatius.xtec.cat\/vallesoriental4\/wp-json\/wp\/v2\/users\/1"}],"replies":[{"embeddable":true,"href":"https:\/\/serveiseducatius.xtec.cat\/vallesoriental4\/wp-json\/wp\/v2\/comments?post=3194"}],"version-history":[{"count":0,"href":"https:\/\/serveiseducatius.xtec.cat\/vallesoriental4\/wp-json\/wp\/v2\/posts\/3194\/revisions"}],"wp:attachment":[{"href":"https:\/\/serveiseducatius.xtec.cat\/vallesoriental4\/wp-json\/wp\/v2\/media?parent=3194"}],"wp:term":[{"taxonomy":"category","embeddable":true,"href":"https:\/\/serveiseducatius.xtec.cat\/vallesoriental4\/wp-json\/wp\/v2\/categories?post=3194"},{"taxonomy":"post_tag","embeddable":true,"href":"https:\/\/serveiseducatius.xtec.cat\/vallesoriental4\/wp-json\/wp\/v2\/tags?post=3194"}],"curies":[{"name":"wp","href":"https:\/\/api.w.org\/{rel}","templated":true}]}}