{"id":24366,"date":"2026-03-16T12:26:19","date_gmt":"2026-03-16T11:26:19","guid":{"rendered":"https:\/\/serveiseducatius.xtec.cat\/vallesoriental4\/?p=24366"},"modified":"2026-04-10T11:20:39","modified_gmt":"2026-04-10T09:20:39","slug":"propostes-formatives-gratuites-pels-docents-deducacio-primaria-secundaria-fp-i-formacio-al-llarg-de-la-vida-3r-trimestre-curs-2025-2026","status":"publish","type":"post","link":"https:\/\/serveiseducatius.xtec.cat\/vallesoriental4\/portada\/propostes-formatives-gratuites-pels-docents-deducacio-primaria-secundaria-fp-i-formacio-al-llarg-de-la-vida-3r-trimestre-curs-2025-2026\/","title":{"rendered":"Noves formacions gratu\u00eftes de l&#8217;IDP UB"},"content":{"rendered":"\n<p><strong>Propostes formatives gratu\u00eftes pels docents d&#8217;Educaci\u00f3 Prim\u00e0ria, Secund\u00e0ria, FP i Formaci\u00f3 al llarg de la Vida. 3r Trimestre curs 2025-2026<\/strong><\/p>\n\n\n\n<p><strong><br>1. \u00c0MBIT DE CONEIXEMENT LING\u00dc\u00cdSTIC<\/strong><\/p>\n\n\n\n<ul class=\"wp-block-list\">\n<li><strong><u><a href=\"https:\/\/aplicacions.gestioeducativa.gencat.cat\/ords\/pls\/soloas\/pk_for_mod_ins.p_for_cons_activitats?p_any=2025-2026&amp;p_codi=9000780011\" target=\"_blank\" rel=\"noreferrer noopener\">Aprendre a llegir i a escriure en contextos multiling\u00fces i multiculturals.&nbsp;<\/a>&nbsp;<\/u><\/strong><\/li>\n<\/ul>\n\n\n\n<p>Etapa Educativa: Educaci\u00f3&nbsp;Prim\u00e0ria<\/p>\n\n\n\n<p>Format: curs semipresencial<\/p>\n\n\n\n<p>&nbsp; &nbsp;Dates inici i final: 16 d&#8217;abril al 9 de juliol 2026<\/p>\n\n\n\n<p>Hores a certificar: 50 h&nbsp;<\/p>\n\n\n\n<p>Formadores: Mireia P\u00e9rez i Alessia Corsi (del Grup Plural de la UB)<\/p>\n\n\n\n<ul class=\"wp-block-list\">\n<li><strong><u><a href=\"https:\/\/aplicacions.gestioeducativa.gencat.cat\/ords\/pls\/soloas\/pk_for_mod_ins.p_for_cons_activitats?p_any=2025-2026&amp;p_codi=9000790011\" target=\"_blank\" rel=\"noreferrer noopener\">Llegir, pensar, comunicar i cooperar: estrat\u00e8gies transversals per a l\u2019aula de secund\u00e0ria<\/a><\/u><\/strong><\/li>\n<\/ul>\n\n\n\n<p>Etapa Educativa: Educaci\u00f3 Secund\u00e0ria<\/p>\n\n\n\n<p>Format: curs semipresencial<\/p>\n\n\n\n<p>&nbsp;Dates inici i final: 30 d&#8217;abril al 20 de gener de 2027<\/p>\n\n\n\n<p>Hores a certificar:&nbsp;63 h<\/p>\n\n\n\n<p>Formadors\/es:<\/p>\n\n\n\n<p>N\u00faria Castells, Elisabet Galindo i Jos\u00e9 Luna (del Grup LECRAI de la UB).<\/p>\n\n\n\n<p>Roger Fust\u00e9 (docent de filosofia i coordinador del GDIF).<\/p>\n\n\n\n<p>Marta Flores i Jes\u00fas Ribosa (del Grup GRAI de la UAB)<\/p>\n\n\n\n<p><strong>2. \u00c0MBIT DE CONEIXEMENT MATEM\u00c0TIC<\/strong><\/p>\n\n\n\n<ul class=\"wp-block-list\">\n<li><strong><u><a href=\"https:\/\/tuit.cat\/qizQi\" target=\"_blank\" rel=\"noreferrer noopener\">Did\u00e0ctica de les matem\u00e0tiques a Prim\u00e0ria: resoluci\u00f3 de problemes, curr\u00edculum i traject\u00f2ries d\u2019aprenentatge<\/a><\/u><\/strong><\/li>\n<\/ul>\n\n\n\n<p>Etapa educativa: Prim\u00e0ria<\/p>\n\n\n\n<p>Format: curs semipresencial<\/p>\n\n\n\n<p>Dates inici i final:&nbsp;15 d&#8217;abril al 19 de gener 2027<\/p>\n\n\n\n<p>Hores a certificar:&nbsp;75 h<\/p>\n\n\n\n<p>Formadors\/es: Carles Granell, Cyntia Riquelme,&nbsp; Albert Mart\u00ednez, Llu\u00efsa Vigas i Laura Gris (Docents de centres educatius i\/o associats UB i\/o formadors del Programa Florence)<\/p>\n\n\n\n<ul class=\"wp-block-list\">\n<li><strong><u><a href=\"https:\/\/aplicacions.gestioeducativa.gencat.cat\/ords\/pls\/soloas\/pk_for_mod_ins.p_for_cons_activitats?p_any=2025-2026&amp;p_codi=9000720011\" target=\"_blank\" rel=\"noreferrer noopener\">Matem\u00e0tiques din\u00e0miques. GeoGebra a l\u2019aula. Quan i com?<\/a><\/u><\/strong><\/li>\n<\/ul>\n\n\n\n<p>Etapa Educativa: Educaci\u00f3 Secund\u00e0ria<\/p>\n\n\n\n<p>Format: curs&nbsp;semipresencial<\/p>\n\n\n\n<p>Dates inici i final: 7 d&#8217;abril a 15 de juliol 2026<\/p>\n\n\n\n<p>Hores a certificar: 65 h<\/p>\n\n\n\n<p>Formadors: Bernat Ancochea,President de la ACG (Associaci\u00f3 Catalana de&nbsp;GeoGebra), &nbsp;President de FEEMCAT (Federaci\u00f3 d\u2019Entitats d\u2019Ensenyament de les Matem\u00e0tiques). Xavier Esp\u00e0rrech , enginyer de Camins i Cap de departament&nbsp;STEaM&nbsp;de les &nbsp;Escoles Freta Calella, membre de &nbsp;l\u2019Associaci\u00f3 Catalana de&nbsp;GeoGebra, Membre de la Comissi\u00f3&nbsp;STEaM&nbsp;d\u2019Innovamat&nbsp;<\/p>\n\n\n\n<p><strong>3.&nbsp;<\/strong><strong>\u00c0MBIT DE CONEIXEMENT DE COMPET\u00c8NCIES TRANSVERSALS: COMPET\u00c8NCIA CIUTADANA<\/strong><\/p>\n\n\n\n<ul class=\"wp-block-list\">\n<li><strong><u><a href=\"https:\/\/aplicacions.gestioeducativa.gencat.cat\/ords\/pls\/soloas\/pk_for_mod_ins.p_for_cons_activitats?p_any=2025-2026&amp;p_codi=9000710011\" target=\"_blank\" rel=\"noreferrer noopener\">La pau s\u2019apr\u00e8n<\/a><\/u><\/strong><\/li>\n\n\n\n<li>Etapa Educativa: Prim\u00e0ria i Secund\u00e0ria<\/li>\n\n\n\n<li>Format:&nbsp;curs semipresencial<\/li>\n\n\n\n<li>Dates inici i final: 14 abril a 15 de juny 2026<\/li>\n\n\n\n<li>Hores a certificar:&nbsp;30 h<\/li>\n\n\n\n<li>Formadors\/es:&nbsp;C\u00e9cile Barbeito, Marina Caireta i Andr\u00e9s Barrientos. Formadores de l&#8217;Escola Cultura de Pau de la UAB<\/li>\n<\/ul>\n\n\n\n<p><strong>4. \u00c0MBIT CONEIXEMENT DEL MEDI NATURAL&nbsp;<\/strong><\/p>\n\n\n\n<ul class=\"wp-block-list\">\n<li><strong><u><a href=\"https:\/\/aplicacions.gestioeducativa.gencat.cat\/ords\/pls\/soloas\/pk_for_mod_ins.p_for_cons_activitats?p_any=2025-2026&amp;p_codi=9000730011\" target=\"_blank\" rel=\"noreferrer noopener\">F\u00edsica de part\u00edcules i radioactivitat experimental a secund\u00e0ria i batxillerat<\/a><\/u><\/strong><\/li>\n\n\n\n<li>Etapa Educativa: Secund\u00e0ria<\/li>\n\n\n\n<li>Format: curs semipresencial<\/li>\n\n\n\n<li>Dates inici i final: 7 d&#8217;abril a 21 de maig 2026<\/li>\n\n\n\n<li>Hores a certificar: 30 h<\/li>\n\n\n\n<li>Formadors\/es: Daniel Parcerisas. Llicenciat en Ci\u00e8ncies F\u00edsiques, professor de F\u00edsica i Matem\u00e0tiques a Secund\u00e0ria.&nbsp;<\/li>\n\n\n\n<li><strong><u><a href=\"https:\/\/aplicacions.gestioeducativa.gencat.cat\/ords\/pls\/soloas\/pk_for_mod_ins.p_for_cons_activitats?p_any=2025-2026&amp;p_codi=9000750011\" target=\"_blank\" rel=\"noreferrer noopener\">Roques i minerals: un recurs a l\u2019escola i a l\u2019institut<\/a><\/u><\/strong><\/li>\n\n\n\n<li>Etapa Educativa: Secund\u00e0ria<\/li>\n\n\n\n<li>Format: curs PRESENCIAL<\/li>\n\n\n\n<li>Dates inici i final: 8 abril al 13 maig 2026<\/li>\n\n\n\n<li>Hores a certificar: 40 h<\/li>\n\n\n\n<li>Formadors\/es: \u00cdngrit Soriguera, professora associada UB i docent a institut \/ Jordi Vil\u00e0, professor UB<\/li>\n\n\n\n<li><strong><u><a href=\"https:\/\/aplicacions.gestioeducativa.gencat.cat\/ords\/pls\/soloas\/pk_for_mod_ins.p_for_cons_activitats?p_any=2025-2026&amp;p_codi=9000740011\" target=\"_blank\" rel=\"noreferrer noopener\">Pl\u00e0stics. Ci\u00e8ncia, debat i aula. De la qu\u00edmica dels pol\u00edmers al pensament cr\u00edtic i la creativitat educativa<\/a><\/u><\/strong><\/li>\n\n\n\n<li>Etapa Educativa: Secund\u00e0ria<\/li>\n\n\n\n<li>Format: curs semipresencial<\/li>\n\n\n\n<li>Dates inici i final: 6 de juliol al 10 de juliol 2026<\/li>\n\n\n\n<li>Hores a certificar: 30 h<\/li>\n\n\n\n<li>Formadors\/es: Jordi D\u00edaz\/ Nicol\u00e1s Candau\/Anna Marb\u00e0\/Pedro Garc\u00eda\/Clara Gajas. Professors UB o UAB o docents en centres educatius de secund\u00e0ria<\/li>\n<\/ul>\n","protected":false},"excerpt":{"rendered":"<p>Propostes formatives gratu\u00eftes pels docents d&#8217;Educaci\u00f3 Prim\u00e0ria, Secund\u00e0ria, FP i Formaci\u00f3 al llarg de la Vida. 3r Trimestre curs 2025-2026 1. \u00c0MBIT DE CONEIXEMENT LING\u00dc\u00cdSTIC Etapa Educativa: Educaci\u00f3&nbsp;Prim\u00e0ria Format: curs semipresencial &nbsp; &nbsp;Dates inici i final: 16 d&#8217;abril al 9 de juliol 2026 Hores a certificar: 50 h&nbsp; Formadores: Mireia P\u00e9rez i Alessia Corsi (del [&hellip;]<\/p>\n","protected":false},"author":1,"featured_media":24372,"comment_status":"closed","ping_status":"open","sticky":false,"template":"","format":"standard","meta":{"_bbp_topic_count":0,"_bbp_reply_count":0,"_bbp_total_topic_count":0,"_bbp_total_reply_count":0,"_bbp_voice_count":0,"_bbp_anonymous_reply_count":0,"_bbp_topic_count_hidden":0,"_bbp_reply_count_hidden":0,"_bbp_forum_subforum_count":0,"site-sidebar-layout":"default","site-content-layout":"","ast-site-content-layout":"default","site-content-style":"default","site-sidebar-style":"default","ast-global-header-display":"","ast-banner-title-visibility":"","ast-main-header-display":"","ast-hfb-above-header-display":"","ast-hfb-below-header-display":"","ast-hfb-mobile-header-display":"","site-post-title":"","ast-breadcrumbs-content":"","ast-featured-img":"","footer-sml-layout":"","theme-transparent-header-meta":"","adv-header-id-meta":"","stick-header-meta":"","header-above-stick-meta":"","header-main-stick-meta":"","header-below-stick-meta":"","astra-migrate-meta-layouts":"set","ast-page-background-enabled":"default","ast-page-background-meta":{"desktop":{"background-color":"var(--ast-global-color-4)","background-image":"","background-repeat":"repeat","background-position":"center center","background-size":"auto","background-attachment":"scroll","background-type":"","background-media":"","overlay-type":"","overlay-color":"","overlay-opacity":"","overlay-gradient":""},"tablet":{"background-color":"","background-image":"","background-repeat":"repeat","background-position":"center center","background-size":"auto","background-attachment":"scroll","background-type":"","background-media":"","overlay-type":"","overlay-color":"","overlay-opacity":"","overlay-gradient":""},"mobile":{"background-color":"","background-image":"","background-repeat":"repeat","background-position":"center center","background-size":"auto","background-attachment":"scroll","background-type":"","background-media":"","overlay-type":"","overlay-color":"","overlay-opacity":"","overlay-gradient":""}},"ast-content-background-meta":{"desktop":{"background-color":"var(--ast-global-color-5)","background-image":"","background-repeat":"repeat","background-position":"center center","background-size":"auto","background-attachment":"scroll","background-type":"","background-media":"","overlay-type":"","overlay-color":"","overlay-opacity":"","overlay-gradient":""},"tablet":{"background-color":"var(--ast-global-color-5)","background-image":"","background-repeat":"repeat","background-position":"center center","background-size":"auto","background-attachment":"scroll","background-type":"","background-media":"","overlay-type":"","overlay-color":"","overlay-opacity":"","overlay-gradient":""},"mobile":{"background-color":"var(--ast-global-color-5)","background-image":"","background-repeat":"repeat","background-position":"center center","background-size":"auto","background-attachment":"scroll","background-type":"","background-media":"","overlay-type":"","overlay-color":"","overlay-opacity":"","overlay-gradient":""}},"footnotes":""},"categories":[29],"tags":[],"class_list":["post-24366","post","type-post","status-publish","format-standard","has-post-thumbnail","hentry","category-portada"],"post_mailing_queue_ids":[],"_links":{"self":[{"href":"https:\/\/serveiseducatius.xtec.cat\/vallesoriental4\/wp-json\/wp\/v2\/posts\/24366","targetHints":{"allow":["GET"]}}],"collection":[{"href":"https:\/\/serveiseducatius.xtec.cat\/vallesoriental4\/wp-json\/wp\/v2\/posts"}],"about":[{"href":"https:\/\/serveiseducatius.xtec.cat\/vallesoriental4\/wp-json\/wp\/v2\/types\/post"}],"author":[{"embeddable":true,"href":"https:\/\/serveiseducatius.xtec.cat\/vallesoriental4\/wp-json\/wp\/v2\/users\/1"}],"replies":[{"embeddable":true,"href":"https:\/\/serveiseducatius.xtec.cat\/vallesoriental4\/wp-json\/wp\/v2\/comments?post=24366"}],"version-history":[{"count":3,"href":"https:\/\/serveiseducatius.xtec.cat\/vallesoriental4\/wp-json\/wp\/v2\/posts\/24366\/revisions"}],"predecessor-version":[{"id":24605,"href":"https:\/\/serveiseducatius.xtec.cat\/vallesoriental4\/wp-json\/wp\/v2\/posts\/24366\/revisions\/24605"}],"wp:featuredmedia":[{"embeddable":true,"href":"https:\/\/serveiseducatius.xtec.cat\/vallesoriental4\/wp-json\/wp\/v2\/media\/24372"}],"wp:attachment":[{"href":"https:\/\/serveiseducatius.xtec.cat\/vallesoriental4\/wp-json\/wp\/v2\/media?parent=24366"}],"wp:term":[{"taxonomy":"category","embeddable":true,"href":"https:\/\/serveiseducatius.xtec.cat\/vallesoriental4\/wp-json\/wp\/v2\/categories?post=24366"},{"taxonomy":"post_tag","embeddable":true,"href":"https:\/\/serveiseducatius.xtec.cat\/vallesoriental4\/wp-json\/wp\/v2\/tags?post=24366"}],"curies":[{"name":"wp","href":"https:\/\/api.w.org\/{rel}","templated":true}]}}