{"id":24260,"date":"2026-02-12T09:28:09","date_gmt":"2026-02-12T08:28:09","guid":{"rendered":"https:\/\/serveiseducatius.xtec.cat\/vallesoriental4\/?p=24260"},"modified":"2026-02-12T09:28:10","modified_gmt":"2026-02-12T08:28:10","slug":"curs-impacte-de-la-hiperconnexio-prevencio-de-laddiccio-a-pantalles-i-xarxes-socials-17-de-marc","status":"publish","type":"post","link":"https:\/\/serveiseducatius.xtec.cat\/vallesoriental4\/portada\/curs-impacte-de-la-hiperconnexio-prevencio-de-laddiccio-a-pantalles-i-xarxes-socials-17-de-marc\/","title":{"rendered":"Curs :&#8221;Impacte de la hiperconnexi\u00f3: prevenci\u00f3 de l&#8217;addicci\u00f3 a pantalles i xarxes socials&#8221; 17 de mar\u00e7"},"content":{"rendered":"\n<figure class=\"wp-block-image size-full\"><a href=\"https:\/\/serveiseducatius.xtec.cat\/vallesoriental4\/wp-content\/uploads\/usu1133\/2026\/02\/Captura-de-pantalla-2026-02-12-091935-1.jpg\"><img loading=\"lazy\" decoding=\"async\" width=\"1023\" height=\"184\" src=\"https:\/\/serveiseducatius.xtec.cat\/vallesoriental4\/wp-content\/uploads\/usu1133\/2026\/02\/Captura-de-pantalla-2026-02-12-091935-1.jpg\" alt=\"\" class=\"wp-image-24263\" srcset=\"https:\/\/serveiseducatius.xtec.cat\/vallesoriental4\/wp-content\/uploads\/usu1133\/2026\/02\/Captura-de-pantalla-2026-02-12-091935-1.jpg 1023w, https:\/\/serveiseducatius.xtec.cat\/vallesoriental4\/wp-content\/uploads\/usu1133\/2026\/02\/Captura-de-pantalla-2026-02-12-091935-1-300x54.jpg 300w, https:\/\/serveiseducatius.xtec.cat\/vallesoriental4\/wp-content\/uploads\/usu1133\/2026\/02\/Captura-de-pantalla-2026-02-12-091935-1-768x138.jpg 768w\" sizes=\"auto, (max-width: 1023px) 100vw, 1023px\" \/><\/a><\/figure>\n\n\n\n<p>L&#8217;\u00fas generalitzat de pantalles, m\u00f2bils i xarxes socials ha transformat la nostra societat. Tot i els seus beneficis, un sobre\u00fas pot comportar riscos significatius, especialment en infants i adolescents, com ara problemes de son, malestar psicol\u00f2gic o dificultats d&#8217;aprenentatge. L&#8217;Ag\u00e8ncia de Salut P\u00fablica de Barcelona ja alertava el 2023 que el temps diari de pantalles fora de l&#8217;horari lectiu era de gaireb\u00e9 4 hores en noies i 3,3 en nois.&nbsp;<\/p>\n\n\n\n<p>Aquest curs neix de la necessitat de capacitar professionals de l&#8217;\u00e0mbit educatiu, social i familiar per entendre aquest nou paradigma. L&#8217;objectiu principal \u00e9s proporcionar un marc conceptual s\u00f2lid per diferenciar l&#8217;\u00fas de l&#8217;ab\u00fas i l&#8217;addicci\u00f3, i dotar els assistents d&#8217;eines per a la detecci\u00f3 preco\u00e7 i la prevenci\u00f3 en els seus respectius \u00e0mbits d&#8217;actuaci\u00f3, una prioritat recollida en plans com el Pla de Salut Mental de Barcelona 2023-2030.<\/p>\n\n\n\n<p><a href=\"https:\/\/cuimpb.cat\/ca\/curs\/353\/inscripcio\">Inscriure&#8217;s<\/a><\/p>\n\n\n\n<p>\u00a0<strong>Data d&#8217;inici:\u00a0<\/strong>17\/03\/2026<\/p>\n\n\n\n<p><strong>Lloc de realitzaci\u00f3:<\/strong><br>Mirador  Centre de Cultura Contempor\u00e0nia de Barcelona (CCCB)<br>Montalegre, 5    08001-Barcelona<br><a href=\"https:\/\/www.google.com\/maps\/search\/cccb\/@41.3837259,2.1636216,815m\/data=!3m2!1e3!4b1?entry=ttu&amp;g_ep=EgoyMDI2MDEyMC4wIKXMDSoASAFQAw%3D%3D\" target=\"_blank\" rel=\"noreferrer noopener\"><strong>Mapa<\/strong><\/a><\/p>\n\n\n\n<p>\u00a0<strong>Preu:\u00a0<\/strong>Gratu\u00eft<\/p>\n\n\n\n<figure class=\"wp-block-image size-full\"><a href=\"https:\/\/serveiseducatius.xtec.cat\/vallesoriental4\/wp-content\/uploads\/usu1133\/2026\/02\/Captura-de-pantalla-2026-02-12-092551.jpg\"><img loading=\"lazy\" decoding=\"async\" width=\"634\" height=\"67\" src=\"https:\/\/serveiseducatius.xtec.cat\/vallesoriental4\/wp-content\/uploads\/usu1133\/2026\/02\/Captura-de-pantalla-2026-02-12-092551.jpg\" alt=\"\" class=\"wp-image-24264\" srcset=\"https:\/\/serveiseducatius.xtec.cat\/vallesoriental4\/wp-content\/uploads\/usu1133\/2026\/02\/Captura-de-pantalla-2026-02-12-092551.jpg 634w, https:\/\/serveiseducatius.xtec.cat\/vallesoriental4\/wp-content\/uploads\/usu1133\/2026\/02\/Captura-de-pantalla-2026-02-12-092551-300x32.jpg 300w\" sizes=\"auto, (max-width: 634px) 100vw, 634px\" \/><\/a><\/figure>\n","protected":false},"excerpt":{"rendered":"<p>L&#8217;\u00fas generalitzat de pantalles, m\u00f2bils i xarxes socials ha transformat la nostra societat. Tot i els seus beneficis, un sobre\u00fas pot comportar riscos significatius, especialment en infants i adolescents, com ara problemes de son, malestar psicol\u00f2gic o dificultats d&#8217;aprenentatge. L&#8217;Ag\u00e8ncia de Salut P\u00fablica de Barcelona ja alertava el 2023 que el temps diari de pantalles [&hellip;]<\/p>\n","protected":false},"author":1,"featured_media":24262,"comment_status":"open","ping_status":"open","sticky":false,"template":"","format":"standard","meta":{"_bbp_topic_count":0,"_bbp_reply_count":0,"_bbp_total_topic_count":0,"_bbp_total_reply_count":0,"_bbp_voice_count":0,"_bbp_anonymous_reply_count":0,"_bbp_topic_count_hidden":0,"_bbp_reply_count_hidden":0,"_bbp_forum_subforum_count":0,"site-sidebar-layout":"default","site-content-layout":"","ast-site-content-layout":"default","site-content-style":"default","site-sidebar-style":"default","ast-global-header-display":"","ast-banner-title-visibility":"","ast-main-header-display":"","ast-hfb-above-header-display":"","ast-hfb-below-header-display":"","ast-hfb-mobile-header-display":"","site-post-title":"","ast-breadcrumbs-content":"","ast-featured-img":"","footer-sml-layout":"","theme-transparent-header-meta":"","adv-header-id-meta":"","stick-header-meta":"","header-above-stick-meta":"","header-main-stick-meta":"","header-below-stick-meta":"","astra-migrate-meta-layouts":"set","ast-page-background-enabled":"default","ast-page-background-meta":{"desktop":{"background-color":"var(--ast-global-color-4)","background-image":"","background-repeat":"repeat","background-position":"center center","background-size":"auto","background-attachment":"scroll","background-type":"","background-media":"","overlay-type":"","overlay-color":"","overlay-opacity":"","overlay-gradient":""},"tablet":{"background-color":"","background-image":"","background-repeat":"repeat","background-position":"center center","background-size":"auto","background-attachment":"scroll","background-type":"","background-media":"","overlay-type":"","overlay-color":"","overlay-opacity":"","overlay-gradient":""},"mobile":{"background-color":"","background-image":"","background-repeat":"repeat","background-position":"center center","background-size":"auto","background-attachment":"scroll","background-type":"","background-media":"","overlay-type":"","overlay-color":"","overlay-opacity":"","overlay-gradient":""}},"ast-content-background-meta":{"desktop":{"background-color":"var(--ast-global-color-5)","background-image":"","background-repeat":"repeat","background-position":"center center","background-size":"auto","background-attachment":"scroll","background-type":"","background-media":"","overlay-type":"","overlay-color":"","overlay-opacity":"","overlay-gradient":""},"tablet":{"background-color":"var(--ast-global-color-5)","background-image":"","background-repeat":"repeat","background-position":"center center","background-size":"auto","background-attachment":"scroll","background-type":"","background-media":"","overlay-type":"","overlay-color":"","overlay-opacity":"","overlay-gradient":""},"mobile":{"background-color":"var(--ast-global-color-5)","background-image":"","background-repeat":"repeat","background-position":"center center","background-size":"auto","background-attachment":"scroll","background-type":"","background-media":"","overlay-type":"","overlay-color":"","overlay-opacity":"","overlay-gradient":""}},"footnotes":""},"categories":[29],"tags":[],"class_list":["post-24260","post","type-post","status-publish","format-standard","has-post-thumbnail","hentry","category-portada"],"post_mailing_queue_ids":[],"_links":{"self":[{"href":"https:\/\/serveiseducatius.xtec.cat\/vallesoriental4\/wp-json\/wp\/v2\/posts\/24260","targetHints":{"allow":["GET"]}}],"collection":[{"href":"https:\/\/serveiseducatius.xtec.cat\/vallesoriental4\/wp-json\/wp\/v2\/posts"}],"about":[{"href":"https:\/\/serveiseducatius.xtec.cat\/vallesoriental4\/wp-json\/wp\/v2\/types\/post"}],"author":[{"embeddable":true,"href":"https:\/\/serveiseducatius.xtec.cat\/vallesoriental4\/wp-json\/wp\/v2\/users\/1"}],"replies":[{"embeddable":true,"href":"https:\/\/serveiseducatius.xtec.cat\/vallesoriental4\/wp-json\/wp\/v2\/comments?post=24260"}],"version-history":[{"count":3,"href":"https:\/\/serveiseducatius.xtec.cat\/vallesoriental4\/wp-json\/wp\/v2\/posts\/24260\/revisions"}],"predecessor-version":[{"id":24266,"href":"https:\/\/serveiseducatius.xtec.cat\/vallesoriental4\/wp-json\/wp\/v2\/posts\/24260\/revisions\/24266"}],"wp:featuredmedia":[{"embeddable":true,"href":"https:\/\/serveiseducatius.xtec.cat\/vallesoriental4\/wp-json\/wp\/v2\/media\/24262"}],"wp:attachment":[{"href":"https:\/\/serveiseducatius.xtec.cat\/vallesoriental4\/wp-json\/wp\/v2\/media?parent=24260"}],"wp:term":[{"taxonomy":"category","embeddable":true,"href":"https:\/\/serveiseducatius.xtec.cat\/vallesoriental4\/wp-json\/wp\/v2\/categories?post=24260"},{"taxonomy":"post_tag","embeddable":true,"href":"https:\/\/serveiseducatius.xtec.cat\/vallesoriental4\/wp-json\/wp\/v2\/tags?post=24260"}],"curies":[{"name":"wp","href":"https:\/\/api.w.org\/{rel}","templated":true}]}}