{"id":24229,"date":"2026-01-28T13:06:27","date_gmt":"2026-01-28T12:06:27","guid":{"rendered":"https:\/\/serveiseducatius.xtec.cat\/vallesoriental4\/?p=24229"},"modified":"2026-01-28T13:06:28","modified_gmt":"2026-01-28T12:06:28","slug":"ultima-setmana-inscripcions-formacio-sobre-incendis-forestals-reconeguda-per-a-mestres-de-primaria-fundacio-pau-costa","status":"publish","type":"post","link":"https:\/\/serveiseducatius.xtec.cat\/vallesoriental4\/portada\/ultima-setmana-inscripcions-formacio-sobre-incendis-forestals-reconeguda-per-a-mestres-de-primaria-fundacio-pau-costa\/","title":{"rendered":"\u00daltima setmana inscripcions!\u00a0 Formaci\u00f3 sobre incendis forestals reconeguda per a mestres de prim\u00e0ria &#8211; Fundaci\u00f3 Pau Costa"},"content":{"rendered":"\n<figure class=\"wp-block-image size-full\"><a href=\"https:\/\/serveiseducatius.xtec.cat\/vallesoriental4\/wp-content\/uploads\/usu1133\/2026\/01\/incendis.jpg\"><img loading=\"lazy\" decoding=\"async\" width=\"791\" height=\"560\" src=\"https:\/\/serveiseducatius.xtec.cat\/vallesoriental4\/wp-content\/uploads\/usu1133\/2026\/01\/incendis.jpg\" alt=\"\" class=\"wp-image-24230\" srcset=\"https:\/\/serveiseducatius.xtec.cat\/vallesoriental4\/wp-content\/uploads\/usu1133\/2026\/01\/incendis.jpg 791w, https:\/\/serveiseducatius.xtec.cat\/vallesoriental4\/wp-content\/uploads\/usu1133\/2026\/01\/incendis-300x212.jpg 300w, https:\/\/serveiseducatius.xtec.cat\/vallesoriental4\/wp-content\/uploads\/usu1133\/2026\/01\/incendis-768x544.jpg 768w\" sizes=\"auto, (max-width: 791px) 100vw, 791px\" \/><\/a><\/figure>\n\n\n\n<p>Des de la\u00a0<a href=\"https:\/\/www.paucostafoundation.org\/ca\/\" target=\"_blank\" rel=\"noreferrer noopener\">Fundaci\u00f3 Pau Costa<\/a>, us informem que aquesta \u00e9s l&#8217;<strong>\u00faltima setmana<\/strong>\u00a0per inscriure&#8217;s al curs reconegut per la Generalitat de Catalunya i gratu\u00eft sobre\u00a0<strong>gesti\u00f3 del paisatge, els incendis forestals i com introduir aquests conceptes a les aules.<\/strong><\/p>\n\n\n\n<p>La Fundaci\u00f3 Pau Costa som una entitat sense \u00e0nim de lucre que posa el&nbsp;focus&nbsp;en la gesti\u00f3 del risc d&#8217;incendis forestals.&nbsp;T\u00e9 una llarga traject\u00f2ria en projectes sobre gesti\u00f3 del paisatge i projectes educatius relacionats amb el foc.<\/p>\n\n\n\n<p>El curs est\u00e0 centrat en la&nbsp;prov\u00edncia de Tarragona&nbsp;per\u00f2 s&#8217;hi pot inscriure&nbsp;<strong>qualsevol mestre de Catalunya<\/strong>.&nbsp;<\/p>\n\n\n\n<p><img decoding=\"async\" alt=\"\ud83d\udca1\" src=\"https:\/\/fonts.gstatic.com\/s\/e\/notoemoji\/16.0\/1f4a1\/72.png\">&nbsp;Aquesta formaci\u00f3 t\u00e9 com a&nbsp;<strong>objectiu&nbsp;<\/strong>proporcionar als docents:<\/p>\n\n\n\n<ul class=\"wp-block-list\">\n<li>Facilitar recursos als mestres per treballar el paisatge i els incendis a l\u2019aula d\u2019una manera pr\u00e0ctica i significativa.<\/li>\n\n\n\n<li>Refor\u00e7ar el valor del sector primari com a clau per mantenir un paisatge mosaic, viu i resilient davant dels incendis.<\/li>\n\n\n\n<li>Connectar el m\u00f3n educatiu amb la gesti\u00f3 local del territori, a trav\u00e9s de la participaci\u00f3 d\u2019experts del territori.\u00a0\u00a0<\/li>\n<\/ul>\n\n\n\n<p><strong>&nbsp;S&#8217;adre\u00e7a als docents de prim\u00e0ria<\/strong>&nbsp;(especialment a cicle superior) interessats en aprendre sobre la gesti\u00f3 dels incendis forestals i com introduir els conceptes relacionats a les aules.<\/p>\n\n\n\n<p><img decoding=\"async\" alt=\"\ud83d\udcbb\" src=\"https:\/\/fonts.gstatic.com\/s\/e\/notoemoji\/16.0\/1f4bb\/72.png\">&nbsp;Es realitza en&nbsp;<strong>modalitat s<\/strong><strong>emipresencial&nbsp;<\/strong>amb el seg\u00fcent format:<\/p>\n\n\n\n<ul class=\"wp-block-list\">\n<li><strong>Teoria online<\/strong>\u00a0(s\u00edncrona a les tardes i as\u00edncrona).<\/li>\n\n\n\n<li><strong>Sortida de camp<\/strong>\u00a0amb experts locals (un mat\u00ed en cap de setmana).<\/li>\n<\/ul>\n\n\n\n<p><img decoding=\"async\" alt=\"\ud83d\uddd3\ufe0f\" src=\"https:\/\/fonts.gstatic.com\/s\/e\/notoemoji\/16.0\/1f5d3_fe0f\/72.png\">&nbsp;El&nbsp;<strong>calendari&nbsp;<\/strong>planificat \u00e9s el seg\u00fcent:<\/p>\n\n\n\n<p>Del 11 de febrer al 29 d\u2019abril de 2026.<\/p>\n\n\n\n<figure class=\"wp-block-table\"><table class=\"has-fixed-layout\"><tbody><tr><td>Sessi\u00f3<\/td><td>Contingut<\/td><td>Dia<\/td><td>Modalitat<\/td><td>Temps de dedicaci\u00f3<\/td><\/tr><tr><td>Sessi\u00f3 0<\/td><td>Sessi\u00f3 de&nbsp;<strong>benvinguda<\/strong>&nbsp;i presentaci\u00f3<\/td><td>11 de febrer<\/td><td>En l\u00ednia de forma s\u00edncrona<\/td><td>30 minuts<\/td><\/tr><tr><td>Sessi\u00f3 1<\/td><td><strong>Conceptes b\u00e0sics<\/strong>&nbsp;sobre incendis i paisatge<\/td><td>Realitzar de forma aut\u00f2noma abans de la segona sessi\u00f3<\/td><td>En l\u00ednia de forma as\u00edncrona<\/td><td>1 hora<\/td><\/tr><tr><td>Sessi\u00f3 2<\/td><td>Sessi\u00f3 amb&nbsp;<strong>experts\/es<\/strong>: casos pr\u00e0ctics i resoluci\u00f3 de dubtes<\/td><td>Dia 25 de febrer<\/td><td>En l\u00ednia de forma s\u00edncrona<\/td><td>1 hora 30 minuts<\/td><\/tr><tr><td>Sessi\u00f3 3<\/td><td><strong>Experi\u00e8ncies educatives<\/strong>&nbsp;i recursos did\u00e0ctics<\/td><td>Dia 11 de mar\u00e7<\/td><td>En l\u00ednia de forma s\u00edncrona<\/td><td>2 hores<\/td><\/tr><tr><td>Sessi\u00f3 4<\/td><td><strong>Sortida de camp<\/strong>&nbsp;a un paisatge mosaic o zona d\u2019incendi de la prov\u00edncia de Tarragona. Amb participaci\u00f3 d\u2019experts locals del sector primari, i\/o emerg\u00e8ncies, i\/o entitats del territori<\/td><td>A decidir entre el cap de setmana del 14 de mar\u00e7, del 21 de mar\u00e7 o del 11 d&#8217;abril<\/td><td>Presencial<\/td><td>5 hores<\/td><\/tr><tr><td>Sessi\u00f3 5<\/td><td>Disseny de&nbsp;<strong>situacions d\u2019aprenentatge<\/strong><\/td><td>Realitzar de forma aut\u00f2noma abans de la sisena sessi\u00f3<\/td><td>En l\u00ednia de forma as\u00edncrona<\/td><td>3 hores<\/td><\/tr><tr><td>Sessi\u00f3 6<\/td><td><strong>Presentacions<\/strong>&nbsp;i tancament<\/td><td>29 d&#8217;abril<\/td><td>En l\u00ednia de forma s\u00edncrona<\/td><td>2 hores<\/td><\/tr><\/tbody><\/table><\/figure>\n\n\n\n<p><img decoding=\"async\" alt=\"\ud83e\ude99\" src=\"https:\/\/fonts.gstatic.com\/s\/e\/notoemoji\/16.0\/1fa99\/72.png\">&nbsp;La formaci\u00f3 \u00e9s 100% subvencionada per la Diputaci\u00f3 de Tarragona i, per tant, \u00e9s&nbsp;<strong>gratu\u00efta&nbsp;<\/strong>per als participants.<\/p>\n\n\n\n<p><img decoding=\"async\" alt=\"\ud83c\udfaf\" src=\"https:\/\/fonts.gstatic.com\/s\/e\/notoemoji\/16.0\/1f3af\/72.png\">&nbsp;La formaci\u00f3 est\u00e0&nbsp;<strong>reconeguda&nbsp;<\/strong>com una<strong>&nbsp;&#8220;Activitat de formaci\u00f3 permanent per al professorat&#8221;<\/strong>&nbsp;per la Generalitat de Catalunya. Els participants, a m\u00e9s del contingut rebut, rebran un certificat conforme han realitzat una formaci\u00f3 de 15 hores homologada per la Generalitat (si es realitzen positivament les activitats avaluatives i hi ha una assist\u00e8ncia del 80% de les hores formatives).<\/p>\n\n\n\n<p><img decoding=\"async\" alt=\"\ud83e\uddfe\" src=\"https:\/\/fonts.gstatic.com\/s\/e\/notoemoji\/16.0\/1f9fe\/72.png\"><a href=\"https:\/\/mail.google.com\/mail\/u\/0?ui=2&amp;ik=9fed10a266&amp;attid=0.1&amp;permmsgid=msg-a:r-5664223768645852671&amp;view=att&amp;disp=safe&amp;realattid=f_mkxsf9xp0&amp;zw\" target=\"_blank\" rel=\"noreferrer noopener\">Adjuntada al correu<\/a>&nbsp;podeu trobar la informaci\u00f3 de la formaci\u00f3 resumida en una infografia.<\/p>\n\n\n\n<p>Aquesta formaci\u00f3 forma part d&#8217;una&nbsp;<strong>prova pilot<\/strong>&nbsp;i, per tant, les aportacions dels participants serviran per millorar la formaci\u00f3 i els seus continguts en un futur.<\/p>\n\n\n\n<p>La formaci\u00f3 s&#8217;ha creat a trav\u00e9s d&#8217;un proc\u00e9s participatiu amb 160 alumnes i 20 mestres de la prov\u00edncia de Tarragona.&nbsp;<a href=\"https:\/\/www.paucostafoundation.org\/ca\/formacio-sobre-incendis-forestals-per-a-professorat-de-tarragona\/\" target=\"_blank\" rel=\"noreferrer noopener\">En aquesta not\u00edcia<\/a>&nbsp;s&#8217;explica el proc\u00e9s.<\/p>\n\n\n\n<p>A continuaci\u00f3, podeu veure algun recurs que s&#8217;ha creat per a aquesta formaci\u00f3 com \u00e9s aquest v\u00eddeo sobre la<a href=\"https:\/\/youtu.be\/mg3ZNk4VZKk?si=pAg2SaPVwF4YXv6C\" target=\"_blank\" rel=\"noreferrer noopener\">&nbsp;import\u00e0ncia de mantenir el paisatge mosaic.<\/a><\/p>\n\n\n\n<p><img decoding=\"async\" alt=\"\u23f3\" src=\"https:\/\/fonts.gstatic.com\/s\/e\/notoemoji\/16.0\/23f3\/72.png\">&nbsp;Teniu temps per a inscriure-us fins el<strong>&nbsp;31 de gener o fins a esgotar les places&nbsp;<\/strong>(Hi ha&nbsp;places limitades &#8211;&nbsp;15 places).<\/p>\n\n\n\n<p><img decoding=\"async\" alt=\"\ud83d\udd17\" src=\"https:\/\/fonts.gstatic.com\/s\/e\/notoemoji\/16.0\/1f517\/72.png\">&nbsp;A trav\u00e9s del seg\u00fcent<strong>&nbsp;formulari<\/strong>:&nbsp;<a href=\"https:\/\/forms.gle\/YjvLpaGGsEkyXAHF6\" target=\"_blank\" rel=\"noreferrer noopener\">https:\/\/forms.gle\/YjvLpaGGsEkyXAHF6<\/a><\/p>\n","protected":false},"excerpt":{"rendered":"<p>Des de la\u00a0Fundaci\u00f3 Pau Costa, us informem que aquesta \u00e9s l&#8217;\u00faltima setmana\u00a0per inscriure&#8217;s al curs reconegut per la Generalitat de Catalunya i gratu\u00eft sobre\u00a0gesti\u00f3 del paisatge, els incendis forestals i com introduir aquests conceptes a les aules. La Fundaci\u00f3 Pau Costa som una entitat sense \u00e0nim de lucre que posa el&nbsp;focus&nbsp;en la gesti\u00f3 del risc [&hellip;]<\/p>\n","protected":false},"author":1,"featured_media":24230,"comment_status":"open","ping_status":"open","sticky":false,"template":"","format":"standard","meta":{"_bbp_topic_count":0,"_bbp_reply_count":0,"_bbp_total_topic_count":0,"_bbp_total_reply_count":0,"_bbp_voice_count":0,"_bbp_anonymous_reply_count":0,"_bbp_topic_count_hidden":0,"_bbp_reply_count_hidden":0,"_bbp_forum_subforum_count":0,"site-sidebar-layout":"default","site-content-layout":"","ast-site-content-layout":"default","site-content-style":"default","site-sidebar-style":"default","ast-global-header-display":"","ast-banner-title-visibility":"","ast-main-header-display":"","ast-hfb-above-header-display":"","ast-hfb-below-header-display":"","ast-hfb-mobile-header-display":"","site-post-title":"","ast-breadcrumbs-content":"","ast-featured-img":"","footer-sml-layout":"","theme-transparent-header-meta":"","adv-header-id-meta":"","stick-header-meta":"","header-above-stick-meta":"","header-main-stick-meta":"","header-below-stick-meta":"","astra-migrate-meta-layouts":"set","ast-page-background-enabled":"default","ast-page-background-meta":{"desktop":{"background-color":"var(--ast-global-color-4)","background-image":"","background-repeat":"repeat","background-position":"center center","background-size":"auto","background-attachment":"scroll","background-type":"","background-media":"","overlay-type":"","overlay-color":"","overlay-opacity":"","overlay-gradient":""},"tablet":{"background-color":"","background-image":"","background-repeat":"repeat","background-position":"center center","background-size":"auto","background-attachment":"scroll","background-type":"","background-media":"","overlay-type":"","overlay-color":"","overlay-opacity":"","overlay-gradient":""},"mobile":{"background-color":"","background-image":"","background-repeat":"repeat","background-position":"center center","background-size":"auto","background-attachment":"scroll","background-type":"","background-media":"","overlay-type":"","overlay-color":"","overlay-opacity":"","overlay-gradient":""}},"ast-content-background-meta":{"desktop":{"background-color":"var(--ast-global-color-5)","background-image":"","background-repeat":"repeat","background-position":"center center","background-size":"auto","background-attachment":"scroll","background-type":"","background-media":"","overlay-type":"","overlay-color":"","overlay-opacity":"","overlay-gradient":""},"tablet":{"background-color":"var(--ast-global-color-5)","background-image":"","background-repeat":"repeat","background-position":"center center","background-size":"auto","background-attachment":"scroll","background-type":"","background-media":"","overlay-type":"","overlay-color":"","overlay-opacity":"","overlay-gradient":""},"mobile":{"background-color":"var(--ast-global-color-5)","background-image":"","background-repeat":"repeat","background-position":"center center","background-size":"auto","background-attachment":"scroll","background-type":"","background-media":"","overlay-type":"","overlay-color":"","overlay-opacity":"","overlay-gradient":""}},"footnotes":""},"categories":[29],"tags":[],"class_list":["post-24229","post","type-post","status-publish","format-standard","has-post-thumbnail","hentry","category-portada"],"post_mailing_queue_ids":[],"_links":{"self":[{"href":"https:\/\/serveiseducatius.xtec.cat\/vallesoriental4\/wp-json\/wp\/v2\/posts\/24229","targetHints":{"allow":["GET"]}}],"collection":[{"href":"https:\/\/serveiseducatius.xtec.cat\/vallesoriental4\/wp-json\/wp\/v2\/posts"}],"about":[{"href":"https:\/\/serveiseducatius.xtec.cat\/vallesoriental4\/wp-json\/wp\/v2\/types\/post"}],"author":[{"embeddable":true,"href":"https:\/\/serveiseducatius.xtec.cat\/vallesoriental4\/wp-json\/wp\/v2\/users\/1"}],"replies":[{"embeddable":true,"href":"https:\/\/serveiseducatius.xtec.cat\/vallesoriental4\/wp-json\/wp\/v2\/comments?post=24229"}],"version-history":[{"count":1,"href":"https:\/\/serveiseducatius.xtec.cat\/vallesoriental4\/wp-json\/wp\/v2\/posts\/24229\/revisions"}],"predecessor-version":[{"id":24231,"href":"https:\/\/serveiseducatius.xtec.cat\/vallesoriental4\/wp-json\/wp\/v2\/posts\/24229\/revisions\/24231"}],"wp:featuredmedia":[{"embeddable":true,"href":"https:\/\/serveiseducatius.xtec.cat\/vallesoriental4\/wp-json\/wp\/v2\/media\/24230"}],"wp:attachment":[{"href":"https:\/\/serveiseducatius.xtec.cat\/vallesoriental4\/wp-json\/wp\/v2\/media?parent=24229"}],"wp:term":[{"taxonomy":"category","embeddable":true,"href":"https:\/\/serveiseducatius.xtec.cat\/vallesoriental4\/wp-json\/wp\/v2\/categories?post=24229"},{"taxonomy":"post_tag","embeddable":true,"href":"https:\/\/serveiseducatius.xtec.cat\/vallesoriental4\/wp-json\/wp\/v2\/tags?post=24229"}],"curies":[{"name":"wp","href":"https:\/\/api.w.org\/{rel}","templated":true}]}}