{"id":24042,"date":"2025-11-26T08:19:43","date_gmt":"2025-11-26T07:19:43","guid":{"rendered":"https:\/\/serveiseducatius.xtec.cat\/vallesoriental4\/?p=24042"},"modified":"2025-11-26T08:19:44","modified_gmt":"2025-11-26T07:19:44","slug":"inscripcions-obertes-al-iv-congres-nacional-deducacio-ambiental-2026-ara-fem-futur","status":"publish","type":"post","link":"https:\/\/serveiseducatius.xtec.cat\/vallesoriental4\/portada\/inscripcions-obertes-al-iv-congres-nacional-deducacio-ambiental-2026-ara-fem-futur\/","title":{"rendered":"Inscripcions obertes al IV Congr\u00e9s Nacional d\u2019Educaci\u00f3 Ambiental (2026) \u2013 Ara fem futur"},"content":{"rendered":"\n<p>ja estan obertes les inscripcions per al&nbsp;<strong>IV Congr\u00e9s Nacional d\u2019Educaci\u00f3 Ambiental (CNEA)<\/strong>, que porta el lema&nbsp;<strong>\u201cAra fem futur\u201d<\/strong>. Com a participants d\u2019anteriors edicions volem convidar-vos novament a formar part d\u2019aquest espai, que enguany posar\u00e0 la mirada sobre canvis i noves tend\u00e8ncies educatives i globals que estem vivint, per reflexionar col\u00b7lectivament sobre com hi hem d\u2019intervenir des de l\u2019educaci\u00f3 ambiental.<\/p>\n\n\n\n<p>El programa d\u2019aquest Congr\u00e9s inclou quatre sessions&nbsp;<strong>en l\u00ednia<\/strong>&nbsp;i una jornada&nbsp;<strong>presencial a Manresa<\/strong>:<\/p>\n\n\n\n<p><strong><\/strong><strong>&nbsp;Programa<\/strong><\/p>\n\n\n\n<ul class=\"wp-block-list\">\n<li><strong>26 de gener (17:00\u201319:00 h) \u2013 en l\u00ednia:<\/strong>\u00a0<em>Inauguraci\u00f3. El dec\u00e0leg del CNEA al present, per encarar el futur.\u00a0<\/em>Amb: Jorge Riechmann<\/li>\n\n\n\n<li><strong>2 de febrer (17:00\u201319:00 h) \u2013 en l\u00ednia:<\/strong>\u00a0<em>Tres fils, una trena: docents, educadores ambientals i investigadores.\u00a0<\/em>Amb: Ponents a confirmar<\/li>\n\n\n\n<li><strong>9 de febrer (17:00\u201319:00 h) \u2013 en l\u00ednia:<\/strong>\u00a0<em>EA en temps d\u2019IA: cap a una conviv\u00e8ncia conscient.\u00a0<\/em>Amb: \u00c1lvaro Pe\u00f1a i Neus Lorenzo<\/li>\n\n\n\n<li><strong>16 de febrer (17:00\u201319:00 h) \u2013 en l\u00ednia:<\/strong>\u00a0<em>Educaci\u00f3 ambiental: influ\u00e8ncia o refer\u00e8ncia?\u00a0<\/em>Amb: Fernando Valladares (CSIC), Carmen Huidobro y Bel\u00e9n Hinojar (ClimaBar)<\/li>\n\n\n\n<li><strong>26 de febrer (8:30\u201315:30 h) \u2013 Presencial a Manresa:<\/strong>\u00a0<em>Pon\u00e8ncies marc, tallers de debat, activitats participatives i vermut musical de cloenda.<\/em><\/li>\n<\/ul>\n\n\n\n<p>Les sessions del congr\u00e9s s\u00f3n&nbsp;<strong>gratu\u00eftes<\/strong>, per\u00f2 amb&nbsp;<strong>places limitades<\/strong>, per la qual cosa us animem a inscriure-us el m\u00e9s aviat possible a trav\u00e9s del seg\u00fcent&nbsp;<a href=\"https:\/\/forms.gle\/ADYbRs4xpftQ7DbP6\" target=\"_blank\" rel=\"noreferrer noopener\"><strong>formulari<\/strong><\/a>.&nbsp;<\/p>\n\n\n\n<p><strong><a href=\"https:\/\/docs.google.com\/forms\/d\/e\/1FAIpQLSfsMNS4kvFV6YjhXKLdf0CjJ6peiamJFyLYuMmq37cbjNahGw\/viewform\" target=\"_blank\" rel=\"noreferrer noopener\">FORMULARI D&#8217;INSCRIPCI\u00d3<\/a><\/strong><\/p>\n","protected":false},"excerpt":{"rendered":"<p>ja estan obertes les inscripcions per al&nbsp;IV Congr\u00e9s Nacional d\u2019Educaci\u00f3 Ambiental (CNEA), que porta el lema&nbsp;\u201cAra fem futur\u201d. Com a participants d\u2019anteriors edicions volem convidar-vos novament a formar part d\u2019aquest espai, que enguany posar\u00e0 la mirada sobre canvis i noves tend\u00e8ncies educatives i globals que estem vivint, per reflexionar col\u00b7lectivament sobre com hi hem d\u2019intervenir [&hellip;]<\/p>\n","protected":false},"author":1,"featured_media":24043,"comment_status":"open","ping_status":"open","sticky":false,"template":"","format":"standard","meta":{"_bbp_topic_count":0,"_bbp_reply_count":0,"_bbp_total_topic_count":0,"_bbp_total_reply_count":0,"_bbp_voice_count":0,"_bbp_anonymous_reply_count":0,"_bbp_topic_count_hidden":0,"_bbp_reply_count_hidden":0,"_bbp_forum_subforum_count":0,"site-sidebar-layout":"default","site-content-layout":"","ast-site-content-layout":"default","site-content-style":"default","site-sidebar-style":"default","ast-global-header-display":"","ast-banner-title-visibility":"","ast-main-header-display":"","ast-hfb-above-header-display":"","ast-hfb-below-header-display":"","ast-hfb-mobile-header-display":"","site-post-title":"","ast-breadcrumbs-content":"","ast-featured-img":"","footer-sml-layout":"","theme-transparent-header-meta":"","adv-header-id-meta":"","stick-header-meta":"","header-above-stick-meta":"","header-main-stick-meta":"","header-below-stick-meta":"","astra-migrate-meta-layouts":"set","ast-page-background-enabled":"default","ast-page-background-meta":{"desktop":{"background-color":"var(--ast-global-color-4)","background-image":"","background-repeat":"repeat","background-position":"center center","background-size":"auto","background-attachment":"scroll","background-type":"","background-media":"","overlay-type":"","overlay-color":"","overlay-opacity":"","overlay-gradient":""},"tablet":{"background-color":"","background-image":"","background-repeat":"repeat","background-position":"center center","background-size":"auto","background-attachment":"scroll","background-type":"","background-media":"","overlay-type":"","overlay-color":"","overlay-opacity":"","overlay-gradient":""},"mobile":{"background-color":"","background-image":"","background-repeat":"repeat","background-position":"center center","background-size":"auto","background-attachment":"scroll","background-type":"","background-media":"","overlay-type":"","overlay-color":"","overlay-opacity":"","overlay-gradient":""}},"ast-content-background-meta":{"desktop":{"background-color":"var(--ast-global-color-5)","background-image":"","background-repeat":"repeat","background-position":"center center","background-size":"auto","background-attachment":"scroll","background-type":"","background-media":"","overlay-type":"","overlay-color":"","overlay-opacity":"","overlay-gradient":""},"tablet":{"background-color":"var(--ast-global-color-5)","background-image":"","background-repeat":"repeat","background-position":"center center","background-size":"auto","background-attachment":"scroll","background-type":"","background-media":"","overlay-type":"","overlay-color":"","overlay-opacity":"","overlay-gradient":""},"mobile":{"background-color":"var(--ast-global-color-5)","background-image":"","background-repeat":"repeat","background-position":"center center","background-size":"auto","background-attachment":"scroll","background-type":"","background-media":"","overlay-type":"","overlay-color":"","overlay-opacity":"","overlay-gradient":""}},"footnotes":""},"categories":[29],"tags":[],"class_list":["post-24042","post","type-post","status-publish","format-standard","has-post-thumbnail","hentry","category-portada"],"post_mailing_queue_ids":[],"_links":{"self":[{"href":"https:\/\/serveiseducatius.xtec.cat\/vallesoriental4\/wp-json\/wp\/v2\/posts\/24042","targetHints":{"allow":["GET"]}}],"collection":[{"href":"https:\/\/serveiseducatius.xtec.cat\/vallesoriental4\/wp-json\/wp\/v2\/posts"}],"about":[{"href":"https:\/\/serveiseducatius.xtec.cat\/vallesoriental4\/wp-json\/wp\/v2\/types\/post"}],"author":[{"embeddable":true,"href":"https:\/\/serveiseducatius.xtec.cat\/vallesoriental4\/wp-json\/wp\/v2\/users\/1"}],"replies":[{"embeddable":true,"href":"https:\/\/serveiseducatius.xtec.cat\/vallesoriental4\/wp-json\/wp\/v2\/comments?post=24042"}],"version-history":[{"count":1,"href":"https:\/\/serveiseducatius.xtec.cat\/vallesoriental4\/wp-json\/wp\/v2\/posts\/24042\/revisions"}],"predecessor-version":[{"id":24044,"href":"https:\/\/serveiseducatius.xtec.cat\/vallesoriental4\/wp-json\/wp\/v2\/posts\/24042\/revisions\/24044"}],"wp:featuredmedia":[{"embeddable":true,"href":"https:\/\/serveiseducatius.xtec.cat\/vallesoriental4\/wp-json\/wp\/v2\/media\/24043"}],"wp:attachment":[{"href":"https:\/\/serveiseducatius.xtec.cat\/vallesoriental4\/wp-json\/wp\/v2\/media?parent=24042"}],"wp:term":[{"taxonomy":"category","embeddable":true,"href":"https:\/\/serveiseducatius.xtec.cat\/vallesoriental4\/wp-json\/wp\/v2\/categories?post=24042"},{"taxonomy":"post_tag","embeddable":true,"href":"https:\/\/serveiseducatius.xtec.cat\/vallesoriental4\/wp-json\/wp\/v2\/tags?post=24042"}],"curies":[{"name":"wp","href":"https:\/\/api.w.org\/{rel}","templated":true}]}}