{"id":23997,"date":"2025-11-07T10:03:03","date_gmt":"2025-11-07T09:03:03","guid":{"rendered":"https:\/\/serveiseducatius.xtec.cat\/vallesoriental4\/?p=23997"},"modified":"2025-11-07T10:03:04","modified_gmt":"2025-11-07T09:03:04","slug":"6a-trobada-dexperts-entitats-socials-i-joves-kabua-2025","status":"publish","type":"post","link":"https:\/\/serveiseducatius.xtec.cat\/vallesoriental4\/portada\/6a-trobada-dexperts-entitats-socials-i-joves-kabua-2025\/","title":{"rendered":"6a Trobada d&#8217;Experts, Entitats socials i Joves KABUA 2025"},"content":{"rendered":"\n<p>\u00c9s un plaer convidar-vos a la Trobada de Joves i Experts 2025, un espai de curiositat, inter\u00e8s i aprenentatge pensat perqu\u00e8 els joves tinguin l&#8217;oportunitat de plantejar les seves inquietuds, resoldre dubtes i dialogar amb figures expertes en \u00e0mbits tan essencials&nbsp;com les xarxes socials i salut mental&nbsp;i les relacions t\u00f2xiques.<\/p>\n\n\n\n<p>La trobada es desenvolupar\u00e0 a trav\u00e9s de din\u00e0miques i activitats pensades per fomentar la cooperaci\u00f3, la presa de decisions i l\u2019aprenentatge actiu. Tot aix\u00f2 de manera completament gratu\u00efta.<br>Ens trobarem el 29 de novembre de 10 h a 13 h.&nbsp;<em>Espai pendent&nbsp;de confirmar.<\/em><\/p>\n\n\n\n<p>Per garantir la qualitat de les activitats, les places seran limitades. Aix\u00ed que us animem a confirmar la vostra assist\u00e8ncia al m\u00e9s aviat possible i assegurar la vostra pla\u00e7a.<br>Per poder confirmar la vostra pla\u00e7a<strong>&nbsp;contesteu aquest correu dient-nos un\/a responsable i enviant-nos el seu&nbsp;correu o n\u00famero de tel\u00e8fon informant-nos de la quantitat de persones que vindran.&nbsp;<\/strong><\/p>\n\n\n\n<p>Som Kabua, la plataforma d\u2019acci\u00f3 social impulsada per la Universitat Aut\u00f2noma de Barcelona, amb la missi\u00f3 de construir espais on les inquietuds, els dubtes i les passions dels joves prenguin veu i es converteixin en motor de canvi.<br>Aquesta trobada no \u00e9s nom\u00e9s una activitat; \u00e9s el punt d&#8217;inici d&#8217;un moviment.<\/p>\n\n\n\n<p>Reserva la teva pla\u00e7a i forma part d\u2019aquesta nova onada d\u2019acci\u00f3 i reflexi\u00f3.<br>Ens veiem el 29 de novembre. Sigues part del canvi.<\/p>\n\n\n\n<p><br>Equip Kabua<\/p>\n\n\n\n<p><a href=\"https:\/\/sites.google.com\/view\/plataformakabua\/\" target=\"_blank\" rel=\"noreferrer noopener\">Visita Kabua<\/a><\/p>\n","protected":false},"excerpt":{"rendered":"<p>\u00c9s un plaer convidar-vos a la Trobada de Joves i Experts 2025, un espai de curiositat, inter\u00e8s i aprenentatge pensat perqu\u00e8 els joves tinguin l&#8217;oportunitat de plantejar les seves inquietuds, resoldre dubtes i dialogar amb figures expertes en \u00e0mbits tan essencials&nbsp;com les xarxes socials i salut mental&nbsp;i les relacions t\u00f2xiques. La trobada es desenvolupar\u00e0 a [&hellip;]<\/p>\n","protected":false},"author":1,"featured_media":23998,"comment_status":"open","ping_status":"open","sticky":false,"template":"","format":"standard","meta":{"_bbp_topic_count":0,"_bbp_reply_count":0,"_bbp_total_topic_count":0,"_bbp_total_reply_count":0,"_bbp_voice_count":0,"_bbp_anonymous_reply_count":0,"_bbp_topic_count_hidden":0,"_bbp_reply_count_hidden":0,"_bbp_forum_subforum_count":0,"site-sidebar-layout":"default","site-content-layout":"","ast-site-content-layout":"default","site-content-style":"default","site-sidebar-style":"default","ast-global-header-display":"","ast-banner-title-visibility":"","ast-main-header-display":"","ast-hfb-above-header-display":"","ast-hfb-below-header-display":"","ast-hfb-mobile-header-display":"","site-post-title":"","ast-breadcrumbs-content":"","ast-featured-img":"","footer-sml-layout":"","theme-transparent-header-meta":"","adv-header-id-meta":"","stick-header-meta":"","header-above-stick-meta":"","header-main-stick-meta":"","header-below-stick-meta":"","astra-migrate-meta-layouts":"set","ast-page-background-enabled":"default","ast-page-background-meta":{"desktop":{"background-color":"var(--ast-global-color-4)","background-image":"","background-repeat":"repeat","background-position":"center center","background-size":"auto","background-attachment":"scroll","background-type":"","background-media":"","overlay-type":"","overlay-color":"","overlay-opacity":"","overlay-gradient":""},"tablet":{"background-color":"","background-image":"","background-repeat":"repeat","background-position":"center center","background-size":"auto","background-attachment":"scroll","background-type":"","background-media":"","overlay-type":"","overlay-color":"","overlay-opacity":"","overlay-gradient":""},"mobile":{"background-color":"","background-image":"","background-repeat":"repeat","background-position":"center center","background-size":"auto","background-attachment":"scroll","background-type":"","background-media":"","overlay-type":"","overlay-color":"","overlay-opacity":"","overlay-gradient":""}},"ast-content-background-meta":{"desktop":{"background-color":"var(--ast-global-color-5)","background-image":"","background-repeat":"repeat","background-position":"center center","background-size":"auto","background-attachment":"scroll","background-type":"","background-media":"","overlay-type":"","overlay-color":"","overlay-opacity":"","overlay-gradient":""},"tablet":{"background-color":"var(--ast-global-color-5)","background-image":"","background-repeat":"repeat","background-position":"center center","background-size":"auto","background-attachment":"scroll","background-type":"","background-media":"","overlay-type":"","overlay-color":"","overlay-opacity":"","overlay-gradient":""},"mobile":{"background-color":"var(--ast-global-color-5)","background-image":"","background-repeat":"repeat","background-position":"center center","background-size":"auto","background-attachment":"scroll","background-type":"","background-media":"","overlay-type":"","overlay-color":"","overlay-opacity":"","overlay-gradient":""}},"footnotes":""},"categories":[29],"tags":[],"class_list":["post-23997","post","type-post","status-publish","format-standard","has-post-thumbnail","hentry","category-portada"],"post_mailing_queue_ids":[],"_links":{"self":[{"href":"https:\/\/serveiseducatius.xtec.cat\/vallesoriental4\/wp-json\/wp\/v2\/posts\/23997","targetHints":{"allow":["GET"]}}],"collection":[{"href":"https:\/\/serveiseducatius.xtec.cat\/vallesoriental4\/wp-json\/wp\/v2\/posts"}],"about":[{"href":"https:\/\/serveiseducatius.xtec.cat\/vallesoriental4\/wp-json\/wp\/v2\/types\/post"}],"author":[{"embeddable":true,"href":"https:\/\/serveiseducatius.xtec.cat\/vallesoriental4\/wp-json\/wp\/v2\/users\/1"}],"replies":[{"embeddable":true,"href":"https:\/\/serveiseducatius.xtec.cat\/vallesoriental4\/wp-json\/wp\/v2\/comments?post=23997"}],"version-history":[{"count":1,"href":"https:\/\/serveiseducatius.xtec.cat\/vallesoriental4\/wp-json\/wp\/v2\/posts\/23997\/revisions"}],"predecessor-version":[{"id":23999,"href":"https:\/\/serveiseducatius.xtec.cat\/vallesoriental4\/wp-json\/wp\/v2\/posts\/23997\/revisions\/23999"}],"wp:featuredmedia":[{"embeddable":true,"href":"https:\/\/serveiseducatius.xtec.cat\/vallesoriental4\/wp-json\/wp\/v2\/media\/23998"}],"wp:attachment":[{"href":"https:\/\/serveiseducatius.xtec.cat\/vallesoriental4\/wp-json\/wp\/v2\/media?parent=23997"}],"wp:term":[{"taxonomy":"category","embeddable":true,"href":"https:\/\/serveiseducatius.xtec.cat\/vallesoriental4\/wp-json\/wp\/v2\/categories?post=23997"},{"taxonomy":"post_tag","embeddable":true,"href":"https:\/\/serveiseducatius.xtec.cat\/vallesoriental4\/wp-json\/wp\/v2\/tags?post=23997"}],"curies":[{"name":"wp","href":"https:\/\/api.w.org\/{rel}","templated":true}]}}