{"id":23861,"date":"2025-10-22T12:31:07","date_gmt":"2025-10-22T10:31:07","guid":{"rendered":"https:\/\/serveiseducatius.xtec.cat\/vallesoriental4\/?p=23861"},"modified":"2025-10-22T12:31:08","modified_gmt":"2025-10-22T10:31:08","slug":"guardat-les-dates-el-26-de-gener-del-2026-comenca-el-iv-cnea-ara-fem-futur","status":"publish","type":"post","link":"https:\/\/serveiseducatius.xtec.cat\/vallesoriental4\/portada\/guardat-les-dates-el-26-de-gener-del-2026-comenca-el-iv-cnea-ara-fem-futur\/","title":{"rendered":"Guarda&#8217;t les dates! El 26 de gener del 2026 comen\u00e7a el IV CNEA. Ara fem futur!"},"content":{"rendered":"\n<p>El proper Dia Mundial de l&#8217;Educaci\u00f3 Ambiental donarem el toc d\u2019inici a la quarta edici\u00f3 del Congr\u00e9s Nacional d\u2019Educaci\u00f3 Ambiental, sota el lema &#8220;Ara fem futur&#8221;.<\/p>\n\n\n\n<p>El 26 de gener de l\u2019any vinent, coincidint amb l&#8217;efem\u00e8ride de l&#8217;Educaci\u00f3 Ambiental, comen\u00e7ar\u00e0 una edici\u00f3 molt especial del principal espai de trobada de l\u2019educaci\u00f3 ambiental a Catalunya, que es perllongar\u00e0 durant tot un mes fins al 26 de febrer, quan tindr\u00e0 lloc la clausura al Conservatori Municipal de M\u00fasica de Manresa.<\/p>\n\n\n\n<p>El lema del IV CNEA,&nbsp;<strong>Ara fem futur,&nbsp;<\/strong>recull el testimoni de \u201cconstruir comunitats cap a la just\u00edcia ecosocial\u201d, \u201cteixir aliances\u201d i l\u2019aposta per la \u201ctransformaci\u00f3 col\u00b7lectiva\u201d dels anteriors congressos per posar el focus en com projectem i fem possible el futur des de l\u2019educaci\u00f3 ambiental, amb una mirada col\u00b7lectiva, creativa i compromesa.<\/p>\n\n\n\n<p>El nou congr\u00e9s combinar\u00e0 quatre sessions en l\u00ednia amb una trobada final presencial a Manresa, per debatre, compartir i construir conjuntament:<\/p>\n\n\n\n<p>Ben aviat anunciarem el programa complet del Congr\u00e9s, tant de les sessions en l\u00ednia com de la jornada final a Manresa, i obrirem el per\u00edode d&#8217;inscripcions.<\/p>\n\n\n\n<p>Guarda&#8217;t les dates i segueix @cnea_cat a X per estar al dia de totes les novetats! M\u00e9s informaci\u00f3 sobre aquesta i les anteriors edicions del Congr\u00e9s:\u00a0<a href=\"http:\/\/www.cnea.cat\/\" target=\"_blank\" rel=\"noreferrer noopener\">www.cnea.cat<\/a><\/p>\n\n\n\n<p>M\u00e9s informaci\u00f3 sobre aquesta i les anteriors edicions del Congr\u00e9s:\u00a0<a href=\"http:\/\/www.cnea.cat\/\" target=\"_blank\" rel=\"noreferrer noopener\">www.cnea.cat<\/a>\u00a0<\/p>\n\n\n\n<p><\/p>\n","protected":false},"excerpt":{"rendered":"<p>El proper Dia Mundial de l&#8217;Educaci\u00f3 Ambiental donarem el toc d\u2019inici a la quarta edici\u00f3 del Congr\u00e9s Nacional d\u2019Educaci\u00f3 Ambiental, sota el lema &#8220;Ara fem futur&#8221;. El 26 de gener de l\u2019any vinent, coincidint amb l&#8217;efem\u00e8ride de l&#8217;Educaci\u00f3 Ambiental, comen\u00e7ar\u00e0 una edici\u00f3 molt especial del principal espai de trobada de l\u2019educaci\u00f3 ambiental a Catalunya, que [&hellip;]<\/p>\n","protected":false},"author":1,"featured_media":23862,"comment_status":"open","ping_status":"open","sticky":false,"template":"","format":"standard","meta":{"_bbp_topic_count":0,"_bbp_reply_count":0,"_bbp_total_topic_count":0,"_bbp_total_reply_count":0,"_bbp_voice_count":0,"_bbp_anonymous_reply_count":0,"_bbp_topic_count_hidden":0,"_bbp_reply_count_hidden":0,"_bbp_forum_subforum_count":0,"site-sidebar-layout":"default","site-content-layout":"","ast-site-content-layout":"default","site-content-style":"default","site-sidebar-style":"default","ast-global-header-display":"","ast-banner-title-visibility":"","ast-main-header-display":"","ast-hfb-above-header-display":"","ast-hfb-below-header-display":"","ast-hfb-mobile-header-display":"","site-post-title":"","ast-breadcrumbs-content":"","ast-featured-img":"","footer-sml-layout":"","theme-transparent-header-meta":"","adv-header-id-meta":"","stick-header-meta":"","header-above-stick-meta":"","header-main-stick-meta":"","header-below-stick-meta":"","astra-migrate-meta-layouts":"set","ast-page-background-enabled":"default","ast-page-background-meta":{"desktop":{"background-color":"var(--ast-global-color-4)","background-image":"","background-repeat":"repeat","background-position":"center center","background-size":"auto","background-attachment":"scroll","background-type":"","background-media":"","overlay-type":"","overlay-color":"","overlay-opacity":"","overlay-gradient":""},"tablet":{"background-color":"","background-image":"","background-repeat":"repeat","background-position":"center center","background-size":"auto","background-attachment":"scroll","background-type":"","background-media":"","overlay-type":"","overlay-color":"","overlay-opacity":"","overlay-gradient":""},"mobile":{"background-color":"","background-image":"","background-repeat":"repeat","background-position":"center center","background-size":"auto","background-attachment":"scroll","background-type":"","background-media":"","overlay-type":"","overlay-color":"","overlay-opacity":"","overlay-gradient":""}},"ast-content-background-meta":{"desktop":{"background-color":"var(--ast-global-color-5)","background-image":"","background-repeat":"repeat","background-position":"center center","background-size":"auto","background-attachment":"scroll","background-type":"","background-media":"","overlay-type":"","overlay-color":"","overlay-opacity":"","overlay-gradient":""},"tablet":{"background-color":"var(--ast-global-color-5)","background-image":"","background-repeat":"repeat","background-position":"center center","background-size":"auto","background-attachment":"scroll","background-type":"","background-media":"","overlay-type":"","overlay-color":"","overlay-opacity":"","overlay-gradient":""},"mobile":{"background-color":"var(--ast-global-color-5)","background-image":"","background-repeat":"repeat","background-position":"center center","background-size":"auto","background-attachment":"scroll","background-type":"","background-media":"","overlay-type":"","overlay-color":"","overlay-opacity":"","overlay-gradient":""}},"footnotes":""},"categories":[29],"tags":[],"class_list":["post-23861","post","type-post","status-publish","format-standard","has-post-thumbnail","hentry","category-portada"],"post_mailing_queue_ids":[],"_links":{"self":[{"href":"https:\/\/serveiseducatius.xtec.cat\/vallesoriental4\/wp-json\/wp\/v2\/posts\/23861","targetHints":{"allow":["GET"]}}],"collection":[{"href":"https:\/\/serveiseducatius.xtec.cat\/vallesoriental4\/wp-json\/wp\/v2\/posts"}],"about":[{"href":"https:\/\/serveiseducatius.xtec.cat\/vallesoriental4\/wp-json\/wp\/v2\/types\/post"}],"author":[{"embeddable":true,"href":"https:\/\/serveiseducatius.xtec.cat\/vallesoriental4\/wp-json\/wp\/v2\/users\/1"}],"replies":[{"embeddable":true,"href":"https:\/\/serveiseducatius.xtec.cat\/vallesoriental4\/wp-json\/wp\/v2\/comments?post=23861"}],"version-history":[{"count":1,"href":"https:\/\/serveiseducatius.xtec.cat\/vallesoriental4\/wp-json\/wp\/v2\/posts\/23861\/revisions"}],"predecessor-version":[{"id":23863,"href":"https:\/\/serveiseducatius.xtec.cat\/vallesoriental4\/wp-json\/wp\/v2\/posts\/23861\/revisions\/23863"}],"wp:featuredmedia":[{"embeddable":true,"href":"https:\/\/serveiseducatius.xtec.cat\/vallesoriental4\/wp-json\/wp\/v2\/media\/23862"}],"wp:attachment":[{"href":"https:\/\/serveiseducatius.xtec.cat\/vallesoriental4\/wp-json\/wp\/v2\/media?parent=23861"}],"wp:term":[{"taxonomy":"category","embeddable":true,"href":"https:\/\/serveiseducatius.xtec.cat\/vallesoriental4\/wp-json\/wp\/v2\/categories?post=23861"},{"taxonomy":"post_tag","embeddable":true,"href":"https:\/\/serveiseducatius.xtec.cat\/vallesoriental4\/wp-json\/wp\/v2\/tags?post=23861"}],"curies":[{"name":"wp","href":"https:\/\/api.w.org\/{rel}","templated":true}]}}