{"id":23689,"date":"2025-10-13T10:06:30","date_gmt":"2025-10-13T08:06:30","guid":{"rendered":"https:\/\/serveiseducatius.xtec.cat\/vallesoriental4\/?p=23689"},"modified":"2025-10-13T10:06:30","modified_gmt":"2025-10-13T08:06:30","slug":"jornades-dintercanvi-educacio-global-contra-la-xenofobia-acnur-22-23-doctubre","status":"publish","type":"post","link":"https:\/\/serveiseducatius.xtec.cat\/vallesoriental4\/portada\/jornades-dintercanvi-educacio-global-contra-la-xenofobia-acnur-22-23-doctubre\/","title":{"rendered":"Jornades d&#8217;intercanvi Educaci\u00f3 Global contra la xenof\u00f2bia &#8211; ACNUR, 22-23 d&#8217;octubre"},"content":{"rendered":"<p><span style=\"color: #0000ff;\"><span style=\"font-family: Calibri, sans-serif;\"><span style=\"font-size: medium;\"><span style=\"color: #222222;\">Ens complau informar-vos que s\u2019apropa l\u2019esdeveniment <\/span><span style=\"color: #222222;\"><i>Educaci\u00f3 Global contra la Xenof\u00f2bia: Intercanvi de bones pr\u00e0ctiques locals i globals en la formaci\u00f3 inicial del professorat<\/i><\/span><span style=\"color: #222222;\">, organitzat pel Comit\u00e8 Catal\u00e0 de l\u2019ACNUR en col\u00b7laboraci\u00f3 amb la Fundaci\u00f3 Solidaritat UB.\u00a0<\/span><\/span><\/span><\/span><\/p>\n<p><img loading=\"lazy\" decoding=\"async\" src=\"file:\/\/\/C:\/Users\/lflore15\/AppData\/Local\/Temp\/lu734016si2.tmp\/lu734016si9_tmp_593f6597e4286d9a.png\" alt=\"\ud83d\uddd3\ufe0f\" width=\"32\" height=\"32\" name=\"Imatge1\" align=\"bottom\" border=\"0\" \/> <span style=\"font-family: Calibri, sans-serif;\">Dates: 22 i 23 d\u2019octubre de 2025\u00a0\u00a0<\/span><\/p>\n<p><img loading=\"lazy\" decoding=\"async\" src=\"file:\/\/\/C:\/Users\/lflore15\/AppData\/Local\/Temp\/lu734016si2.tmp\/lu734016si9_tmp_f057e4afcb71bda8.png\" alt=\"\ud83d\udccd\" width=\"32\" height=\"32\" name=\"Imatge2\" align=\"bottom\" border=\"0\" \/> <span style=\"font-family: Calibri, sans-serif;\">Lloc: Edifici Hist\u00f2ric de la Universitat de Barcelona \u2013 Carrer d\u2019Aribau, 2 (Barcelona)\u00a0<\/span><\/p>\n<p><img loading=\"lazy\" decoding=\"async\" src=\"file:\/\/\/C:\/Users\/lflore15\/AppData\/Local\/Temp\/lu734016si2.tmp\/lu734016si9_tmp_cf4ba12fc9d1654.png\" alt=\"\ud83d\udda5\ufe0f\" width=\"32\" height=\"32\" name=\"Imatge3\" align=\"bottom\" border=\"0\" \/> <span style=\"font-family: Calibri, sans-serif;\">Les taules rodones del dia 22 d\u2019octubre\u00a0es podran seguir tamb\u00e9 en l\u00ednia.\u00a0\u00a0\u00a0<\/span><\/p>\n<p>&nbsp;<\/p>\n<p><span style=\"font-family: Calibri, sans-serif;\">L\u2019esdeveniment reunir\u00e0 representants d\u2019universitats de Catalunya i Jord\u00e0nia, aix\u00ed com d\u2019institucions i organitzacions educatives nacionals i internacionals. Comptarem amb la participaci\u00f3 de figures destacades com Grainne O\u2019Hara, representant d\u2019ACNUR a Espanya, i Zeina Jadaan, responsable dels programes d\u2019educaci\u00f3 d\u2019ACNUR Jord\u00e0nia.\u00a0<\/span><\/p>\n<p><span style=\"font-family: Calibri, sans-serif;\">A m\u00e9s, hi participaran persones refugiades col\u00b7laboradores del Comit\u00e8 Catal\u00e0 de l\u2019ACNUR, que contribueixen activament a la formaci\u00f3 del futur professorat en Educaci\u00f3 Global i en la promoci\u00f3 del dret a l\u2019asil.\u00a0<\/span><\/p>\n<p><span style=\"font-family: Calibri, sans-serif;\">El programa inclour\u00e0 taules rodones, pon\u00e8ncies magistrals i tallers tem\u00e0tics, concebuts per fomentar l\u2019intercanvi d\u2019experi\u00e8ncies i el di\u00e0leg col\u00b7laboratiu entre les persones i institucions participants.\u00a0<\/span><\/p>\n<p><span style=\"font-family: Calibri, sans-serif;\">La inscripci\u00f3, l\u2019assist\u00e8ncia i els \u00e0pats s\u00f3n gratu\u00efts, i romandr\u00e0 oberta fins al divendres 17 d\u2019octubre de 2025.\u00a0<\/span><\/p>\n<p><span style=\"font-family: Calibri, sans-serif;\">Podeu formalitzar la vostra inscripci\u00f3 a trav\u00e9s dels seg\u00fcents enlla\u00e7os \u2014on tamb\u00e9 trobareu el programa complet de les jornades:\u00a0<\/span><\/p>\n<p><a name=\"m_-1251042888434846793OWAe2b0cdde-8d0b-dba7-8d3d-d1e76cb144bb\"><\/a> <span style=\"color: #000000;\"><span style=\"font-family: Calibri, sans-serif;\">Formulari en catal\u00e0: <\/span><\/span><a href=\"https:\/\/forms.creacongresos.com\/ACNUR-2025\/ca\/\" target=\"_blank\" rel=\"noopener\"><span style=\"color: #467886;\"><span style=\"font-family: Calibri, sans-serif;\"><u>https:\/\/forms.creacongresos.com\/ACNUR-2025\/ca\/<\/u><\/span><\/span><\/a><span style=\"color: #000000;\"><span style=\"font-family: Calibri, sans-serif;\">\u00a0<\/span><\/span><\/p>\n<p><a name=\"m_-1251042888434846793OWAc1164350-2ad1-dc94-c9c5-17cb9e0afdef\"><\/a> <span style=\"color: #000000;\"><span style=\"font-family: Calibri, sans-serif;\">Formulari en angl\u00e8s: <\/span><\/span><a href=\"https:\/\/forms.creacongresos.com\/ACNUR-2025\/en\/\" target=\"_blank\" rel=\"noopener\"><span style=\"color: #467886;\"><span style=\"font-family: Calibri, sans-serif;\"><u>https:\/\/forms.creacongresos.com\/ACNUR-2025\/en\/<\/u><\/span><\/span><\/a><span style=\"color: #000000;\"><span style=\"font-family: Calibri, sans-serif;\">\u00a0<\/span><\/span><\/p>\n<p><span style=\"color: #222222;\"><span style=\"font-family: Calibri, sans-serif;\"><span style=\"color: #000000;\"><b>Us animem a fer-ne difusi\u00f3 entre els vostres contactes i xarxes per contribuir a promoure l\u2019Educaci\u00f3 Global, tot vetllant per una societat m\u00e9s justa, reflexiva i inclusiva. <\/b><\/span><\/span><\/span><\/p>\n<p><img decoding=\"async\" src=\"https:\/\/mail.google.com\/mail\/u\/0?ui=2&amp;ik=1b8842ac10&amp;attid=0.1&amp;permmsgid=msg-f:1845400504824140660&amp;th=199c2dfb565e9374&amp;view=fimg&amp;fur=ip&amp;permmsgid=msg-f:1845400504824140660&amp;sz=s0-l75-ft&amp;attbid=ANGjdJ9z6MEdlcJ9xX9_5D9YMaDUqK9uZ3ONvfeuec_1xaaOXen-qlOY2L9OJQ8HfeH9s5p0w1ZQ2Vprl-OJJXerqZHiKsXYtkB2TYRs-RuYBo9xjX1VS0n8j2ZNWzQ&amp;disp=emb&amp;zw\" \/><\/p>\n","protected":false},"excerpt":{"rendered":"<p>Ens complau informar-vos que s\u2019apropa l\u2019esdeveniment Educaci\u00f3 Global contra la Xenof\u00f2bia: Intercanvi de bones pr\u00e0ctiques locals i globals en la formaci\u00f3 inicial del professorat, organitzat pel Comit\u00e8 Catal\u00e0 de l\u2019ACNUR en col\u00b7laboraci\u00f3 amb la Fundaci\u00f3 Solidaritat UB.\u00a0 Dates: 22 i 23 d\u2019octubre de 2025\u00a0\u00a0 Lloc: Edifici Hist\u00f2ric de la Universitat de Barcelona \u2013 Carrer d\u2019Aribau, [&hellip;]<\/p>\n","protected":false},"author":1,"featured_media":23690,"comment_status":"open","ping_status":"open","sticky":false,"template":"","format":"standard","meta":{"_bbp_topic_count":0,"_bbp_reply_count":0,"_bbp_total_topic_count":0,"_bbp_total_reply_count":0,"_bbp_voice_count":0,"_bbp_anonymous_reply_count":0,"_bbp_topic_count_hidden":0,"_bbp_reply_count_hidden":0,"_bbp_forum_subforum_count":0,"site-sidebar-layout":"default","site-content-layout":"","ast-site-content-layout":"","site-content-style":"default","site-sidebar-style":"default","ast-global-header-display":"","ast-banner-title-visibility":"","ast-main-header-display":"","ast-hfb-above-header-display":"","ast-hfb-below-header-display":"","ast-hfb-mobile-header-display":"","site-post-title":"","ast-breadcrumbs-content":"","ast-featured-img":"","footer-sml-layout":"","theme-transparent-header-meta":"","adv-header-id-meta":"","stick-header-meta":"","header-above-stick-meta":"","header-main-stick-meta":"","header-below-stick-meta":"","astra-migrate-meta-layouts":"default","ast-page-background-enabled":"default","ast-page-background-meta":{"desktop":{"background-color":"var(--ast-global-color-4)","background-image":"","background-repeat":"repeat","background-position":"center center","background-size":"auto","background-attachment":"scroll","background-type":"","background-media":"","overlay-type":"","overlay-color":"","overlay-opacity":"","overlay-gradient":""},"tablet":{"background-color":"","background-image":"","background-repeat":"repeat","background-position":"center center","background-size":"auto","background-attachment":"scroll","background-type":"","background-media":"","overlay-type":"","overlay-color":"","overlay-opacity":"","overlay-gradient":""},"mobile":{"background-color":"","background-image":"","background-repeat":"repeat","background-position":"center center","background-size":"auto","background-attachment":"scroll","background-type":"","background-media":"","overlay-type":"","overlay-color":"","overlay-opacity":"","overlay-gradient":""}},"ast-content-background-meta":{"desktop":{"background-color":"var(--ast-global-color-5)","background-image":"","background-repeat":"repeat","background-position":"center center","background-size":"auto","background-attachment":"scroll","background-type":"","background-media":"","overlay-type":"","overlay-color":"","overlay-opacity":"","overlay-gradient":""},"tablet":{"background-color":"var(--ast-global-color-5)","background-image":"","background-repeat":"repeat","background-position":"center center","background-size":"auto","background-attachment":"scroll","background-type":"","background-media":"","overlay-type":"","overlay-color":"","overlay-opacity":"","overlay-gradient":""},"mobile":{"background-color":"var(--ast-global-color-5)","background-image":"","background-repeat":"repeat","background-position":"center center","background-size":"auto","background-attachment":"scroll","background-type":"","background-media":"","overlay-type":"","overlay-color":"","overlay-opacity":"","overlay-gradient":""}},"footnotes":""},"categories":[29],"tags":[],"class_list":["post-23689","post","type-post","status-publish","format-standard","has-post-thumbnail","hentry","category-portada"],"post_mailing_queue_ids":[],"_links":{"self":[{"href":"https:\/\/serveiseducatius.xtec.cat\/vallesoriental4\/wp-json\/wp\/v2\/posts\/23689","targetHints":{"allow":["GET"]}}],"collection":[{"href":"https:\/\/serveiseducatius.xtec.cat\/vallesoriental4\/wp-json\/wp\/v2\/posts"}],"about":[{"href":"https:\/\/serveiseducatius.xtec.cat\/vallesoriental4\/wp-json\/wp\/v2\/types\/post"}],"author":[{"embeddable":true,"href":"https:\/\/serveiseducatius.xtec.cat\/vallesoriental4\/wp-json\/wp\/v2\/users\/1"}],"replies":[{"embeddable":true,"href":"https:\/\/serveiseducatius.xtec.cat\/vallesoriental4\/wp-json\/wp\/v2\/comments?post=23689"}],"version-history":[{"count":1,"href":"https:\/\/serveiseducatius.xtec.cat\/vallesoriental4\/wp-json\/wp\/v2\/posts\/23689\/revisions"}],"predecessor-version":[{"id":23691,"href":"https:\/\/serveiseducatius.xtec.cat\/vallesoriental4\/wp-json\/wp\/v2\/posts\/23689\/revisions\/23691"}],"wp:featuredmedia":[{"embeddable":true,"href":"https:\/\/serveiseducatius.xtec.cat\/vallesoriental4\/wp-json\/wp\/v2\/media\/23690"}],"wp:attachment":[{"href":"https:\/\/serveiseducatius.xtec.cat\/vallesoriental4\/wp-json\/wp\/v2\/media?parent=23689"}],"wp:term":[{"taxonomy":"category","embeddable":true,"href":"https:\/\/serveiseducatius.xtec.cat\/vallesoriental4\/wp-json\/wp\/v2\/categories?post=23689"},{"taxonomy":"post_tag","embeddable":true,"href":"https:\/\/serveiseducatius.xtec.cat\/vallesoriental4\/wp-json\/wp\/v2\/tags?post=23689"}],"curies":[{"name":"wp","href":"https:\/\/api.w.org\/{rel}","templated":true}]}}