{"id":23674,"date":"2025-10-02T15:51:15","date_gmt":"2025-10-02T13:51:15","guid":{"rendered":"https:\/\/serveiseducatius.xtec.cat\/vallesoriental4\/?p=23674"},"modified":"2025-10-02T15:51:15","modified_gmt":"2025-10-02T13:51:15","slug":"centres-steamcat-21-24-setmana-de-la-ciencia-dia-de-la-ciencia-a-les-escoles-25","status":"publish","type":"post","link":"https:\/\/serveiseducatius.xtec.cat\/vallesoriental4\/portada\/centres-steamcat-21-24-setmana-de-la-ciencia-dia-de-la-ciencia-a-les-escoles-25\/","title":{"rendered":"Centres STEAMcat 21-24 Setmana de la ci\u00e8ncia: Dia de la Ci\u00e8ncia a les Escoles 25"},"content":{"rendered":"<p align=\"justify\"><span style=\"color: #222222;\"><span style=\"font-family: Calibri Light, sans-serif;\"><span style=\"font-size: medium;\"><span style=\"color: #000000;\">Us informem que la Fundaci\u00f3 Catalana per a la Recerca i la Innovaci\u00f3 (FCRI), amb el suport del Departament d&#8217;Educaci\u00f3 i Formaci\u00f3 Professional, organitza la <\/span><span style=\"color: #000000;\"><b>30a<\/b><\/span><span style=\"color: #000000;\"> edici\u00f3 de la Setmana de la Ci\u00e8ncia, que se celebrar\u00e0 del 7 al 16 de novembre, arreu de Catalunya.<\/span><\/span><\/span><\/span><\/p>\n<p align=\"justify\"><span style=\"color: #222222;\"><span style=\"font-family: Calibri Light, sans-serif;\"><span style=\"color: #000000;\"><span style=\"font-size: medium;\">L&#8217;activitat &#8220;La ci\u00e8ncia en primera persona&#8221; que es celebrar\u00e0 el dia 11 de novembre al mat\u00ed s&#8217;emmarca en la Setmana de la Ci\u00e8ncia,\u00a0 amb la finalitat del foment de les vocacions cient\u00edfiques i tecnol\u00f2giques entre l&#8217;alumnat del nostre pa\u00eds, pretenent apropar els i les cient\u00edfiques als instituts.<\/span><\/span><\/span><\/span><\/p>\n<p align=\"justify\"><span style=\"color: #222222;\"><span style=\"font-family: Calibri Light, sans-serif;\"><span style=\"font-size: medium;\"><span style=\"color: #000000;\">Seguint la bona acollida de les edicions passada, enguany es mant\u00e9 la modalitat virtual i poden participar tots els centres de secund\u00e0ria els dies previs a la retransmissi\u00f3 de l&#8217;activitat.<\/span><\/span><\/span><\/span><\/p>\n<p><span style=\"color: #000000;\"><span style=\"font-family: Calibri Light, sans-serif;\"><span style=\"font-size: medium;\">L\u2019activitat es fonamenta en tres parts:<\/span><\/span><\/span><\/p>\n<p><span style=\"color: #222222;\"><span style=\"font-family: Calibri Light, sans-serif;\"><span style=\"font-size: medium;\"><span style=\"color: #500050;\">1. <\/span><span style=\"color: #000000;\">V\u00eddeo del cient\u00edfic, <\/span>d&#8217;una<span style=\"color: #000000;\"> durada <\/span>d\u2019uns<span style=\"color: #000000;\"> 5-10 minuts on es llen\u00e7a tamb\u00e9 una proposta o un repte.<\/span><\/span><\/span><\/span><\/p>\n<p><span style=\"color: #222222;\"><span style=\"font-family: Calibri Light, sans-serif;\"><span style=\"font-size: medium;\"><span style=\"color: #000000;\">2. Aquest v\u00eddeo el visualitzar\u00e0 <\/span>l&#8217;alumnat<span style=\"color: #000000;\"> en hores lectives juntament amb els seus professors\/es. L\u2019alumnat ens far\u00e0 arribar imatges del repte aconseguit (5 fotografies m\u00e0xim per grup) aix\u00ed com les preguntes que volen formular als\/a les cient\u00edfics\/ques (3 preguntes m\u00e0xim per grup).<\/span><\/span><\/span><\/span><\/p>\n<p><span style=\"color: #000000;\"><span style=\"font-family: Calibri Light, sans-serif;\"><span style=\"font-size: medium;\">3. El dia 11 de novembre al mat\u00ed, retransmissi\u00f3 en directe pel canal youtube de cadascun dels cient\u00edfics\/ques.<\/span><\/span><\/span><\/p>\n<p align=\"justify\"><span style=\"color: #222222;\"><span style=\"font-family: Calibri Light, sans-serif;\"><span style=\"font-size: medium;\"><span style=\"color: #000000;\">L\u2019<\/span><span style=\"color: #000000;\"><b>activitat adre\u00e7ada a l&#8217;alumnat de 3r i 4t d\u2019ESO<\/b><\/span><span style=\"color: #000000;\"> (o els cursos que vosaltres considereu) va a c\u00e0rrec de cient\u00edfics\/ques que expliquen la seva tasca, tant des del vessant cient\u00edfic com del vessant hum\u00e0.<\/span><\/span><\/span><\/span><\/p>\n<p align=\"justify\"><span style=\"color: #000000;\"><span style=\"font-family: Calibri Light, sans-serif;\"><span style=\"font-size: medium;\">Es proposen 3 grans temes per a tractar amb els seg\u00fcents ponents:<\/span><\/span><\/span><\/p>\n<p align=\"justify\"><span style=\"color: #222222;\"><span style=\"font-family: Calibri Light, sans-serif;\"><span style=\"font-size: medium;\">10 h <b>Economia:<\/b><\/span><\/span><\/span><\/p>\n<p align=\"center\"><span style=\"color: #222222;\"><span style=\"font-family: Calibri Light, sans-serif;\"><span style=\"font-size: medium;\">Albert Sant: Responsable de Talent i Cultura BBVA Catalunya<\/p>\n<p>11 h <b>Intel\u00b7lig\u00e8ncia artificial:<\/b><br \/>\nV\u00edctor G\u00f3mez, BBVA<\/p>\n<p>12\u202fh <b>Tecnologia:<\/b><br \/>\nAntonio Rubio: Professor em\u00e8rit Enginyeria UPC<\/span><\/span><\/span><\/p>\n<p align=\"justify\"><span style=\"color: #222222;\">\u00a0<\/span><\/p>\n<p align=\"justify\"><span style=\"color: #000000;\"><span style=\"font-family: Calibri Light, sans-serif;\"><span style=\"font-size: medium;\">En el document adjunt hi trobareu els enlla\u00e7os als 3 v\u00eddeos, els 3 reptes i els horaris de les connexions en directe de les pon\u00e8ncies que es transmetran en directe des del <\/span><\/span><\/span><a href=\"https:\/\/www.youtube.com\/user\/fcrivideo\" target=\"_blank\" rel=\"noopener\"><span style=\"color: #1155cc;\"><span style=\"font-family: Calibri Light, sans-serif;\"><span style=\"font-size: medium;\">canal de Youtube de la FCRI<\/span><\/span><\/span><\/a><span style=\"color: #000000;\"><span style=\"font-family: Calibri Light, sans-serif;\"><span style=\"font-size: medium;\"> el mat\u00ed del dia 16 de novembre.<\/span><\/span><\/span><\/p>\n<p align=\"justify\"><span style=\"color: #222222;\"><span style=\"font-family: Calibri Light, sans-serif;\"><span style=\"font-size: medium;\">Els centres que ho desitgin podran participar en directe el mateix dia 11 de novembre, podran enviar els reptes i les preguntes als cient\u00edfics per a qu\u00e8 les comentin en directe abans del:\u00a0<\/span><\/span><\/span><\/p>\n<p align=\"justify\"><span style=\"color: #222222;\"><span style=\"font-family: Calibri Light, sans-serif;\"><span style=\"font-size: medium;\">Per tal d&#8217;enviar les imatges de la resoluci\u00f3 del vostre repte i les preguntes adre\u00e7ades a les cient\u00edfiques i cient\u00edfics, us agrairem que empleneu el formulari de sota.<\/span><\/span><\/span><\/p>\n<p align=\"justify\"><span style=\"color: #222222;\"><span style=\"font-family: Calibri Light, sans-serif;\"><span style=\"font-size: medium;\">Per tal d&#8217;enviar les imatges de la resoluci\u00f3 del vostre repte i les preguntes adre\u00e7ades a les cient\u00edfiques i cient\u00edfics, us agrairem que empleneu\u00a0<\/span><\/span><\/span><a href=\"https:\/\/setmanaciencia.fundaciorecerca.cat\/DCE\/index.asp?accio=formulari&amp;primeravez=SI\" target=\"_blank\" rel=\"noopener\"><span style=\"color: #1155cc;\"><span style=\"font-family: Calibri Light, sans-serif;\"><span style=\"font-size: medium;\">Formulari d\u2019inscripci\u00f3 de reptes i preguntes dels centres<\/span><\/span><\/span><\/a><\/p>\n<p align=\"justify\"><span style=\"color: #222222;\"><span style=\"font-family: Calibri Light, sans-serif;\"><span style=\"font-size: medium;\">Data l\u00edmit:\u00a0<b>3 de novembre<\/b><\/span><\/span><\/span><\/p>\n<p><span style=\"color: #000000;\"><span style=\"font-family: Calibri Light, sans-serif;\"><span style=\"font-size: medium;\">La \u00e9s informaci\u00f3 detallada a <\/span><\/span><\/span><a href=\"http:\/\/www.setmanaciencia.cat\/\" target=\"_blank\" rel=\"noopener\"><span style=\"color: #1155cc;\"><span style=\"font-family: Calibri Light, sans-serif;\"><span style=\"font-size: medium;\">www.setmanaciencia.cat<\/span><\/span><\/span><\/a><\/p>\n<p><img decoding=\"async\" src=\"https:\/\/ci3.googleusercontent.com\/mail-sig\/AIorK4x_ttIujujUfftxLV_y60OAKPKEEG1nynXub56e23q0_Z4gVPGAZkDlNK5fOA_LIME03lkWD8I\" \/><\/p>\n<p dir=\"ltr\">\n","protected":false},"excerpt":{"rendered":"<p>Us informem que la Fundaci\u00f3 Catalana per a la Recerca i la Innovaci\u00f3 (FCRI), amb el suport del Departament d&#8217;Educaci\u00f3 i Formaci\u00f3 Professional, organitza la 30a edici\u00f3 de la Setmana de la Ci\u00e8ncia, que se celebrar\u00e0 del 7 al 16 de novembre, arreu de Catalunya. L&#8217;activitat &#8220;La ci\u00e8ncia en primera persona&#8221; que es celebrar\u00e0 el [&hellip;]<\/p>\n","protected":false},"author":1,"featured_media":23675,"comment_status":"open","ping_status":"open","sticky":false,"template":"","format":"standard","meta":{"_bbp_topic_count":0,"_bbp_reply_count":0,"_bbp_total_topic_count":0,"_bbp_total_reply_count":0,"_bbp_voice_count":0,"_bbp_anonymous_reply_count":0,"_bbp_topic_count_hidden":0,"_bbp_reply_count_hidden":0,"_bbp_forum_subforum_count":0,"site-sidebar-layout":"default","site-content-layout":"","ast-site-content-layout":"","site-content-style":"default","site-sidebar-style":"default","ast-global-header-display":"","ast-banner-title-visibility":"","ast-main-header-display":"","ast-hfb-above-header-display":"","ast-hfb-below-header-display":"","ast-hfb-mobile-header-display":"","site-post-title":"","ast-breadcrumbs-content":"","ast-featured-img":"","footer-sml-layout":"","theme-transparent-header-meta":"","adv-header-id-meta":"","stick-header-meta":"","header-above-stick-meta":"","header-main-stick-meta":"","header-below-stick-meta":"","astra-migrate-meta-layouts":"default","ast-page-background-enabled":"default","ast-page-background-meta":{"desktop":{"background-color":"var(--ast-global-color-4)","background-image":"","background-repeat":"repeat","background-position":"center center","background-size":"auto","background-attachment":"scroll","background-type":"","background-media":"","overlay-type":"","overlay-color":"","overlay-opacity":"","overlay-gradient":""},"tablet":{"background-color":"","background-image":"","background-repeat":"repeat","background-position":"center center","background-size":"auto","background-attachment":"scroll","background-type":"","background-media":"","overlay-type":"","overlay-color":"","overlay-opacity":"","overlay-gradient":""},"mobile":{"background-color":"","background-image":"","background-repeat":"repeat","background-position":"center center","background-size":"auto","background-attachment":"scroll","background-type":"","background-media":"","overlay-type":"","overlay-color":"","overlay-opacity":"","overlay-gradient":""}},"ast-content-background-meta":{"desktop":{"background-color":"var(--ast-global-color-5)","background-image":"","background-repeat":"repeat","background-position":"center center","background-size":"auto","background-attachment":"scroll","background-type":"","background-media":"","overlay-type":"","overlay-color":"","overlay-opacity":"","overlay-gradient":""},"tablet":{"background-color":"var(--ast-global-color-5)","background-image":"","background-repeat":"repeat","background-position":"center center","background-size":"auto","background-attachment":"scroll","background-type":"","background-media":"","overlay-type":"","overlay-color":"","overlay-opacity":"","overlay-gradient":""},"mobile":{"background-color":"var(--ast-global-color-5)","background-image":"","background-repeat":"repeat","background-position":"center center","background-size":"auto","background-attachment":"scroll","background-type":"","background-media":"","overlay-type":"","overlay-color":"","overlay-opacity":"","overlay-gradient":""}},"footnotes":""},"categories":[29],"tags":[],"class_list":["post-23674","post","type-post","status-publish","format-standard","has-post-thumbnail","hentry","category-portada"],"post_mailing_queue_ids":[],"_links":{"self":[{"href":"https:\/\/serveiseducatius.xtec.cat\/vallesoriental4\/wp-json\/wp\/v2\/posts\/23674","targetHints":{"allow":["GET"]}}],"collection":[{"href":"https:\/\/serveiseducatius.xtec.cat\/vallesoriental4\/wp-json\/wp\/v2\/posts"}],"about":[{"href":"https:\/\/serveiseducatius.xtec.cat\/vallesoriental4\/wp-json\/wp\/v2\/types\/post"}],"author":[{"embeddable":true,"href":"https:\/\/serveiseducatius.xtec.cat\/vallesoriental4\/wp-json\/wp\/v2\/users\/1"}],"replies":[{"embeddable":true,"href":"https:\/\/serveiseducatius.xtec.cat\/vallesoriental4\/wp-json\/wp\/v2\/comments?post=23674"}],"version-history":[{"count":1,"href":"https:\/\/serveiseducatius.xtec.cat\/vallesoriental4\/wp-json\/wp\/v2\/posts\/23674\/revisions"}],"predecessor-version":[{"id":23676,"href":"https:\/\/serveiseducatius.xtec.cat\/vallesoriental4\/wp-json\/wp\/v2\/posts\/23674\/revisions\/23676"}],"wp:featuredmedia":[{"embeddable":true,"href":"https:\/\/serveiseducatius.xtec.cat\/vallesoriental4\/wp-json\/wp\/v2\/media\/23675"}],"wp:attachment":[{"href":"https:\/\/serveiseducatius.xtec.cat\/vallesoriental4\/wp-json\/wp\/v2\/media?parent=23674"}],"wp:term":[{"taxonomy":"category","embeddable":true,"href":"https:\/\/serveiseducatius.xtec.cat\/vallesoriental4\/wp-json\/wp\/v2\/categories?post=23674"},{"taxonomy":"post_tag","embeddable":true,"href":"https:\/\/serveiseducatius.xtec.cat\/vallesoriental4\/wp-json\/wp\/v2\/tags?post=23674"}],"curies":[{"name":"wp","href":"https:\/\/api.w.org\/{rel}","templated":true}]}}