{"id":23442,"date":"2025-06-17T14:30:38","date_gmt":"2025-06-17T12:30:38","guid":{"rendered":"https:\/\/serveiseducatius.xtec.cat\/vallesoriental4\/?p=23442"},"modified":"2025-06-26T12:00:56","modified_gmt":"2025-06-26T10:00:56","slug":"inscriu-te-al-iii-simposi-daps-i-sc-ambiental","status":"publish","type":"post","link":"https:\/\/serveiseducatius.xtec.cat\/vallesoriental4\/general\/inscriu-te-al-iii-simposi-daps-i-sc-ambiental\/","title":{"rendered":"Inscriu-te al III Simposi d&#8217;APS i SC Ambiental!"},"content":{"rendered":"<p><img loading=\"lazy\" decoding=\"async\" class=\"wp-image-23443 alignleft\" src=\"https:\/\/serveiseducatius.xtec.cat\/vallesoriental4\/wp-content\/uploads\/usu1133\/2025\/06\/unnamed-2.png\" alt=\"\" width=\"310\" height=\"310\" srcset=\"https:\/\/serveiseducatius.xtec.cat\/vallesoriental4\/wp-content\/uploads\/usu1133\/2025\/06\/unnamed-2.png 1080w, https:\/\/serveiseducatius.xtec.cat\/vallesoriental4\/wp-content\/uploads\/usu1133\/2025\/06\/unnamed-2-300x300.png 300w, https:\/\/serveiseducatius.xtec.cat\/vallesoriental4\/wp-content\/uploads\/usu1133\/2025\/06\/unnamed-2-1024x1024.png 1024w, https:\/\/serveiseducatius.xtec.cat\/vallesoriental4\/wp-content\/uploads\/usu1133\/2025\/06\/unnamed-2-150x150.png 150w, https:\/\/serveiseducatius.xtec.cat\/vallesoriental4\/wp-content\/uploads\/usu1133\/2025\/06\/unnamed-2-768x768.png 768w\" sizes=\"auto, (max-width: 310px) 100vw, 310px\" \/><\/p>\n<p>El III Simposi d\u2019Aprenentatge Servei i Servei Comunitari Ambiental tindr\u00e0 lloc el<strong>\u00a0dijous 3 de juliol de 2025<\/strong>, de 9 h a 14 h al\u00a0<strong>Centre Cultural de Bellvitge-Gornal<\/strong>\u00a0de L\u2019Hospitalet de Llobregat.<\/p>\n<p>Aquesta tercera edici\u00f3 vol consolidar el Simposi com\u00a0una plataforma de reivindicaci\u00f3 dels projectes d\u2019APS ambiental com a eines educatives i de transformaci\u00f3 social, aix\u00ed com un espai de trobada, intercanvi i col\u00b7laboraci\u00f3 entre entitats, centres educatius i ens locals.<\/p>\n<p>Amb el lema\u00a0<strong>\u201cAprenem, ens comprometem. Transformem?\u201d<\/strong>\u00a0enguany el Simposi vol donar visibilitat, explorar i avaluar la repercussi\u00f3 de l\u2019APS en\u00a0 els diferents agents involucrats i en l\u2019entorn. Des d\u2019una visi\u00f3 poli\u00e8drica, i posant l\u2019\u00e8mfasi en l\u2019experi\u00e8ncia de l\u2019alumnat, reflexionarem i avaluarem si l\u2019APS est\u00e0 aconseguint canvis significatius en la comunitat educativa i el seu entorn.<\/p>\n<p>A partir de les aportacions i debats que es produeixin en aquest III Simposi, i dels reptes i objectius que se\u2019n derivin, elaborarem un nou full de ruta per a l\u2019APS i SC ambiental a Catalunya.<\/p>\n<p>A hores d&#8217;ara, ja hi ha m\u00e9s de 150 persones inscrites, per\u00f2 en volem ser m\u00e9s, per fer cr\u00e9ixer encara m\u00e9s l&#8217;APS i el SC Ambiental!<\/p>\n<p>Pots consultar el programa i formalitzar la teva inscripci\u00f3 aqu\u00ed:<\/p>\n<p><a href=\"https:\/\/www.cnea.cat\/aps-ambiental\/simposi-iii\">https:\/\/www.cnea.cat\/aps-ambiental\/simposi-iii\u00a0<\/a><\/p>\n<p style=\"font-weight: 400;\">T&#8217;hi esperem!<\/p>\n<p style=\"font-weight: 400;\"><strong>Grup Impulsor d&#8217;Aprenentatge Servei i Servei Comunitari\u00a0<\/strong><\/p>\n<p><img loading=\"lazy\" decoding=\"async\" class=\"wp-image-23447 alignleft\" src=\"https:\/\/serveiseducatius.xtec.cat\/vallesoriental4\/wp-content\/uploads\/usu1133\/2025\/06\/Captura-de-pantalla-2025-06-17-143214.jpg\" alt=\"\" width=\"413\" height=\"146\" srcset=\"https:\/\/serveiseducatius.xtec.cat\/vallesoriental4\/wp-content\/uploads\/usu1133\/2025\/06\/Captura-de-pantalla-2025-06-17-143214.jpg 990w, https:\/\/serveiseducatius.xtec.cat\/vallesoriental4\/wp-content\/uploads\/usu1133\/2025\/06\/Captura-de-pantalla-2025-06-17-143214-300x106.jpg 300w, https:\/\/serveiseducatius.xtec.cat\/vallesoriental4\/wp-content\/uploads\/usu1133\/2025\/06\/Captura-de-pantalla-2025-06-17-143214-768x272.jpg 768w\" sizes=\"auto, (max-width: 413px) 100vw, 413px\" \/><\/p>\n","protected":false},"excerpt":{"rendered":"<p>El III Simposi d\u2019Aprenentatge Servei i Servei Comunitari Ambiental tindr\u00e0 lloc el\u00a0dijous 3 de juliol de 2025, de 9 h a 14 h al\u00a0Centre Cultural de Bellvitge-Gornal\u00a0de L\u2019Hospitalet de Llobregat. Aquesta tercera edici\u00f3 vol consolidar el Simposi com\u00a0una plataforma de reivindicaci\u00f3 dels projectes d\u2019APS ambiental com a eines educatives i de transformaci\u00f3 social, aix\u00ed com [&hellip;]<\/p>\n","protected":false},"author":1,"featured_media":23443,"comment_status":"closed","ping_status":"open","sticky":false,"template":"","format":"standard","meta":{"_bbp_topic_count":0,"_bbp_reply_count":0,"_bbp_total_topic_count":0,"_bbp_total_reply_count":0,"_bbp_voice_count":0,"_bbp_anonymous_reply_count":0,"_bbp_topic_count_hidden":0,"_bbp_reply_count_hidden":0,"_bbp_forum_subforum_count":0,"site-sidebar-layout":"default","site-content-layout":"","ast-site-content-layout":"","site-content-style":"default","site-sidebar-style":"default","ast-global-header-display":"","ast-banner-title-visibility":"","ast-main-header-display":"","ast-hfb-above-header-display":"","ast-hfb-below-header-display":"","ast-hfb-mobile-header-display":"","site-post-title":"","ast-breadcrumbs-content":"","ast-featured-img":"","footer-sml-layout":"","theme-transparent-header-meta":"","adv-header-id-meta":"","stick-header-meta":"","header-above-stick-meta":"","header-main-stick-meta":"","header-below-stick-meta":"","astra-migrate-meta-layouts":"default","ast-page-background-enabled":"default","ast-page-background-meta":{"desktop":{"background-color":"var(--ast-global-color-4)","background-image":"","background-repeat":"repeat","background-position":"center center","background-size":"auto","background-attachment":"scroll","background-type":"","background-media":"","overlay-type":"","overlay-color":"","overlay-opacity":"","overlay-gradient":""},"tablet":{"background-color":"","background-image":"","background-repeat":"repeat","background-position":"center center","background-size":"auto","background-attachment":"scroll","background-type":"","background-media":"","overlay-type":"","overlay-color":"","overlay-opacity":"","overlay-gradient":""},"mobile":{"background-color":"","background-image":"","background-repeat":"repeat","background-position":"center center","background-size":"auto","background-attachment":"scroll","background-type":"","background-media":"","overlay-type":"","overlay-color":"","overlay-opacity":"","overlay-gradient":""}},"ast-content-background-meta":{"desktop":{"background-color":"var(--ast-global-color-5)","background-image":"","background-repeat":"repeat","background-position":"center center","background-size":"auto","background-attachment":"scroll","background-type":"","background-media":"","overlay-type":"","overlay-color":"","overlay-opacity":"","overlay-gradient":""},"tablet":{"background-color":"var(--ast-global-color-5)","background-image":"","background-repeat":"repeat","background-position":"center center","background-size":"auto","background-attachment":"scroll","background-type":"","background-media":"","overlay-type":"","overlay-color":"","overlay-opacity":"","overlay-gradient":""},"mobile":{"background-color":"var(--ast-global-color-5)","background-image":"","background-repeat":"repeat","background-position":"center center","background-size":"auto","background-attachment":"scroll","background-type":"","background-media":"","overlay-type":"","overlay-color":"","overlay-opacity":"","overlay-gradient":""}},"footnotes":""},"categories":[740,1,29],"tags":[],"class_list":["post-23442","post","type-post","status-publish","format-standard","has-post-thumbnail","hentry","category-eines-digitals","category-general","category-portada"],"post_mailing_queue_ids":[],"_links":{"self":[{"href":"https:\/\/serveiseducatius.xtec.cat\/vallesoriental4\/wp-json\/wp\/v2\/posts\/23442","targetHints":{"allow":["GET"]}}],"collection":[{"href":"https:\/\/serveiseducatius.xtec.cat\/vallesoriental4\/wp-json\/wp\/v2\/posts"}],"about":[{"href":"https:\/\/serveiseducatius.xtec.cat\/vallesoriental4\/wp-json\/wp\/v2\/types\/post"}],"author":[{"embeddable":true,"href":"https:\/\/serveiseducatius.xtec.cat\/vallesoriental4\/wp-json\/wp\/v2\/users\/1"}],"replies":[{"embeddable":true,"href":"https:\/\/serveiseducatius.xtec.cat\/vallesoriental4\/wp-json\/wp\/v2\/comments?post=23442"}],"version-history":[{"count":5,"href":"https:\/\/serveiseducatius.xtec.cat\/vallesoriental4\/wp-json\/wp\/v2\/posts\/23442\/revisions"}],"predecessor-version":[{"id":23449,"href":"https:\/\/serveiseducatius.xtec.cat\/vallesoriental4\/wp-json\/wp\/v2\/posts\/23442\/revisions\/23449"}],"wp:featuredmedia":[{"embeddable":true,"href":"https:\/\/serveiseducatius.xtec.cat\/vallesoriental4\/wp-json\/wp\/v2\/media\/23443"}],"wp:attachment":[{"href":"https:\/\/serveiseducatius.xtec.cat\/vallesoriental4\/wp-json\/wp\/v2\/media?parent=23442"}],"wp:term":[{"taxonomy":"category","embeddable":true,"href":"https:\/\/serveiseducatius.xtec.cat\/vallesoriental4\/wp-json\/wp\/v2\/categories?post=23442"},{"taxonomy":"post_tag","embeddable":true,"href":"https:\/\/serveiseducatius.xtec.cat\/vallesoriental4\/wp-json\/wp\/v2\/tags?post=23442"}],"curies":[{"name":"wp","href":"https:\/\/api.w.org\/{rel}","templated":true}]}}