{"id":23313,"date":"2025-05-05T16:49:56","date_gmt":"2025-05-05T14:49:56","guid":{"rendered":"https:\/\/serveiseducatius.xtec.cat\/vallesoriental4\/?p=23313"},"modified":"2025-05-06T13:35:24","modified_gmt":"2025-05-06T11:35:24","slug":"iii-jornada-canal-de-reporters-i-el-periodisme-cientific-i-divulgatiu","status":"publish","type":"post","link":"https:\/\/serveiseducatius.xtec.cat\/vallesoriental4\/general\/iii-jornada-canal-de-reporters-i-el-periodisme-cientific-i-divulgatiu\/","title":{"rendered":"III Jornada Canal de Reporters i el periodisme cient\u00edfic i divulgatiu"},"content":{"rendered":"<p><img loading=\"lazy\" decoding=\"async\" class=\"size-full wp-image-23314\" src=\"https:\/\/serveiseducatius.xtec.cat\/vallesoriental4\/wp-content\/uploads\/usu1133\/2025\/05\/Captura-de-pantalla-2025-05-05-164743.jpg\" alt=\"\" width=\"674\" height=\"477\" srcset=\"https:\/\/serveiseducatius.xtec.cat\/vallesoriental4\/wp-content\/uploads\/usu1133\/2025\/05\/Captura-de-pantalla-2025-05-05-164743.jpg 674w, https:\/\/serveiseducatius.xtec.cat\/vallesoriental4\/wp-content\/uploads\/usu1133\/2025\/05\/Captura-de-pantalla-2025-05-05-164743-300x212.jpg 300w\" sizes=\"auto, (max-width: 674px) 100vw, 674px\" \/><\/p>\n<h3 class=\"wp-block-heading\"><strong>09 de Maig<\/strong>\u00a0de 2025 Simult\u00e0niament a Bellaterra, Girona, Lleida, Vic, Matar\u00f3 i Tarragona<\/h3>\n<div class=\"wp-block-spacer\" aria-hidden=\"true\"><\/div>\n<p>La jornada de periodisme escolar dins del marc del projecte Canal de Reporters pret\u00e9n posar en relleu la import\u00e0ncia de les activitats encaminades a fomentar l\u2019<strong>educaci\u00f3 medi\u00e0tica i el pensament cr\u00edtic<\/strong>.\u00a0A la vegada, la jornada pret\u00e9n oferir al professorat i l\u2019alumnat un esdeveniment que es converteixi en un aprenentatge experiencial generant espais que convidin, alhora, a la reflexi\u00f3 individual i conjunta.<\/p>\n<p>Enguany, l\u2019alumnat de prim\u00e0ria i secund\u00e0ria dels diferents centres que hi participen arreu del territori catal\u00e0, actuaran com a\u00a0<strong>periodistes cient\u00edfics<\/strong>, investigant la vida i el llegat de 30 dones que han sigut referents en la hist\u00f2ria de la ci\u00e8ncia al m\u00f3n.<\/p>\n<p>Trobareu m\u00e9s informaci\u00f3 a la\u00a0<a href=\"https:\/\/projectes.xtec.cat\/digital\/general\/iii-jornada-canal-de-reporters-i-el-periodisme-cientific-i-divulgatiu\/\">web.<\/a><\/p>\n<p>&nbsp;<\/p>\n","protected":false},"excerpt":{"rendered":"<p>09 de Maig\u00a0de 2025 Simult\u00e0niament a Bellaterra, Girona, Lleida, Vic, Matar\u00f3 i Tarragona La jornada de periodisme escolar dins del marc del projecte Canal de Reporters pret\u00e9n posar en relleu la import\u00e0ncia de les activitats encaminades a fomentar l\u2019educaci\u00f3 medi\u00e0tica i el pensament cr\u00edtic.\u00a0A la vegada, la jornada pret\u00e9n oferir al professorat i l\u2019alumnat un [&hellip;]<\/p>\n","protected":false},"author":1,"featured_media":23314,"comment_status":"open","ping_status":"closed","sticky":false,"template":"","format":"standard","meta":{"_bbp_topic_count":0,"_bbp_reply_count":0,"_bbp_total_topic_count":0,"_bbp_total_reply_count":0,"_bbp_voice_count":0,"_bbp_anonymous_reply_count":0,"_bbp_topic_count_hidden":0,"_bbp_reply_count_hidden":0,"_bbp_forum_subforum_count":0,"site-sidebar-layout":"default","site-content-layout":"","ast-site-content-layout":"","site-content-style":"default","site-sidebar-style":"default","ast-global-header-display":"","ast-banner-title-visibility":"","ast-main-header-display":"","ast-hfb-above-header-display":"","ast-hfb-below-header-display":"","ast-hfb-mobile-header-display":"","site-post-title":"","ast-breadcrumbs-content":"","ast-featured-img":"","footer-sml-layout":"","theme-transparent-header-meta":"","adv-header-id-meta":"","stick-header-meta":"","header-above-stick-meta":"","header-main-stick-meta":"","header-below-stick-meta":"","astra-migrate-meta-layouts":"default","ast-page-background-enabled":"default","ast-page-background-meta":{"desktop":{"background-color":"var(--ast-global-color-4)","background-image":"","background-repeat":"repeat","background-position":"center center","background-size":"auto","background-attachment":"scroll","background-type":"","background-media":"","overlay-type":"","overlay-color":"","overlay-opacity":"","overlay-gradient":""},"tablet":{"background-color":"","background-image":"","background-repeat":"repeat","background-position":"center center","background-size":"auto","background-attachment":"scroll","background-type":"","background-media":"","overlay-type":"","overlay-color":"","overlay-opacity":"","overlay-gradient":""},"mobile":{"background-color":"","background-image":"","background-repeat":"repeat","background-position":"center center","background-size":"auto","background-attachment":"scroll","background-type":"","background-media":"","overlay-type":"","overlay-color":"","overlay-opacity":"","overlay-gradient":""}},"ast-content-background-meta":{"desktop":{"background-color":"var(--ast-global-color-5)","background-image":"","background-repeat":"repeat","background-position":"center center","background-size":"auto","background-attachment":"scroll","background-type":"","background-media":"","overlay-type":"","overlay-color":"","overlay-opacity":"","overlay-gradient":""},"tablet":{"background-color":"var(--ast-global-color-5)","background-image":"","background-repeat":"repeat","background-position":"center center","background-size":"auto","background-attachment":"scroll","background-type":"","background-media":"","overlay-type":"","overlay-color":"","overlay-opacity":"","overlay-gradient":""},"mobile":{"background-color":"var(--ast-global-color-5)","background-image":"","background-repeat":"repeat","background-position":"center center","background-size":"auto","background-attachment":"scroll","background-type":"","background-media":"","overlay-type":"","overlay-color":"","overlay-opacity":"","overlay-gradient":""}},"footnotes":""},"categories":[1,29],"tags":[],"class_list":["post-23313","post","type-post","status-publish","format-standard","has-post-thumbnail","hentry","category-general","category-portada"],"post_mailing_queue_ids":[],"_links":{"self":[{"href":"https:\/\/serveiseducatius.xtec.cat\/vallesoriental4\/wp-json\/wp\/v2\/posts\/23313","targetHints":{"allow":["GET"]}}],"collection":[{"href":"https:\/\/serveiseducatius.xtec.cat\/vallesoriental4\/wp-json\/wp\/v2\/posts"}],"about":[{"href":"https:\/\/serveiseducatius.xtec.cat\/vallesoriental4\/wp-json\/wp\/v2\/types\/post"}],"author":[{"embeddable":true,"href":"https:\/\/serveiseducatius.xtec.cat\/vallesoriental4\/wp-json\/wp\/v2\/users\/1"}],"replies":[{"embeddable":true,"href":"https:\/\/serveiseducatius.xtec.cat\/vallesoriental4\/wp-json\/wp\/v2\/comments?post=23313"}],"version-history":[{"count":3,"href":"https:\/\/serveiseducatius.xtec.cat\/vallesoriental4\/wp-json\/wp\/v2\/posts\/23313\/revisions"}],"predecessor-version":[{"id":23317,"href":"https:\/\/serveiseducatius.xtec.cat\/vallesoriental4\/wp-json\/wp\/v2\/posts\/23313\/revisions\/23317"}],"wp:featuredmedia":[{"embeddable":true,"href":"https:\/\/serveiseducatius.xtec.cat\/vallesoriental4\/wp-json\/wp\/v2\/media\/23314"}],"wp:attachment":[{"href":"https:\/\/serveiseducatius.xtec.cat\/vallesoriental4\/wp-json\/wp\/v2\/media?parent=23313"}],"wp:term":[{"taxonomy":"category","embeddable":true,"href":"https:\/\/serveiseducatius.xtec.cat\/vallesoriental4\/wp-json\/wp\/v2\/categories?post=23313"},{"taxonomy":"post_tag","embeddable":true,"href":"https:\/\/serveiseducatius.xtec.cat\/vallesoriental4\/wp-json\/wp\/v2\/tags?post=23313"}],"curies":[{"name":"wp","href":"https:\/\/api.w.org\/{rel}","templated":true}]}}