{"id":23224,"date":"2025-03-13T17:19:18","date_gmt":"2025-03-13T16:19:18","guid":{"rendered":"https:\/\/serveiseducatius.xtec.cat\/vallesoriental4\/?p=23224"},"modified":"2025-03-13T17:28:33","modified_gmt":"2025-03-13T16:28:33","slug":"vi-jornades-coeducacio-els-bons-tractes-contra-les-violencies-coeduca-places-disponibles","status":"publish","type":"post","link":"https:\/\/serveiseducatius.xtec.cat\/vallesoriental4\/general\/vi-jornades-coeducacio-els-bons-tractes-contra-les-violencies-coeduca-places-disponibles\/","title":{"rendered":"VI Jornades COEDUCACI\u00d3. ELS BONS TRACTES. Contra les viol\u00e8ncies&#8230; COEDUCA! Places disponibles"},"content":{"rendered":"<p><img loading=\"lazy\" decoding=\"async\" class=\"wp-image-23226 alignleft\" src=\"https:\/\/serveiseducatius.xtec.cat\/vallesoriental4\/wp-content\/uploads\/usu1133\/2025\/03\/Captura-de-pantalla-2025-03-13-171601.jpg\" alt=\"\" width=\"431\" height=\"106\" srcset=\"https:\/\/serveiseducatius.xtec.cat\/vallesoriental4\/wp-content\/uploads\/usu1133\/2025\/03\/Captura-de-pantalla-2025-03-13-171601.jpg 1260w, https:\/\/serveiseducatius.xtec.cat\/vallesoriental4\/wp-content\/uploads\/usu1133\/2025\/03\/Captura-de-pantalla-2025-03-13-171601-300x74.jpg 300w, https:\/\/serveiseducatius.xtec.cat\/vallesoriental4\/wp-content\/uploads\/usu1133\/2025\/03\/Captura-de-pantalla-2025-03-13-171601-1024x252.jpg 1024w, https:\/\/serveiseducatius.xtec.cat\/vallesoriental4\/wp-content\/uploads\/usu1133\/2025\/03\/Captura-de-pantalla-2025-03-13-171601-768x189.jpg 768w\" sizes=\"auto, (max-width: 431px) 100vw, 431px\" \/><\/p>\n<p><strong>Encara hi ha places disponibles !!!<\/strong><\/p>\n<p><span lang=\"CA\">El proper <strong>5 d\u2019abril<\/strong> tindran lloc les\u00a0<\/span><b><i><a href=\"https:\/\/www.uab.cat\/ca\/ice\/jornades-coeducacio-contra-les-violencies-coeduca\" target=\"_blank\" rel=\"noopener\" data-saferedirecturl=\"https:\/\/www.google.com\/url?q=https:\/\/www.uab.cat\/ca\/ice\/jornades-coeducacio-contra-les-violencies-coeduca&amp;source=gmail&amp;ust=1741966638284000&amp;usg=AOvVaw0IT57vjdXSrPReh8xsiF8O\">VI Jornades COEDUCACI\u00d3. ELS BONS TRACTES. Contra les viol\u00e8ncies\u2026 COEDUCA!<\/a><\/i><\/b><span lang=\"CA\">\u00a0a la Facultat de Filosofia i Lletres de la UAB.<b><u><\/u><u><\/u><\/b><\/span><\/p>\n<p><span lang=\"CA\">En aquestes\u00a0<b>VI Jornades de Coeducaci\u00f3,<\/b>\u00a0organitzades pel grup de\u00a0<b><a href=\"https:\/\/webs.uab.cat\/equipice-coeducacio\/qui-som-2\/\" target=\"_blank\" rel=\"noopener\" data-saferedirecturl=\"https:\/\/www.google.com\/url?q=https:\/\/webs.uab.cat\/equipice-coeducacio\/qui-som-2\/&amp;source=gmail&amp;ust=1741966638284000&amp;usg=AOvVaw1S0DraHed2PcAciSb_Evgm\">Coeducaci\u00f3 de l\u2019ICE de la UAB<\/a><\/b><\/span>,<span lang=\"CA\">\u00a0hem volgut centrar-nos en la tasca coeducativa com una estrat\u00e8gia central en l&#8217;eliminaci\u00f3 de les viol\u00e8ncies masclistes. Des de l\u2019escola, que \u00e9s des d\u2019on podem actuar com a professionals de l\u2019educaci\u00f3, centrem els esfor\u00e7os per ajudar a eliminar les viol\u00e8ncies a les aules i a la nostra societat.\u00a0<\/span><u><\/u><u><\/u><\/p>\n<p><span lang=\"CA\">Podeu consultar tota la informaci\u00f3 i accedir a la inscripci\u00f3 en aquest\u00a0<b><a href=\"https:\/\/www.uab.cat\/ca\/ice\/jornades-coeducacio-contra-les-violencies-coeduca\" target=\"_blank\" rel=\"noopener\" data-saferedirecturl=\"https:\/\/www.google.com\/url?q=https:\/\/www.uab.cat\/ca\/ice\/jornades-coeducacio-contra-les-violencies-coeduca&amp;source=gmail&amp;ust=1741966638284000&amp;usg=AOvVaw0IT57vjdXSrPReh8xsiF8O\">enlla\u00e7.<\/a><\/b><\/span><u><\/u><u><\/u><\/p>\n<p><b><span lang=\"CA\">Us hi esperem!<\/span><\/b><\/p>\n<p><img loading=\"lazy\" decoding=\"async\" class=\" wp-image-23230 alignleft\" src=\"https:\/\/serveiseducatius.xtec.cat\/vallesoriental4\/wp-content\/uploads\/usu1133\/2025\/03\/Captura-de-pantalla-2025-03-13-172237.jpg\" alt=\"\" width=\"315\" height=\"149\" srcset=\"https:\/\/serveiseducatius.xtec.cat\/vallesoriental4\/wp-content\/uploads\/usu1133\/2025\/03\/Captura-de-pantalla-2025-03-13-172237.jpg 601w, https:\/\/serveiseducatius.xtec.cat\/vallesoriental4\/wp-content\/uploads\/usu1133\/2025\/03\/Captura-de-pantalla-2025-03-13-172237-300x142.jpg 300w\" sizes=\"auto, (max-width: 315px) 100vw, 315px\" \/><\/p>\n<p>&nbsp;<\/p>\n","protected":false},"excerpt":{"rendered":"<p>Encara hi ha places disponibles !!! El proper 5 d\u2019abril tindran lloc les\u00a0VI Jornades COEDUCACI\u00d3. ELS BONS TRACTES. Contra les viol\u00e8ncies\u2026 COEDUCA!\u00a0a la Facultat de Filosofia i Lletres de la UAB. En aquestes\u00a0VI Jornades de Coeducaci\u00f3,\u00a0organitzades pel grup de\u00a0Coeducaci\u00f3 de l\u2019ICE de la UAB,\u00a0hem volgut centrar-nos en la tasca coeducativa com una estrat\u00e8gia central en [&hellip;]<\/p>\n","protected":false},"author":1,"featured_media":23226,"comment_status":"open","ping_status":"closed","sticky":false,"template":"","format":"standard","meta":{"_bbp_topic_count":0,"_bbp_reply_count":0,"_bbp_total_topic_count":0,"_bbp_total_reply_count":0,"_bbp_voice_count":0,"_bbp_anonymous_reply_count":0,"_bbp_topic_count_hidden":0,"_bbp_reply_count_hidden":0,"_bbp_forum_subforum_count":0,"site-sidebar-layout":"default","site-content-layout":"","ast-site-content-layout":"","site-content-style":"default","site-sidebar-style":"default","ast-global-header-display":"","ast-banner-title-visibility":"","ast-main-header-display":"","ast-hfb-above-header-display":"","ast-hfb-below-header-display":"","ast-hfb-mobile-header-display":"","site-post-title":"","ast-breadcrumbs-content":"","ast-featured-img":"","footer-sml-layout":"","theme-transparent-header-meta":"","adv-header-id-meta":"","stick-header-meta":"","header-above-stick-meta":"","header-main-stick-meta":"","header-below-stick-meta":"","astra-migrate-meta-layouts":"default","ast-page-background-enabled":"default","ast-page-background-meta":{"desktop":{"background-color":"var(--ast-global-color-4)","background-image":"","background-repeat":"repeat","background-position":"center center","background-size":"auto","background-attachment":"scroll","background-type":"","background-media":"","overlay-type":"","overlay-color":"","overlay-opacity":"","overlay-gradient":""},"tablet":{"background-color":"","background-image":"","background-repeat":"repeat","background-position":"center center","background-size":"auto","background-attachment":"scroll","background-type":"","background-media":"","overlay-type":"","overlay-color":"","overlay-opacity":"","overlay-gradient":""},"mobile":{"background-color":"","background-image":"","background-repeat":"repeat","background-position":"center center","background-size":"auto","background-attachment":"scroll","background-type":"","background-media":"","overlay-type":"","overlay-color":"","overlay-opacity":"","overlay-gradient":""}},"ast-content-background-meta":{"desktop":{"background-color":"var(--ast-global-color-5)","background-image":"","background-repeat":"repeat","background-position":"center center","background-size":"auto","background-attachment":"scroll","background-type":"","background-media":"","overlay-type":"","overlay-color":"","overlay-opacity":"","overlay-gradient":""},"tablet":{"background-color":"var(--ast-global-color-5)","background-image":"","background-repeat":"repeat","background-position":"center center","background-size":"auto","background-attachment":"scroll","background-type":"","background-media":"","overlay-type":"","overlay-color":"","overlay-opacity":"","overlay-gradient":""},"mobile":{"background-color":"var(--ast-global-color-5)","background-image":"","background-repeat":"repeat","background-position":"center center","background-size":"auto","background-attachment":"scroll","background-type":"","background-media":"","overlay-type":"","overlay-color":"","overlay-opacity":"","overlay-gradient":""}},"footnotes":""},"categories":[1,29],"tags":[],"class_list":["post-23224","post","type-post","status-publish","format-standard","has-post-thumbnail","hentry","category-general","category-portada"],"post_mailing_queue_ids":[],"_links":{"self":[{"href":"https:\/\/serveiseducatius.xtec.cat\/vallesoriental4\/wp-json\/wp\/v2\/posts\/23224","targetHints":{"allow":["GET"]}}],"collection":[{"href":"https:\/\/serveiseducatius.xtec.cat\/vallesoriental4\/wp-json\/wp\/v2\/posts"}],"about":[{"href":"https:\/\/serveiseducatius.xtec.cat\/vallesoriental4\/wp-json\/wp\/v2\/types\/post"}],"author":[{"embeddable":true,"href":"https:\/\/serveiseducatius.xtec.cat\/vallesoriental4\/wp-json\/wp\/v2\/users\/1"}],"replies":[{"embeddable":true,"href":"https:\/\/serveiseducatius.xtec.cat\/vallesoriental4\/wp-json\/wp\/v2\/comments?post=23224"}],"version-history":[{"count":3,"href":"https:\/\/serveiseducatius.xtec.cat\/vallesoriental4\/wp-json\/wp\/v2\/posts\/23224\/revisions"}],"predecessor-version":[{"id":23231,"href":"https:\/\/serveiseducatius.xtec.cat\/vallesoriental4\/wp-json\/wp\/v2\/posts\/23224\/revisions\/23231"}],"wp:featuredmedia":[{"embeddable":true,"href":"https:\/\/serveiseducatius.xtec.cat\/vallesoriental4\/wp-json\/wp\/v2\/media\/23226"}],"wp:attachment":[{"href":"https:\/\/serveiseducatius.xtec.cat\/vallesoriental4\/wp-json\/wp\/v2\/media?parent=23224"}],"wp:term":[{"taxonomy":"category","embeddable":true,"href":"https:\/\/serveiseducatius.xtec.cat\/vallesoriental4\/wp-json\/wp\/v2\/categories?post=23224"},{"taxonomy":"post_tag","embeddable":true,"href":"https:\/\/serveiseducatius.xtec.cat\/vallesoriental4\/wp-json\/wp\/v2\/tags?post=23224"}],"curies":[{"name":"wp","href":"https:\/\/api.w.org\/{rel}","templated":true}]}}