{"id":23160,"date":"2025-02-21T11:11:05","date_gmt":"2025-02-21T10:11:05","guid":{"rendered":"https:\/\/serveiseducatius.xtec.cat\/vallesoriental4\/?p=23160"},"modified":"2025-02-21T11:11:05","modified_gmt":"2025-02-21T10:11:05","slug":"una-proposta-per-a-docents-de-llengues-classiques-i-filosofia","status":"publish","type":"post","link":"https:\/\/serveiseducatius.xtec.cat\/vallesoriental4\/portada\/una-proposta-per-a-docents-de-llengues-classiques-i-filosofia\/","title":{"rendered":"Una proposta per a docents de lleng\u00fces, cl\u00e0ssiques i filosofia"},"content":{"rendered":"<p><img loading=\"lazy\" decoding=\"async\" class=\"wp-image-23161 alignleft\" src=\"https:\/\/serveiseducatius.xtec.cat\/vallesoriental4\/wp-content\/uploads\/usu1133\/2025\/02\/unnamed-scaled.jpg\" alt=\"\" width=\"596\" height=\"112\" srcset=\"https:\/\/serveiseducatius.xtec.cat\/vallesoriental4\/wp-content\/uploads\/usu1133\/2025\/02\/unnamed-scaled.jpg 2560w, https:\/\/serveiseducatius.xtec.cat\/vallesoriental4\/wp-content\/uploads\/usu1133\/2025\/02\/unnamed-300x56.jpg 300w, https:\/\/serveiseducatius.xtec.cat\/vallesoriental4\/wp-content\/uploads\/usu1133\/2025\/02\/unnamed-1024x192.jpg 1024w, https:\/\/serveiseducatius.xtec.cat\/vallesoriental4\/wp-content\/uploads\/usu1133\/2025\/02\/unnamed-768x144.jpg 768w, https:\/\/serveiseducatius.xtec.cat\/vallesoriental4\/wp-content\/uploads\/usu1133\/2025\/02\/unnamed-1536x288.jpg 1536w, https:\/\/serveiseducatius.xtec.cat\/vallesoriental4\/wp-content\/uploads\/usu1133\/2025\/02\/unnamed-2048x384.jpg 2048w\" sizes=\"auto, (max-width: 596px) 100vw, 596px\" \/><\/p>\n<p>A La Casa dels Cl\u00e0ssics fa anys que treballen per reivindicar la vig\u00e8ncia i l\u2019actualitat dels textos cl\u00e0ssics de tots els temps, i avui l\u2019equip d\u2019Eduxarxa ens sumem a la seva reinvindicaci\u00f3 i us fem una proposta:\u00a0<b>Deixeu que la for\u00e7a dels cl\u00e0ssics entri al vostre centre!<\/b><\/p>\n<p>Volem presentar-vos\u00a0<a href=\"https:\/\/recerkids.us13.list-manage.com\/track\/click?u=29b5d15ba954a6b70ad212262&amp;id=a439d48303&amp;e=f7eeb304bc\" target=\"_blank\" rel=\"noopener\" data-saferedirecturl=\"https:\/\/www.google.com\/url?q=https:\/\/recerkids.us13.list-manage.com\/track\/click?u%3D29b5d15ba954a6b70ad212262%26id%3Da439d48303%26e%3Df7eeb304bc&amp;source=gmail&amp;ust=1740216904286000&amp;usg=AOvVaw2lY1QCnKkoAJftvDksoR6-\"><i><b>Dilema,\u00a0<\/b><\/i><b>un recurs educatiu gratu\u00eft per a Secund\u00e0ria<\/b><\/a>, amb propostes d\u2019aula que connecten els textos cl\u00e0ssics amb la cultura\u00a0<i>mainstream<\/i>\u00a0i que estan vinculades als\u00a0<b>curr\u00edculums de Cultura Cl\u00e0ssica, Llengua Catalana<\/b><\/p>\n<p>&nbsp;<\/p>\n<p><img loading=\"lazy\" decoding=\"async\" class=\"wp-image-23162 alignleft\" src=\"https:\/\/serveiseducatius.xtec.cat\/vallesoriental4\/wp-content\/uploads\/usu1133\/2025\/02\/unnamed-1-1-scaled.jpg\" alt=\"\" width=\"189\" height=\"238\" srcset=\"https:\/\/serveiseducatius.xtec.cat\/vallesoriental4\/wp-content\/uploads\/usu1133\/2025\/02\/unnamed-1-1-scaled.jpg 2033w, https:\/\/serveiseducatius.xtec.cat\/vallesoriental4\/wp-content\/uploads\/usu1133\/2025\/02\/unnamed-1-1-238x300.jpg 238w, https:\/\/serveiseducatius.xtec.cat\/vallesoriental4\/wp-content\/uploads\/usu1133\/2025\/02\/unnamed-1-1-813x1024.jpg 813w, https:\/\/serveiseducatius.xtec.cat\/vallesoriental4\/wp-content\/uploads\/usu1133\/2025\/02\/unnamed-1-1-768x967.jpg 768w, https:\/\/serveiseducatius.xtec.cat\/vallesoriental4\/wp-content\/uploads\/usu1133\/2025\/02\/unnamed-1-1-1220x1536.jpg 1220w, https:\/\/serveiseducatius.xtec.cat\/vallesoriental4\/wp-content\/uploads\/usu1133\/2025\/02\/unnamed-1-1-1627x2048.jpg 1627w\" sizes=\"auto, (max-width: 189px) 100vw, 189px\" \/><\/p>\n<p>Perqu\u00e8 Homer, Plat\u00f3, Ovidi, per\u00f2 tamb\u00e9 Defoe, Voltaire, Ferrater i Rodoreda, tenen molt a dir-nos sobre tot all\u00f2 que ens inquieta i ens sacseja en l\u2019adolesc\u00e8ncia: l\u2019amor, l\u2019amistat, la felicitat, el futur\u2026<\/p>\n<table role=\"presentation\" border=\"0\" cellspacing=\"0\" cellpadding=\"0\" align=\"center\">\n<tbody>\n<tr>\n<td valign=\"top\">\n<h3><a href=\"https:\/\/recerkids.us13.list-manage.com\/track\/click?u=29b5d15ba954a6b70ad212262&amp;id=37b110491f&amp;e=f7eeb304bc\" target=\"_blank\" rel=\"noopener noreferrer\" data-saferedirecturl=\"https:\/\/www.google.com\/url?q=https:\/\/recerkids.us13.list-manage.com\/track\/click?u%3D29b5d15ba954a6b70ad212262%26id%3D37b110491f%26e%3Df7eeb304bc&amp;source=gmail&amp;ust=1740216904286000&amp;usg=AOvVaw1RyWtxi-Nq8pa6Hv5VNXj5\">Consulteu els materials de manera gratu\u00efta<\/a><\/h3>\n<\/td>\n<\/tr>\n<\/tbody>\n<\/table>\n<p>&nbsp;<\/p>\n<p>&nbsp;<\/p>\n<p>&nbsp;<\/p>\n<p><b>NO US PERDEU LA TAULA RODONA DE PRESENTACI\u00d3!<\/b><\/p>\n<p>En el marc d\u2019aquesta iniciativa, tamb\u00e9\u00a0<b>volem convidar-vos a la taula rodona\u00a0<\/b><i><b>La for\u00e7a dels cl\u00e0ssics a l\u2019aula,\u00a0<\/b><\/i><b>un espai de trobada entre docents de lleng\u00fces, cl\u00e0ssiques, filosofia i tamb\u00e9 professionals de la promoci\u00f3 lectora<\/b>\u00a0on intercanviarem idees, experi\u00e8ncies i estrat\u00e8gies per aprofitar tot el potencial que tenen els cl\u00e0ssics a la biblioteca escolar i les aules de Secund\u00e0ria.\u00a0<b>Us esperem el dia 11 de mar\u00e7 a les 18:30 hores a l\u2019Espai Abacus!<\/b><\/p>\n<p><img loading=\"lazy\" decoding=\"async\" class=\"aligncenter  wp-image-23163\" src=\"https:\/\/serveiseducatius.xtec.cat\/vallesoriental4\/wp-content\/uploads\/usu1133\/2025\/02\/unnamed-2-scaled.jpg\" alt=\"\" width=\"450\" height=\"300\" srcset=\"https:\/\/serveiseducatius.xtec.cat\/vallesoriental4\/wp-content\/uploads\/usu1133\/2025\/02\/unnamed-2-scaled.jpg 2560w, https:\/\/serveiseducatius.xtec.cat\/vallesoriental4\/wp-content\/uploads\/usu1133\/2025\/02\/unnamed-2-300x200.jpg 300w, https:\/\/serveiseducatius.xtec.cat\/vallesoriental4\/wp-content\/uploads\/usu1133\/2025\/02\/unnamed-2-1024x683.jpg 1024w, https:\/\/serveiseducatius.xtec.cat\/vallesoriental4\/wp-content\/uploads\/usu1133\/2025\/02\/unnamed-2-768x512.jpg 768w, https:\/\/serveiseducatius.xtec.cat\/vallesoriental4\/wp-content\/uploads\/usu1133\/2025\/02\/unnamed-2-1536x1024.jpg 1536w, https:\/\/serveiseducatius.xtec.cat\/vallesoriental4\/wp-content\/uploads\/usu1133\/2025\/02\/unnamed-2-2048x1365.jpg 2048w\" sizes=\"auto, (max-width: 450px) 100vw, 450px\" \/><\/p>\n<table role=\"presentation\" border=\"0\" cellspacing=\"0\" cellpadding=\"0\" align=\"center\">\n<tbody>\n<tr>\n<td valign=\"top\">\n<h3><a href=\"https:\/\/recerkids.us13.list-manage.com\/track\/click?u=29b5d15ba954a6b70ad212262&amp;id=0893a8a075&amp;e=f7eeb304bc\" target=\"_blank\" rel=\"noopener noreferrer\" data-saferedirecturl=\"https:\/\/www.google.com\/url?q=https:\/\/recerkids.us13.list-manage.com\/track\/click?u%3D29b5d15ba954a6b70ad212262%26id%3D0893a8a075%26e%3Df7eeb304bc&amp;source=gmail&amp;ust=1740216904287000&amp;usg=AOvVaw1lhpGCvjVgjUZ7nhrcEKy5\">Reserveu aqu\u00ed la vostra pla\u00e7a<\/a><\/h3>\n<\/td>\n<\/tr>\n<\/tbody>\n<\/table>\n<p><img loading=\"lazy\" decoding=\"async\" class=\"size-full wp-image-23164 alignleft\" src=\"https:\/\/serveiseducatius.xtec.cat\/vallesoriental4\/wp-content\/uploads\/usu1133\/2025\/02\/Captura-de-pantalla-2025-02-21-110913.jpg\" alt=\"\" width=\"697\" height=\"157\" srcset=\"https:\/\/serveiseducatius.xtec.cat\/vallesoriental4\/wp-content\/uploads\/usu1133\/2025\/02\/Captura-de-pantalla-2025-02-21-110913.jpg 697w, https:\/\/serveiseducatius.xtec.cat\/vallesoriental4\/wp-content\/uploads\/usu1133\/2025\/02\/Captura-de-pantalla-2025-02-21-110913-300x68.jpg 300w\" sizes=\"auto, (max-width: 697px) 100vw, 697px\" \/><\/p>\n","protected":false},"excerpt":{"rendered":"<p>A La Casa dels Cl\u00e0ssics fa anys que treballen per reivindicar la vig\u00e8ncia i l\u2019actualitat dels textos cl\u00e0ssics de tots els temps, i avui l\u2019equip d\u2019Eduxarxa ens sumem a la seva reinvindicaci\u00f3 i us fem una proposta:\u00a0Deixeu que la for\u00e7a dels cl\u00e0ssics entri al vostre centre! Volem presentar-vos\u00a0Dilema,\u00a0un recurs educatiu gratu\u00eft per a Secund\u00e0ria, amb [&hellip;]<\/p>\n","protected":false},"author":1,"featured_media":23161,"comment_status":"open","ping_status":"closed","sticky":false,"template":"","format":"standard","meta":{"_bbp_topic_count":0,"_bbp_reply_count":0,"_bbp_total_topic_count":0,"_bbp_total_reply_count":0,"_bbp_voice_count":0,"_bbp_anonymous_reply_count":0,"_bbp_topic_count_hidden":0,"_bbp_reply_count_hidden":0,"_bbp_forum_subforum_count":0,"site-sidebar-layout":"default","site-content-layout":"","ast-site-content-layout":"","site-content-style":"default","site-sidebar-style":"default","ast-global-header-display":"","ast-banner-title-visibility":"","ast-main-header-display":"","ast-hfb-above-header-display":"","ast-hfb-below-header-display":"","ast-hfb-mobile-header-display":"","site-post-title":"","ast-breadcrumbs-content":"","ast-featured-img":"","footer-sml-layout":"","theme-transparent-header-meta":"","adv-header-id-meta":"","stick-header-meta":"","header-above-stick-meta":"","header-main-stick-meta":"","header-below-stick-meta":"","astra-migrate-meta-layouts":"default","ast-page-background-enabled":"default","ast-page-background-meta":{"desktop":{"background-color":"var(--ast-global-color-4)","background-image":"","background-repeat":"repeat","background-position":"center center","background-size":"auto","background-attachment":"scroll","background-type":"","background-media":"","overlay-type":"","overlay-color":"","overlay-opacity":"","overlay-gradient":""},"tablet":{"background-color":"","background-image":"","background-repeat":"repeat","background-position":"center center","background-size":"auto","background-attachment":"scroll","background-type":"","background-media":"","overlay-type":"","overlay-color":"","overlay-opacity":"","overlay-gradient":""},"mobile":{"background-color":"","background-image":"","background-repeat":"repeat","background-position":"center center","background-size":"auto","background-attachment":"scroll","background-type":"","background-media":"","overlay-type":"","overlay-color":"","overlay-opacity":"","overlay-gradient":""}},"ast-content-background-meta":{"desktop":{"background-color":"var(--ast-global-color-5)","background-image":"","background-repeat":"repeat","background-position":"center center","background-size":"auto","background-attachment":"scroll","background-type":"","background-media":"","overlay-type":"","overlay-color":"","overlay-opacity":"","overlay-gradient":""},"tablet":{"background-color":"var(--ast-global-color-5)","background-image":"","background-repeat":"repeat","background-position":"center center","background-size":"auto","background-attachment":"scroll","background-type":"","background-media":"","overlay-type":"","overlay-color":"","overlay-opacity":"","overlay-gradient":""},"mobile":{"background-color":"var(--ast-global-color-5)","background-image":"","background-repeat":"repeat","background-position":"center center","background-size":"auto","background-attachment":"scroll","background-type":"","background-media":"","overlay-type":"","overlay-color":"","overlay-opacity":"","overlay-gradient":""}},"footnotes":""},"categories":[29],"tags":[],"class_list":["post-23160","post","type-post","status-publish","format-standard","has-post-thumbnail","hentry","category-portada"],"post_mailing_queue_ids":[],"_links":{"self":[{"href":"https:\/\/serveiseducatius.xtec.cat\/vallesoriental4\/wp-json\/wp\/v2\/posts\/23160","targetHints":{"allow":["GET"]}}],"collection":[{"href":"https:\/\/serveiseducatius.xtec.cat\/vallesoriental4\/wp-json\/wp\/v2\/posts"}],"about":[{"href":"https:\/\/serveiseducatius.xtec.cat\/vallesoriental4\/wp-json\/wp\/v2\/types\/post"}],"author":[{"embeddable":true,"href":"https:\/\/serveiseducatius.xtec.cat\/vallesoriental4\/wp-json\/wp\/v2\/users\/1"}],"replies":[{"embeddable":true,"href":"https:\/\/serveiseducatius.xtec.cat\/vallesoriental4\/wp-json\/wp\/v2\/comments?post=23160"}],"version-history":[{"count":3,"href":"https:\/\/serveiseducatius.xtec.cat\/vallesoriental4\/wp-json\/wp\/v2\/posts\/23160\/revisions"}],"predecessor-version":[{"id":23167,"href":"https:\/\/serveiseducatius.xtec.cat\/vallesoriental4\/wp-json\/wp\/v2\/posts\/23160\/revisions\/23167"}],"wp:featuredmedia":[{"embeddable":true,"href":"https:\/\/serveiseducatius.xtec.cat\/vallesoriental4\/wp-json\/wp\/v2\/media\/23161"}],"wp:attachment":[{"href":"https:\/\/serveiseducatius.xtec.cat\/vallesoriental4\/wp-json\/wp\/v2\/media?parent=23160"}],"wp:term":[{"taxonomy":"category","embeddable":true,"href":"https:\/\/serveiseducatius.xtec.cat\/vallesoriental4\/wp-json\/wp\/v2\/categories?post=23160"},{"taxonomy":"post_tag","embeddable":true,"href":"https:\/\/serveiseducatius.xtec.cat\/vallesoriental4\/wp-json\/wp\/v2\/tags?post=23160"}],"curies":[{"name":"wp","href":"https:\/\/api.w.org\/{rel}","templated":true}]}}