{"id":23109,"date":"2025-02-03T13:22:57","date_gmt":"2025-02-03T12:22:57","guid":{"rendered":"https:\/\/serveiseducatius.xtec.cat\/vallesoriental4\/?p=23109"},"modified":"2025-02-03T13:27:22","modified_gmt":"2025-02-03T12:27:22","slug":"%f0%9f%93%85%e2%ad%90-torna-el-mwc2025-i-la-jornada-mschools-changing-education-together","status":"publish","type":"post","link":"https:\/\/serveiseducatius.xtec.cat\/vallesoriental4\/portada\/%f0%9f%93%85%e2%ad%90-torna-el-mwc2025-i-la-jornada-mschools-changing-education-together\/","title":{"rendered":"\ud83d\udcc5\u2b50 Torna el MWC2025 i la jornada mSchools Changing Education Together!"},"content":{"rendered":"<p><img loading=\"lazy\" decoding=\"async\" class=\"wp-image-23110 alignleft\" src=\"https:\/\/serveiseducatius.xtec.cat\/vallesoriental4\/wp-content\/uploads\/usu1133\/2025\/02\/IMG-20250122-WA0009.jpg\" alt=\"\" width=\"644\" height=\"190\" srcset=\"https:\/\/serveiseducatius.xtec.cat\/vallesoriental4\/wp-content\/uploads\/usu1133\/2025\/02\/IMG-20250122-WA0009.jpg 1501w, https:\/\/serveiseducatius.xtec.cat\/vallesoriental4\/wp-content\/uploads\/usu1133\/2025\/02\/IMG-20250122-WA0009-300x89.jpg 300w, https:\/\/serveiseducatius.xtec.cat\/vallesoriental4\/wp-content\/uploads\/usu1133\/2025\/02\/IMG-20250122-WA0009-1024x302.jpg 1024w, https:\/\/serveiseducatius.xtec.cat\/vallesoriental4\/wp-content\/uploads\/usu1133\/2025\/02\/IMG-20250122-WA0009-768x227.jpg 768w\" sizes=\"auto, (max-width: 644px) 100vw, 644px\" \/><\/p>\n<p><b>Et convidem al Changing Education Together 2025!<\/b><\/p>\n<p>Uneix-te a nosaltres a la jornada\u00a0<b>de mSchools CET<\/b>\u00a0i forma part d\u2019aquesta trobada d&#8217;inspiraci\u00f3 dins del Mobile World Congress Barcelona 2025.<\/p>\n<p>Reunirem referents del m\u00f3n\u00a0<b>educatiu, tecnol\u00f2gic i social<\/b>\u00a0per explorar com la tecnologia pot contribuir a una educaci\u00f3 m\u00e9s \u00e8tica, sostenible i alineada amb les\u00a0<b>necessitats de la societat del segle XXI.<\/b><\/p>\n<p>Ho farem a trav\u00e9s d\u2019<b>experi\u00e8ncies<\/b>\u00a0pr\u00e0ctiques,\u00a0<b>visions<\/b>\u00a0compartides i<\/p>\n<p><b>di\u00e0legs<\/b>\u00a0enriquidors.<\/p>\n<p><b>Data:\u00a0<\/b>Dijous, 6 de mar\u00e7 de 2025<\/p>\n<p><b>Hora:\u00a0<\/b>10:00 &#8211; 12:00 h<\/p>\n<p><b>Lloc:\u00a0<\/b>Stage Principal &#8211; MWC25, Barcelona<\/p>\n<p><a href=\"https:\/\/docs.google.com\/forms\/d\/1kLq5DHydqdgnX2_-rXsyx0lVjLmynPIwjBr8zO9P_jA\/viewform?edit_requested=true\" target=\"_blank\" rel=\"noopener\">FES EL TEU PREREGISTRE AQU\u00cd<\/a><\/p>\n<p>&nbsp;<\/p>\n<p><img loading=\"lazy\" decoding=\"async\" class=\"size-full wp-image-23113 alignleft\" src=\"https:\/\/serveiseducatius.xtec.cat\/vallesoriental4\/wp-content\/uploads\/usu1133\/2025\/02\/Captura-de-pantalla-2025-02-03-132422.jpg\" alt=\"\" width=\"542\" height=\"394\" srcset=\"https:\/\/serveiseducatius.xtec.cat\/vallesoriental4\/wp-content\/uploads\/usu1133\/2025\/02\/Captura-de-pantalla-2025-02-03-132422.jpg 542w, https:\/\/serveiseducatius.xtec.cat\/vallesoriental4\/wp-content\/uploads\/usu1133\/2025\/02\/Captura-de-pantalla-2025-02-03-132422-300x218.jpg 300w\" sizes=\"auto, (max-width: 542px) 100vw, 542px\" \/><\/p>\n<p>&nbsp;<\/p>\n<p>&nbsp;<\/p>\n<p>&nbsp;<\/p>\n<p>&nbsp;<\/p>\n<p>&nbsp;<\/p>\n<p>&nbsp;<\/p>\n<p>&nbsp;<\/p>\n<p>&nbsp;<\/p>\n<p>&nbsp;<\/p>\n<p><a href=\"https:\/\/docs.google.com\/forms\/d\/1kLq5DHydqdgnX2_-rXsyx0lVjLmynPIwjBr8zO9P_jA\/viewform?edit_requested=true\" target=\"_blank\" rel=\"noopener\">FES EL TEU PREREGISTRE ARA<\/a><\/p>\n<p><b>No triguis, les places s\u00f3n limitades!<\/b><\/p>\n","protected":false},"excerpt":{"rendered":"<p>Et convidem al Changing Education Together 2025! Uneix-te a nosaltres a la jornada\u00a0de mSchools CET\u00a0i forma part d\u2019aquesta trobada d&#8217;inspiraci\u00f3 dins del Mobile World Congress Barcelona 2025. Reunirem referents del m\u00f3n\u00a0educatiu, tecnol\u00f2gic i social\u00a0per explorar com la tecnologia pot contribuir a una educaci\u00f3 m\u00e9s \u00e8tica, sostenible i alineada amb les\u00a0necessitats de la societat del segle [&hellip;]<\/p>\n","protected":false},"author":1,"featured_media":23110,"comment_status":"open","ping_status":"closed","sticky":false,"template":"","format":"standard","meta":{"_bbp_topic_count":0,"_bbp_reply_count":0,"_bbp_total_topic_count":0,"_bbp_total_reply_count":0,"_bbp_voice_count":0,"_bbp_anonymous_reply_count":0,"_bbp_topic_count_hidden":0,"_bbp_reply_count_hidden":0,"_bbp_forum_subforum_count":0,"site-sidebar-layout":"default","site-content-layout":"","ast-site-content-layout":"","site-content-style":"default","site-sidebar-style":"default","ast-global-header-display":"","ast-banner-title-visibility":"","ast-main-header-display":"","ast-hfb-above-header-display":"","ast-hfb-below-header-display":"","ast-hfb-mobile-header-display":"","site-post-title":"","ast-breadcrumbs-content":"","ast-featured-img":"","footer-sml-layout":"","theme-transparent-header-meta":"","adv-header-id-meta":"","stick-header-meta":"","header-above-stick-meta":"","header-main-stick-meta":"","header-below-stick-meta":"","astra-migrate-meta-layouts":"default","ast-page-background-enabled":"default","ast-page-background-meta":{"desktop":{"background-color":"var(--ast-global-color-4)","background-image":"","background-repeat":"repeat","background-position":"center center","background-size":"auto","background-attachment":"scroll","background-type":"","background-media":"","overlay-type":"","overlay-color":"","overlay-opacity":"","overlay-gradient":""},"tablet":{"background-color":"","background-image":"","background-repeat":"repeat","background-position":"center center","background-size":"auto","background-attachment":"scroll","background-type":"","background-media":"","overlay-type":"","overlay-color":"","overlay-opacity":"","overlay-gradient":""},"mobile":{"background-color":"","background-image":"","background-repeat":"repeat","background-position":"center center","background-size":"auto","background-attachment":"scroll","background-type":"","background-media":"","overlay-type":"","overlay-color":"","overlay-opacity":"","overlay-gradient":""}},"ast-content-background-meta":{"desktop":{"background-color":"var(--ast-global-color-5)","background-image":"","background-repeat":"repeat","background-position":"center center","background-size":"auto","background-attachment":"scroll","background-type":"","background-media":"","overlay-type":"","overlay-color":"","overlay-opacity":"","overlay-gradient":""},"tablet":{"background-color":"var(--ast-global-color-5)","background-image":"","background-repeat":"repeat","background-position":"center center","background-size":"auto","background-attachment":"scroll","background-type":"","background-media":"","overlay-type":"","overlay-color":"","overlay-opacity":"","overlay-gradient":""},"mobile":{"background-color":"var(--ast-global-color-5)","background-image":"","background-repeat":"repeat","background-position":"center center","background-size":"auto","background-attachment":"scroll","background-type":"","background-media":"","overlay-type":"","overlay-color":"","overlay-opacity":"","overlay-gradient":""}},"footnotes":""},"categories":[29],"tags":[],"class_list":["post-23109","post","type-post","status-publish","format-standard","has-post-thumbnail","hentry","category-portada"],"post_mailing_queue_ids":[],"_links":{"self":[{"href":"https:\/\/serveiseducatius.xtec.cat\/vallesoriental4\/wp-json\/wp\/v2\/posts\/23109","targetHints":{"allow":["GET"]}}],"collection":[{"href":"https:\/\/serveiseducatius.xtec.cat\/vallesoriental4\/wp-json\/wp\/v2\/posts"}],"about":[{"href":"https:\/\/serveiseducatius.xtec.cat\/vallesoriental4\/wp-json\/wp\/v2\/types\/post"}],"author":[{"embeddable":true,"href":"https:\/\/serveiseducatius.xtec.cat\/vallesoriental4\/wp-json\/wp\/v2\/users\/1"}],"replies":[{"embeddable":true,"href":"https:\/\/serveiseducatius.xtec.cat\/vallesoriental4\/wp-json\/wp\/v2\/comments?post=23109"}],"version-history":[{"count":5,"href":"https:\/\/serveiseducatius.xtec.cat\/vallesoriental4\/wp-json\/wp\/v2\/posts\/23109\/revisions"}],"predecessor-version":[{"id":23116,"href":"https:\/\/serveiseducatius.xtec.cat\/vallesoriental4\/wp-json\/wp\/v2\/posts\/23109\/revisions\/23116"}],"wp:featuredmedia":[{"embeddable":true,"href":"https:\/\/serveiseducatius.xtec.cat\/vallesoriental4\/wp-json\/wp\/v2\/media\/23110"}],"wp:attachment":[{"href":"https:\/\/serveiseducatius.xtec.cat\/vallesoriental4\/wp-json\/wp\/v2\/media?parent=23109"}],"wp:term":[{"taxonomy":"category","embeddable":true,"href":"https:\/\/serveiseducatius.xtec.cat\/vallesoriental4\/wp-json\/wp\/v2\/categories?post=23109"},{"taxonomy":"post_tag","embeddable":true,"href":"https:\/\/serveiseducatius.xtec.cat\/vallesoriental4\/wp-json\/wp\/v2\/tags?post=23109"}],"curies":[{"name":"wp","href":"https:\/\/api.w.org\/{rel}","templated":true}]}}