{"id":23104,"date":"2025-01-31T13:15:09","date_gmt":"2025-01-31T12:15:09","guid":{"rendered":"https:\/\/serveiseducatius.xtec.cat\/vallesoriental4\/?p=23104"},"modified":"2025-01-31T13:15:09","modified_gmt":"2025-01-31T12:15:09","slug":"vi-jornades-coeducacio-els-bons-tractes-contra-les-violencies-coeduca","status":"publish","type":"post","link":"https:\/\/serveiseducatius.xtec.cat\/vallesoriental4\/portada\/vi-jornades-coeducacio-els-bons-tractes-contra-les-violencies-coeduca\/","title":{"rendered":"VI Jornades COEDUCACI\u00d3. ELS BONS TRACTES. Contra les viol\u00e8ncies&#8230;..COEDUCA!"},"content":{"rendered":"<p><img loading=\"lazy\" decoding=\"async\" class=\"wp-image-23106 alignleft\" src=\"https:\/\/serveiseducatius.xtec.cat\/vallesoriental4\/wp-content\/uploads\/usu1133\/2025\/01\/bloog.jpg\" alt=\"\" width=\"519\" height=\"207\" srcset=\"https:\/\/serveiseducatius.xtec.cat\/vallesoriental4\/wp-content\/uploads\/usu1133\/2025\/01\/bloog.jpg 1505w, https:\/\/serveiseducatius.xtec.cat\/vallesoriental4\/wp-content\/uploads\/usu1133\/2025\/01\/bloog-300x120.jpg 300w, https:\/\/serveiseducatius.xtec.cat\/vallesoriental4\/wp-content\/uploads\/usu1133\/2025\/01\/bloog-1024x408.jpg 1024w, https:\/\/serveiseducatius.xtec.cat\/vallesoriental4\/wp-content\/uploads\/usu1133\/2025\/01\/bloog-768x306.jpg 768w\" sizes=\"auto, (max-width: 519px) 100vw, 519px\" \/><\/p>\n<p>El proper 5 d\u2019abril tindr\u00e0 lloc la\u00a0<b><i><span lang=\"ES\"><a href=\"https:\/\/www.uab.cat\/ca\/ice\/jornades-coeducacio-contra-les-violencies-coeduca\" target=\"_blank\" rel=\"noopener\" data-saferedirecturl=\"https:\/\/www.google.com\/url?q=https:\/\/www.uab.cat\/ca\/ice\/jornades-coeducacio-contra-les-violencies-coeduca&amp;source=gmail&amp;ust=1738409636476000&amp;usg=AOvVaw0CzyzJWgaFcborecRb8ztQ\">VI Jornades COEDUCACI\u00d3. ELS BONS TRACTES. Contra les viol\u00e8ncies\u2026. COEDUCA!<\/a><\/span><\/i><\/b>\u00a0a la Facultat de Filosofia i Lletres de la UAB.<b><\/b><u><\/u><u><\/u><\/p>\n<p><b><i>En aquestes VI Jornades de Coeducaci\u00f3 organitzades pel grup de Coeducaci\u00f3 de l\u2019ICE de la UAB hem volgut centrar-nos en la tasca coeducativa com una estrat\u00e8gia central en l&#8217;eliminaci\u00f3 de les viol\u00e8ncies masclistes.<\/i><\/b><u><\/u><u><\/u><\/p>\n<p>Podeu consultar tota la informaci\u00f3 i accedir a la inscripci\u00f3 en aquest\u00a0<b><a href=\"https:\/\/www.uab.cat\/ca\/ice\/jornades-coeducacio-contra-les-violencies-coeduca\" target=\"_blank\" rel=\"noopener\" data-saferedirecturl=\"https:\/\/www.google.com\/url?q=https:\/\/www.uab.cat\/ca\/ice\/jornades-coeducacio-contra-les-violencies-coeduca&amp;source=gmail&amp;ust=1738409636476000&amp;usg=AOvVaw0CzyzJWgaFcborecRb8ztQ\">enlla\u00e7.<\/a><\/b><u><\/u><u><\/u><\/p>\n<p class=\"m_-4033531086624357873xmsonormal\"><b>Us hi esperem!<\/b><\/p>\n","protected":false},"excerpt":{"rendered":"<p>El proper 5 d\u2019abril tindr\u00e0 lloc la\u00a0VI Jornades COEDUCACI\u00d3. ELS BONS TRACTES. Contra les viol\u00e8ncies\u2026. COEDUCA!\u00a0a la Facultat de Filosofia i Lletres de la UAB. En aquestes VI Jornades de Coeducaci\u00f3 organitzades pel grup de Coeducaci\u00f3 de l\u2019ICE de la UAB hem volgut centrar-nos en la tasca coeducativa com una estrat\u00e8gia central en l&#8217;eliminaci\u00f3 de [&hellip;]<\/p>\n","protected":false},"author":1,"featured_media":23106,"comment_status":"open","ping_status":"closed","sticky":false,"template":"","format":"standard","meta":{"_bbp_topic_count":0,"_bbp_reply_count":0,"_bbp_total_topic_count":0,"_bbp_total_reply_count":0,"_bbp_voice_count":0,"_bbp_anonymous_reply_count":0,"_bbp_topic_count_hidden":0,"_bbp_reply_count_hidden":0,"_bbp_forum_subforum_count":0,"site-sidebar-layout":"default","site-content-layout":"","ast-site-content-layout":"","site-content-style":"default","site-sidebar-style":"default","ast-global-header-display":"","ast-banner-title-visibility":"","ast-main-header-display":"","ast-hfb-above-header-display":"","ast-hfb-below-header-display":"","ast-hfb-mobile-header-display":"","site-post-title":"","ast-breadcrumbs-content":"","ast-featured-img":"","footer-sml-layout":"","theme-transparent-header-meta":"","adv-header-id-meta":"","stick-header-meta":"","header-above-stick-meta":"","header-main-stick-meta":"","header-below-stick-meta":"","astra-migrate-meta-layouts":"default","ast-page-background-enabled":"default","ast-page-background-meta":{"desktop":{"background-color":"var(--ast-global-color-4)","background-image":"","background-repeat":"repeat","background-position":"center center","background-size":"auto","background-attachment":"scroll","background-type":"","background-media":"","overlay-type":"","overlay-color":"","overlay-opacity":"","overlay-gradient":""},"tablet":{"background-color":"","background-image":"","background-repeat":"repeat","background-position":"center center","background-size":"auto","background-attachment":"scroll","background-type":"","background-media":"","overlay-type":"","overlay-color":"","overlay-opacity":"","overlay-gradient":""},"mobile":{"background-color":"","background-image":"","background-repeat":"repeat","background-position":"center center","background-size":"auto","background-attachment":"scroll","background-type":"","background-media":"","overlay-type":"","overlay-color":"","overlay-opacity":"","overlay-gradient":""}},"ast-content-background-meta":{"desktop":{"background-color":"var(--ast-global-color-5)","background-image":"","background-repeat":"repeat","background-position":"center center","background-size":"auto","background-attachment":"scroll","background-type":"","background-media":"","overlay-type":"","overlay-color":"","overlay-opacity":"","overlay-gradient":""},"tablet":{"background-color":"var(--ast-global-color-5)","background-image":"","background-repeat":"repeat","background-position":"center center","background-size":"auto","background-attachment":"scroll","background-type":"","background-media":"","overlay-type":"","overlay-color":"","overlay-opacity":"","overlay-gradient":""},"mobile":{"background-color":"var(--ast-global-color-5)","background-image":"","background-repeat":"repeat","background-position":"center center","background-size":"auto","background-attachment":"scroll","background-type":"","background-media":"","overlay-type":"","overlay-color":"","overlay-opacity":"","overlay-gradient":""}},"footnotes":""},"categories":[29],"tags":[],"class_list":["post-23104","post","type-post","status-publish","format-standard","has-post-thumbnail","hentry","category-portada"],"post_mailing_queue_ids":[],"_links":{"self":[{"href":"https:\/\/serveiseducatius.xtec.cat\/vallesoriental4\/wp-json\/wp\/v2\/posts\/23104","targetHints":{"allow":["GET"]}}],"collection":[{"href":"https:\/\/serveiseducatius.xtec.cat\/vallesoriental4\/wp-json\/wp\/v2\/posts"}],"about":[{"href":"https:\/\/serveiseducatius.xtec.cat\/vallesoriental4\/wp-json\/wp\/v2\/types\/post"}],"author":[{"embeddable":true,"href":"https:\/\/serveiseducatius.xtec.cat\/vallesoriental4\/wp-json\/wp\/v2\/users\/1"}],"replies":[{"embeddable":true,"href":"https:\/\/serveiseducatius.xtec.cat\/vallesoriental4\/wp-json\/wp\/v2\/comments?post=23104"}],"version-history":[{"count":3,"href":"https:\/\/serveiseducatius.xtec.cat\/vallesoriental4\/wp-json\/wp\/v2\/posts\/23104\/revisions"}],"predecessor-version":[{"id":23108,"href":"https:\/\/serveiseducatius.xtec.cat\/vallesoriental4\/wp-json\/wp\/v2\/posts\/23104\/revisions\/23108"}],"wp:featuredmedia":[{"embeddable":true,"href":"https:\/\/serveiseducatius.xtec.cat\/vallesoriental4\/wp-json\/wp\/v2\/media\/23106"}],"wp:attachment":[{"href":"https:\/\/serveiseducatius.xtec.cat\/vallesoriental4\/wp-json\/wp\/v2\/media?parent=23104"}],"wp:term":[{"taxonomy":"category","embeddable":true,"href":"https:\/\/serveiseducatius.xtec.cat\/vallesoriental4\/wp-json\/wp\/v2\/categories?post=23104"},{"taxonomy":"post_tag","embeddable":true,"href":"https:\/\/serveiseducatius.xtec.cat\/vallesoriental4\/wp-json\/wp\/v2\/tags?post=23104"}],"curies":[{"name":"wp","href":"https:\/\/api.w.org\/{rel}","templated":true}]}}