{"id":23097,"date":"2025-01-29T09:40:58","date_gmt":"2025-01-29T08:40:58","guid":{"rendered":"https:\/\/serveiseducatius.xtec.cat\/vallesoriental4\/?p=23097"},"modified":"2025-01-29T09:40:58","modified_gmt":"2025-01-29T08:40:58","slug":"recomanacions-sobre-lus-de-les-pantalles-des-de-la-primera-infancia-fins-a-ledat-adulta","status":"publish","type":"post","link":"https:\/\/serveiseducatius.xtec.cat\/vallesoriental4\/portada\/recomanacions-sobre-lus-de-les-pantalles-des-de-la-primera-infancia-fins-a-ledat-adulta\/","title":{"rendered":"Recomanacions sobre l\u2019\u00fas de les pantalles, des de la primera inf\u00e0ncia fins a l\u2019edat adulta"},"content":{"rendered":"<p><img loading=\"lazy\" decoding=\"async\" class=\" wp-image-23099 alignleft\" src=\"https:\/\/serveiseducatius.xtec.cat\/vallesoriental4\/wp-content\/uploads\/usu1133\/2025\/01\/orientaions-generals-pantalles-1024x505-2.png\" alt=\"\" width=\"389\" height=\"192\" srcset=\"https:\/\/serveiseducatius.xtec.cat\/vallesoriental4\/wp-content\/uploads\/usu1133\/2025\/01\/orientaions-generals-pantalles-1024x505-2.png 1024w, https:\/\/serveiseducatius.xtec.cat\/vallesoriental4\/wp-content\/uploads\/usu1133\/2025\/01\/orientaions-generals-pantalles-1024x505-2-300x148.png 300w, https:\/\/serveiseducatius.xtec.cat\/vallesoriental4\/wp-content\/uploads\/usu1133\/2025\/01\/orientaions-generals-pantalles-1024x505-2-768x379.png 768w\" sizes=\"auto, (max-width: 389px) 100vw, 389px\" \/>En el marc del tercer webinar de la Xarxa territorial de Cultura digital, el\u00a0 16 de gener es van presentar una s\u00e8rie d\u2019infografies amb recomanacions sobre l\u2019\u00fas de les pantalles, des de la primera inf\u00e0ncia fins a l\u2019edat adulta.<\/p>\n<p>La Plataforma per a l\u2019Educaci\u00f3 Medi\u00e0tica (PEM), liderada pel Consell de l\u2019Audiovisual de Catalunya (CAC), ha elaborat un conjunt d\u2019orientacions pedag\u00f2giques sobre l\u2019\u00fas de les pantalles en les diferents etapes de la vida, des de la primera inf\u00e0ncia fins a l\u2019edat adulta. Aquestes orientacions han quedat sintetitzades en un seguit d\u2019infografies amb els missatges principals a tenir en compte a l\u2019hora d\u2019educar en l\u2019alfabetitzaci\u00f3 digital que la Plataforma posa a disposici\u00f3 de les fam\u00edlies, de tota la comunitat educativa i de la societat en general.<\/p>\n<p>Les orientacions han estat elaborades pel grup de treball sobre l\u2019\u00fas responsable de les pantalles, integrat dins la PEM, durant el curs 2022-2023, grup de treball coordinat per\u00a0<strong>Miquel \u00c0ngel Prats,<\/strong>\u00a0de la Universitat Blanquerna-Ramon Llull, amb la participaci\u00f3 d\u2019<strong>Alba Castellv\u00ed<\/strong>, experta i formadora en alfabetitzaci\u00f3 medi\u00e0tica;\u00a0<strong>M\u00f2nica Figueras<\/strong>, de la Universitat Pompeu Fabra;\u00a0<strong>Sara Malo<\/strong>, de l\u2019ERIDIQV de la Universitat de Girona;\u00a0<strong>Diego Mu\u00f1oz<\/strong>, de la Cooperativa ACTUA, i\u00a0<strong>Marta Narberhaus<\/strong>, de la Universitat Internacional de Catalunya<\/p>\n<p><a href=\"https:\/\/www.youtube.com\/watch?v=yZP1ackEkH8\" target=\"_blank\" rel=\"noopener\">XTCD &#8211; Sessi\u00f3 3 Centres en l\u00ednia<\/a><\/p>\n<ul>\n<li><a href=\"https:\/\/www.cac.cat\/sites\/default\/files\/2024-01\/Infografia%20primera%20inf%C3%A0ncia.pdf\">Infografia primera inf\u00e0ncia<\/a><\/li>\n<li>Infografia etapa de prim\u00e0ria<\/li>\n<li>Infografia etapa de secund\u00e0ria<\/li>\n<li>Infografia post i edat adulta<\/li>\n<li><a href=\"https:\/\/www.cac.cat\/sites\/default\/files\/2024-01\/Infografia%20general.pdf\" data-type=\"link\" data-id=\"https:\/\/www.cac.cat\/sites\/default\/files\/2024-01\/Infografia%20general.pdf\">Infografia orientacions generals<\/a><\/li>\n<\/ul>\n<p><img loading=\"lazy\" decoding=\"async\" class=\"wp-image-23100 alignleft\" src=\"https:\/\/serveiseducatius.xtec.cat\/vallesoriental4\/wp-content\/uploads\/usu1133\/2025\/01\/Captura-de-pantalla-2025-01-29-093511.jpg\" alt=\"\" width=\"469\" height=\"105\" srcset=\"https:\/\/serveiseducatius.xtec.cat\/vallesoriental4\/wp-content\/uploads\/usu1133\/2025\/01\/Captura-de-pantalla-2025-01-29-093511.jpg 1055w, https:\/\/serveiseducatius.xtec.cat\/vallesoriental4\/wp-content\/uploads\/usu1133\/2025\/01\/Captura-de-pantalla-2025-01-29-093511-300x67.jpg 300w, https:\/\/serveiseducatius.xtec.cat\/vallesoriental4\/wp-content\/uploads\/usu1133\/2025\/01\/Captura-de-pantalla-2025-01-29-093511-1024x229.jpg 1024w, https:\/\/serveiseducatius.xtec.cat\/vallesoriental4\/wp-content\/uploads\/usu1133\/2025\/01\/Captura-de-pantalla-2025-01-29-093511-768x172.jpg 768w\" sizes=\"auto, (max-width: 469px) 100vw, 469px\" \/><\/p>\n","protected":false},"excerpt":{"rendered":"<p>En el marc del tercer webinar de la Xarxa territorial de Cultura digital, el\u00a0 16 de gener es van presentar una s\u00e8rie d\u2019infografies amb recomanacions sobre l\u2019\u00fas de les pantalles, des de la primera inf\u00e0ncia fins a l\u2019edat adulta. La Plataforma per a l\u2019Educaci\u00f3 Medi\u00e0tica (PEM), liderada pel Consell de l\u2019Audiovisual de Catalunya (CAC), ha [&hellip;]<\/p>\n","protected":false},"author":1,"featured_media":23099,"comment_status":"open","ping_status":"closed","sticky":false,"template":"","format":"standard","meta":{"_bbp_topic_count":0,"_bbp_reply_count":0,"_bbp_total_topic_count":0,"_bbp_total_reply_count":0,"_bbp_voice_count":0,"_bbp_anonymous_reply_count":0,"_bbp_topic_count_hidden":0,"_bbp_reply_count_hidden":0,"_bbp_forum_subforum_count":0,"site-sidebar-layout":"default","site-content-layout":"","ast-site-content-layout":"","site-content-style":"default","site-sidebar-style":"default","ast-global-header-display":"","ast-banner-title-visibility":"","ast-main-header-display":"","ast-hfb-above-header-display":"","ast-hfb-below-header-display":"","ast-hfb-mobile-header-display":"","site-post-title":"","ast-breadcrumbs-content":"","ast-featured-img":"","footer-sml-layout":"","theme-transparent-header-meta":"","adv-header-id-meta":"","stick-header-meta":"","header-above-stick-meta":"","header-main-stick-meta":"","header-below-stick-meta":"","astra-migrate-meta-layouts":"default","ast-page-background-enabled":"default","ast-page-background-meta":{"desktop":{"background-color":"var(--ast-global-color-4)","background-image":"","background-repeat":"repeat","background-position":"center center","background-size":"auto","background-attachment":"scroll","background-type":"","background-media":"","overlay-type":"","overlay-color":"","overlay-opacity":"","overlay-gradient":""},"tablet":{"background-color":"","background-image":"","background-repeat":"repeat","background-position":"center center","background-size":"auto","background-attachment":"scroll","background-type":"","background-media":"","overlay-type":"","overlay-color":"","overlay-opacity":"","overlay-gradient":""},"mobile":{"background-color":"","background-image":"","background-repeat":"repeat","background-position":"center center","background-size":"auto","background-attachment":"scroll","background-type":"","background-media":"","overlay-type":"","overlay-color":"","overlay-opacity":"","overlay-gradient":""}},"ast-content-background-meta":{"desktop":{"background-color":"var(--ast-global-color-5)","background-image":"","background-repeat":"repeat","background-position":"center center","background-size":"auto","background-attachment":"scroll","background-type":"","background-media":"","overlay-type":"","overlay-color":"","overlay-opacity":"","overlay-gradient":""},"tablet":{"background-color":"var(--ast-global-color-5)","background-image":"","background-repeat":"repeat","background-position":"center center","background-size":"auto","background-attachment":"scroll","background-type":"","background-media":"","overlay-type":"","overlay-color":"","overlay-opacity":"","overlay-gradient":""},"mobile":{"background-color":"var(--ast-global-color-5)","background-image":"","background-repeat":"repeat","background-position":"center center","background-size":"auto","background-attachment":"scroll","background-type":"","background-media":"","overlay-type":"","overlay-color":"","overlay-opacity":"","overlay-gradient":""}},"footnotes":""},"categories":[29],"tags":[],"class_list":["post-23097","post","type-post","status-publish","format-standard","has-post-thumbnail","hentry","category-portada"],"post_mailing_queue_ids":[],"_links":{"self":[{"href":"https:\/\/serveiseducatius.xtec.cat\/vallesoriental4\/wp-json\/wp\/v2\/posts\/23097","targetHints":{"allow":["GET"]}}],"collection":[{"href":"https:\/\/serveiseducatius.xtec.cat\/vallesoriental4\/wp-json\/wp\/v2\/posts"}],"about":[{"href":"https:\/\/serveiseducatius.xtec.cat\/vallesoriental4\/wp-json\/wp\/v2\/types\/post"}],"author":[{"embeddable":true,"href":"https:\/\/serveiseducatius.xtec.cat\/vallesoriental4\/wp-json\/wp\/v2\/users\/1"}],"replies":[{"embeddable":true,"href":"https:\/\/serveiseducatius.xtec.cat\/vallesoriental4\/wp-json\/wp\/v2\/comments?post=23097"}],"version-history":[{"count":2,"href":"https:\/\/serveiseducatius.xtec.cat\/vallesoriental4\/wp-json\/wp\/v2\/posts\/23097\/revisions"}],"predecessor-version":[{"id":23102,"href":"https:\/\/serveiseducatius.xtec.cat\/vallesoriental4\/wp-json\/wp\/v2\/posts\/23097\/revisions\/23102"}],"wp:featuredmedia":[{"embeddable":true,"href":"https:\/\/serveiseducatius.xtec.cat\/vallesoriental4\/wp-json\/wp\/v2\/media\/23099"}],"wp:attachment":[{"href":"https:\/\/serveiseducatius.xtec.cat\/vallesoriental4\/wp-json\/wp\/v2\/media?parent=23097"}],"wp:term":[{"taxonomy":"category","embeddable":true,"href":"https:\/\/serveiseducatius.xtec.cat\/vallesoriental4\/wp-json\/wp\/v2\/categories?post=23097"},{"taxonomy":"post_tag","embeddable":true,"href":"https:\/\/serveiseducatius.xtec.cat\/vallesoriental4\/wp-json\/wp\/v2\/tags?post=23097"}],"curies":[{"name":"wp","href":"https:\/\/api.w.org\/{rel}","templated":true}]}}