{"id":22931,"date":"2025-01-09T11:19:27","date_gmt":"2025-01-09T10:19:27","guid":{"rendered":"https:\/\/serveiseducatius.xtec.cat\/vallesoriental4\/?p=22931"},"modified":"2025-01-09T14:55:19","modified_gmt":"2025-01-09T13:55:19","slug":"jornada-argo-de-geografia-justicia-global-a-laula-una-mirada-geografica","status":"publish","type":"post","link":"https:\/\/serveiseducatius.xtec.cat\/vallesoriental4\/portada\/jornada-argo-de-geografia-justicia-global-a-laula-una-mirada-geografica\/","title":{"rendered":"Jornada Arg\u00f3 de Geografia: &#8220;Just\u00edcia Global a l&#8217;aula: una mirada geogr\u00e0fica&#8221;"},"content":{"rendered":"<p><img loading=\"lazy\" decoding=\"async\" class=\"wp-image-22932 alignleft\" src=\"https:\/\/serveiseducatius.xtec.cat\/vallesoriental4\/wp-content\/uploads\/usu1133\/2025\/01\/Captura-de-pantalla-2025-4-1.jpg\" alt=\"\" width=\"348\" height=\"235\" srcset=\"https:\/\/serveiseducatius.xtec.cat\/vallesoriental4\/wp-content\/uploads\/usu1133\/2025\/01\/Captura-de-pantalla-2025-4-1.jpg 936w, https:\/\/serveiseducatius.xtec.cat\/vallesoriental4\/wp-content\/uploads\/usu1133\/2025\/01\/Captura-de-pantalla-2025-4-1-300x203.jpg 300w, https:\/\/serveiseducatius.xtec.cat\/vallesoriental4\/wp-content\/uploads\/usu1133\/2025\/01\/Captura-de-pantalla-2025-4-1-768x519.jpg 768w\" sizes=\"auto, (max-width: 348px) 100vw, 348px\" \/><\/p>\n<p><b>Places disponibles!!!<\/b><\/p>\n<p>Aquesta\u00a0jornada\u00a0\u00e9s\u00a0<wbr \/>organitzada\u00a0per l\u2019equip Arg\u00f3 de Geografia, pel\u00a0<a href=\"https:\/\/www.uab.cat\/ca\/geografia\" target=\"_blank\" rel=\"noopener\" data-saferedirecturl=\"https:\/\/www.google.com\/url?q=https:\/\/www.uab.cat\/ca\/geografia&amp;source=gmail&amp;ust=1736502310648000&amp;usg=AOvVaw2uBOFyHy2b54SesRVMmmlG\">Departament de Geografia<\/a>\u00a0i l\u2019<a href=\"https:\/\/www.uab.cat\/ca\/ice\" target=\"_blank\" rel=\"noopener\" data-saferedirecturl=\"https:\/\/www.google.com\/url?q=https:\/\/www.uab.cat\/ca\/ice&amp;source=gmail&amp;ust=1736502310648000&amp;usg=AOvVaw0jDcQybIUKA5jyLaD1fuj3\">ICE<\/a>\u00a0de la UAB i s&#8217;adre\u00e7a\u00a0a professorat de Ci\u00e8ncies Socials de secund\u00e0ria i batxillerat.<\/p>\n<p>En aquesta jornada reflexionarem sobre tem\u00e0tiques clau relacionades amb la Just\u00edcia Global, com la pau i la no-viol\u00e8ncia, la just\u00edcia ambiental, la perspectiva feminista, la interculturalitat cr\u00edtica, la just\u00edcia econ\u00f2mica i social, o les relacions de poder i la governan\u00e7a.<\/p>\n<p>S&#8217;ofereixen dues opcions de matr\u00edcula:<\/p>\n<ul type=\"disc\">\n<li>Assist\u00e8ncia a les activitats presencials organitzades durant\u00a0dues tardes de\u00a0dilluns (durada total de 8 hores).<\/li>\n<li>Assist\u00e8ncia a les activitats dels dos dilluns m\u00e9s una sortida un\u00a0dissabte al mat\u00ed, amb un aforament de\u00a0la sortida de\u00a0<b>15 places<\/b>\u00a0(durada total de 12\u00a0hores).<\/li>\n<\/ul>\n<p><b>En el moment de fer la matr\u00edcula, s&#8217;ha d&#8217;escollir una de les dues opcions.\u00a0<\/b><\/p>\n<p>Podeu consultar tota la informaci\u00f3 sobre l\u2019activitat i accedir als formularis d\u2019inscripci\u00f3 a trav\u00e9s d\u2019aquest\u00a0<a href=\"https:\/\/www.uab.cat\/ca\/ice\/jornada-argo-geografia-24-25\" target=\"_blank\" rel=\"noopener\" data-saferedirecturl=\"https:\/\/www.google.com\/url?q=https:\/\/www.uab.cat\/ca\/ice\/jornada-argo-geografia-24-25&amp;source=gmail&amp;ust=1736502310648000&amp;usg=AOvVaw1jZ30jT5M46By23OTuQvZU\"><b>enlla\u00e7<\/b><\/a>.<\/p>\n<p>Us agrairem que feu difusi\u00f3 d\u2019aquest missatge entre el personal del vostre centre a qui li pugui interessar.<\/p>\n<p><b>Us hi esperem!<\/b><\/p>\n","protected":false},"excerpt":{"rendered":"<p>Places disponibles!!! Aquesta\u00a0jornada\u00a0\u00e9s\u00a0organitzada\u00a0per l\u2019equip Arg\u00f3 de Geografia, pel\u00a0Departament de Geografia\u00a0i l\u2019ICE\u00a0de la UAB i s&#8217;adre\u00e7a\u00a0a professorat de Ci\u00e8ncies Socials de secund\u00e0ria i batxillerat. En aquesta jornada reflexionarem sobre tem\u00e0tiques clau relacionades amb la Just\u00edcia Global, com la pau i la no-viol\u00e8ncia, la just\u00edcia ambiental, la perspectiva feminista, la interculturalitat cr\u00edtica, la just\u00edcia econ\u00f2mica i social, [&hellip;]<\/p>\n","protected":false},"author":1,"featured_media":22932,"comment_status":"open","ping_status":"closed","sticky":false,"template":"","format":"standard","meta":{"_bbp_topic_count":0,"_bbp_reply_count":0,"_bbp_total_topic_count":0,"_bbp_total_reply_count":0,"_bbp_voice_count":0,"_bbp_anonymous_reply_count":0,"_bbp_topic_count_hidden":0,"_bbp_reply_count_hidden":0,"_bbp_forum_subforum_count":0,"site-sidebar-layout":"default","site-content-layout":"","ast-site-content-layout":"","site-content-style":"default","site-sidebar-style":"default","ast-global-header-display":"","ast-banner-title-visibility":"","ast-main-header-display":"","ast-hfb-above-header-display":"","ast-hfb-below-header-display":"","ast-hfb-mobile-header-display":"","site-post-title":"","ast-breadcrumbs-content":"","ast-featured-img":"","footer-sml-layout":"","theme-transparent-header-meta":"","adv-header-id-meta":"","stick-header-meta":"","header-above-stick-meta":"","header-main-stick-meta":"","header-below-stick-meta":"","astra-migrate-meta-layouts":"default","ast-page-background-enabled":"default","ast-page-background-meta":{"desktop":{"background-color":"var(--ast-global-color-4)","background-image":"","background-repeat":"repeat","background-position":"center center","background-size":"auto","background-attachment":"scroll","background-type":"","background-media":"","overlay-type":"","overlay-color":"","overlay-opacity":"","overlay-gradient":""},"tablet":{"background-color":"","background-image":"","background-repeat":"repeat","background-position":"center center","background-size":"auto","background-attachment":"scroll","background-type":"","background-media":"","overlay-type":"","overlay-color":"","overlay-opacity":"","overlay-gradient":""},"mobile":{"background-color":"","background-image":"","background-repeat":"repeat","background-position":"center center","background-size":"auto","background-attachment":"scroll","background-type":"","background-media":"","overlay-type":"","overlay-color":"","overlay-opacity":"","overlay-gradient":""}},"ast-content-background-meta":{"desktop":{"background-color":"var(--ast-global-color-5)","background-image":"","background-repeat":"repeat","background-position":"center center","background-size":"auto","background-attachment":"scroll","background-type":"","background-media":"","overlay-type":"","overlay-color":"","overlay-opacity":"","overlay-gradient":""},"tablet":{"background-color":"var(--ast-global-color-5)","background-image":"","background-repeat":"repeat","background-position":"center center","background-size":"auto","background-attachment":"scroll","background-type":"","background-media":"","overlay-type":"","overlay-color":"","overlay-opacity":"","overlay-gradient":""},"mobile":{"background-color":"var(--ast-global-color-5)","background-image":"","background-repeat":"repeat","background-position":"center center","background-size":"auto","background-attachment":"scroll","background-type":"","background-media":"","overlay-type":"","overlay-color":"","overlay-opacity":"","overlay-gradient":""}},"footnotes":""},"categories":[29],"tags":[],"class_list":["post-22931","post","type-post","status-publish","format-standard","has-post-thumbnail","hentry","category-portada"],"post_mailing_queue_ids":[],"_links":{"self":[{"href":"https:\/\/serveiseducatius.xtec.cat\/vallesoriental4\/wp-json\/wp\/v2\/posts\/22931","targetHints":{"allow":["GET"]}}],"collection":[{"href":"https:\/\/serveiseducatius.xtec.cat\/vallesoriental4\/wp-json\/wp\/v2\/posts"}],"about":[{"href":"https:\/\/serveiseducatius.xtec.cat\/vallesoriental4\/wp-json\/wp\/v2\/types\/post"}],"author":[{"embeddable":true,"href":"https:\/\/serveiseducatius.xtec.cat\/vallesoriental4\/wp-json\/wp\/v2\/users\/1"}],"replies":[{"embeddable":true,"href":"https:\/\/serveiseducatius.xtec.cat\/vallesoriental4\/wp-json\/wp\/v2\/comments?post=22931"}],"version-history":[{"count":1,"href":"https:\/\/serveiseducatius.xtec.cat\/vallesoriental4\/wp-json\/wp\/v2\/posts\/22931\/revisions"}],"predecessor-version":[{"id":22933,"href":"https:\/\/serveiseducatius.xtec.cat\/vallesoriental4\/wp-json\/wp\/v2\/posts\/22931\/revisions\/22933"}],"wp:featuredmedia":[{"embeddable":true,"href":"https:\/\/serveiseducatius.xtec.cat\/vallesoriental4\/wp-json\/wp\/v2\/media\/22932"}],"wp:attachment":[{"href":"https:\/\/serveiseducatius.xtec.cat\/vallesoriental4\/wp-json\/wp\/v2\/media?parent=22931"}],"wp:term":[{"taxonomy":"category","embeddable":true,"href":"https:\/\/serveiseducatius.xtec.cat\/vallesoriental4\/wp-json\/wp\/v2\/categories?post=22931"},{"taxonomy":"post_tag","embeddable":true,"href":"https:\/\/serveiseducatius.xtec.cat\/vallesoriental4\/wp-json\/wp\/v2\/tags?post=22931"}],"curies":[{"name":"wp","href":"https:\/\/api.w.org\/{rel}","templated":true}]}}