{"id":2290,"date":"2014-02-05T12:55:34","date_gmt":"2014-02-05T12:55:34","guid":{"rendered":"http:\/\/crpvalltenes.wordpress.com\/?p=2290"},"modified":"2014-02-05T12:55:34","modified_gmt":"2014-02-05T12:55:34","slug":"jornada-de-presentacio-dexperiencies-a-lentorn-del-tricentenari","status":"publish","type":"post","link":"https:\/\/serveiseducatius.xtec.cat\/vallesoriental4\/general\/jornada-de-presentacio-dexperiencies-a-lentorn-del-tricentenari\/","title":{"rendered":"JORNADA DE PRESENTACI\u00d3 D\u2019EXPERI\u00c8NCIES A L\u2019ENTORN DEL TRICENTENARI"},"content":{"rendered":"<p><!--[if gte mso 9]&gt;--><\/p>\n<p class=\"MsoNormal\" style=\"text-align:justify;\"><span style=\"font-family:'Arial', 'sans-serif';\">Enguany i dins de la commemoraci\u00f3 dels <strong>tres-cents anys dels fets de 1714<\/strong>, us proposem la participaci\u00f3 en una<strong> jornada pedag\u00f2gica<\/strong> que es far\u00e0 el <strong>dia 16 de maig de 2014 a Barcelona<\/strong>, en la qual es presentaran les experi\u00e8ncies did\u00e0ctiques que hagueu treballat amb els alumnes en els centres educatius per fer-los con\u00e8ixer els fets de 1714 i les seves repercussions.<br \/>\n<\/span><\/p>\n<p class=\"MsoNormal\" style=\"text-align:justify;\"><a href=\"http:\/\/crpvalltenes.files.wordpress.com\/2014\/02\/tricent.jpg\"><img loading=\"lazy\" decoding=\"async\" class=\"aligncenter size-medium wp-image-2292\" alt=\"tricent\" src=\"http:\/\/crpvalltenes.files.wordpress.com\/2014\/02\/tricent.jpg?w=300\" width=\"300\" height=\"125\" srcset=\"https:\/\/serveiseducatius.xtec.cat\/vallesoriental4\/wp-content\/uploads\/usu1133\/2014\/02\/tricent.jpg 720w, https:\/\/serveiseducatius.xtec.cat\/vallesoriental4\/wp-content\/uploads\/usu1133\/2014\/02\/tricent-300x125.jpg 300w\" sizes=\"auto, (max-width: 300px) 100vw, 300px\" \/><\/a><\/p>\n<p class=\"MsoNormal\" style=\"text-align:justify;\">Aquestes experi\u00e8ncies les poden presentar tant els professors com els alumnes, tant de <strong>prim\u00e0ria<\/strong> com de <strong>secund\u00e0ria<\/strong>.<\/p>\n<p class=\"MsoNormal\" style=\"text-align:justify;\">El <strong>format \u00e9s lliure<\/strong>, aix\u00ed com el suport, que pot ser un text, un text il\u00b7lustrat, una hist\u00f2ria gr\u00e0fica, un gui\u00f3 audiovisual, una lectura en veu alta, un concert, un recitat, un blog, un espai web, un audiovisual, una representaci\u00f3, &#8230;<\/p>\n<p class=\"MsoNormal\" style=\"text-align:justify;\">Una comissi\u00f3 organitzativa valorar\u00e0 l&#8217;aportaci\u00f3 original que representi, ja sigui documental o d&#8217;imatges, gravats, ets&#8230;, el tractament trasversal del tema tractat,la qualitat art\u00edstica, si s&#8217;escau, de la realitzaci\u00f3, l&#8217;\u00fas de les Tenologies de la Informaci\u00f3 i la Comunicaci\u00f3,&#8230;<\/p>\n<p class=\"MsoNormal\" style=\"text-align:justify;\">Tant a les comunicacions com a les experi\u00e8ncies, es creu adient la <strong>participaci\u00f3 dels alumnes<\/strong>, que n&#8217;haurien de ser els veritables protagon\u00edstes..<\/p>\n<p class=\"MsoNormal\" style=\"text-align:justify;\">El Departament d&#8217;Ensenyament emetr\u00e0, segons el cas, un certificat com a ponent a\u00a0 les persones (tant professors com alumnes) que presentin una comunicaci\u00f3 o una experi\u00e8ncia i als assistents un certificat de formaci\u00f3.<\/p>\n<p class=\"MsoNormal\" style=\"text-align:justify;\">Per participar, cal trametre la fitxa de l&#8217;activitat que adjuntem abans del 31 de mar\u00e7 de 2014:<\/p>\n<p class=\"MsoNormal\" style=\"text-align:justify;\"><a href=\"http:\/\/crpvalltenes.files.wordpress.com\/2014\/02\/utf-8fitxa-de-participacic3a3c2b3.odt\">UTF-8&#8221;Fitxa de participaci\u00c3\u00b3<\/a><\/p>\n<p class=\"MsoNormal\" style=\"text-align:justify;\">Per a <strong>inscriure&#8217;s com a assistent<\/strong> a la jornada, s&#8217;obrir\u00e0 un periode d&#8217;inscripci\u00f3 del 15 de febrer fins al 15 de mar\u00e7 de 2014 a la p\u00e0gina Xtec.<\/p>\n<p class=\"MsoNormal\" style=\"text-align:justify;\"><strong><span style=\"font-family:'Arial', 'sans-serif';color:red;\">S&#8217;anima a tots els Centres a participar-hi!!!!!<\/span><\/strong><\/p>\n<p class=\"MsoNormal\" style=\"text-align:justify;\">\n","protected":false},"excerpt":{"rendered":"<p>Enguany i dins de la commemoraci\u00f3 dels tres-cents anys dels fets de 1714, us proposem la participaci\u00f3 en una jornada pedag\u00f2gica que es far\u00e0 el dia 16 de maig de 2014 a Barcelona, en la qual es presentaran les experi\u00e8ncies did\u00e0ctiques que hagueu treballat amb els alumnes en els centres educatius per fer-los con\u00e8ixer els [&hellip;]<\/p>\n","protected":false},"author":1,"featured_media":0,"comment_status":"open","ping_status":"open","sticky":false,"template":"","format":"standard","meta":{"_bbp_topic_count":0,"_bbp_reply_count":0,"_bbp_total_topic_count":0,"_bbp_total_reply_count":0,"_bbp_voice_count":0,"_bbp_anonymous_reply_count":0,"_bbp_topic_count_hidden":0,"_bbp_reply_count_hidden":0,"_bbp_forum_subforum_count":0,"site-sidebar-layout":"default","site-content-layout":"","ast-site-content-layout":"","site-content-style":"default","site-sidebar-style":"default","ast-global-header-display":"","ast-banner-title-visibility":"","ast-main-header-display":"","ast-hfb-above-header-display":"","ast-hfb-below-header-display":"","ast-hfb-mobile-header-display":"","site-post-title":"","ast-breadcrumbs-content":"","ast-featured-img":"","footer-sml-layout":"","theme-transparent-header-meta":"","adv-header-id-meta":"","stick-header-meta":"","header-above-stick-meta":"","header-main-stick-meta":"","header-below-stick-meta":"","astra-migrate-meta-layouts":"default","ast-page-background-enabled":"default","ast-page-background-meta":{"desktop":{"background-color":"var(--ast-global-color-4)","background-image":"","background-repeat":"repeat","background-position":"center center","background-size":"auto","background-attachment":"scroll","background-type":"","background-media":"","overlay-type":"","overlay-color":"","overlay-opacity":"","overlay-gradient":""},"tablet":{"background-color":"","background-image":"","background-repeat":"repeat","background-position":"center center","background-size":"auto","background-attachment":"scroll","background-type":"","background-media":"","overlay-type":"","overlay-color":"","overlay-opacity":"","overlay-gradient":""},"mobile":{"background-color":"","background-image":"","background-repeat":"repeat","background-position":"center center","background-size":"auto","background-attachment":"scroll","background-type":"","background-media":"","overlay-type":"","overlay-color":"","overlay-opacity":"","overlay-gradient":""}},"ast-content-background-meta":{"desktop":{"background-color":"var(--ast-global-color-5)","background-image":"","background-repeat":"repeat","background-position":"center center","background-size":"auto","background-attachment":"scroll","background-type":"","background-media":"","overlay-type":"","overlay-color":"","overlay-opacity":"","overlay-gradient":""},"tablet":{"background-color":"var(--ast-global-color-5)","background-image":"","background-repeat":"repeat","background-position":"center center","background-size":"auto","background-attachment":"scroll","background-type":"","background-media":"","overlay-type":"","overlay-color":"","overlay-opacity":"","overlay-gradient":""},"mobile":{"background-color":"var(--ast-global-color-5)","background-image":"","background-repeat":"repeat","background-position":"center center","background-size":"auto","background-attachment":"scroll","background-type":"","background-media":"","overlay-type":"","overlay-color":"","overlay-opacity":"","overlay-gradient":""}},"footnotes":""},"categories":[1],"tags":[],"class_list":["post-2290","post","type-post","status-publish","format-standard","hentry","category-general"],"post_mailing_queue_ids":[],"_links":{"self":[{"href":"https:\/\/serveiseducatius.xtec.cat\/vallesoriental4\/wp-json\/wp\/v2\/posts\/2290","targetHints":{"allow":["GET"]}}],"collection":[{"href":"https:\/\/serveiseducatius.xtec.cat\/vallesoriental4\/wp-json\/wp\/v2\/posts"}],"about":[{"href":"https:\/\/serveiseducatius.xtec.cat\/vallesoriental4\/wp-json\/wp\/v2\/types\/post"}],"author":[{"embeddable":true,"href":"https:\/\/serveiseducatius.xtec.cat\/vallesoriental4\/wp-json\/wp\/v2\/users\/1"}],"replies":[{"embeddable":true,"href":"https:\/\/serveiseducatius.xtec.cat\/vallesoriental4\/wp-json\/wp\/v2\/comments?post=2290"}],"version-history":[{"count":0,"href":"https:\/\/serveiseducatius.xtec.cat\/vallesoriental4\/wp-json\/wp\/v2\/posts\/2290\/revisions"}],"wp:attachment":[{"href":"https:\/\/serveiseducatius.xtec.cat\/vallesoriental4\/wp-json\/wp\/v2\/media?parent=2290"}],"wp:term":[{"taxonomy":"category","embeddable":true,"href":"https:\/\/serveiseducatius.xtec.cat\/vallesoriental4\/wp-json\/wp\/v2\/categories?post=2290"},{"taxonomy":"post_tag","embeddable":true,"href":"https:\/\/serveiseducatius.xtec.cat\/vallesoriental4\/wp-json\/wp\/v2\/tags?post=2290"}],"curies":[{"name":"wp","href":"https:\/\/api.w.org\/{rel}","templated":true}]}}