{"id":22857,"date":"2024-12-13T12:41:25","date_gmt":"2024-12-13T11:41:25","guid":{"rendered":"https:\/\/serveiseducatius.xtec.cat\/vallesoriental4\/?p=22857"},"modified":"2024-12-13T12:41:25","modified_gmt":"2024-12-13T11:41:25","slug":"%f0%9f%8e%82-100-numeros-de-faristol-i-100-motius-per-celebrar-la-lij-%f0%9f%8e%89","status":"publish","type":"post","link":"https:\/\/serveiseducatius.xtec.cat\/vallesoriental4\/general\/%f0%9f%8e%82-100-numeros-de-faristol-i-100-motius-per-celebrar-la-lij-%f0%9f%8e%89\/","title":{"rendered":"\ud83c\udf82 \u200b100 n\u00fameros de Faristol i \u200b100 motius per celebrar la LIJ \u200b\ud83c\udf89"},"content":{"rendered":"<p><img loading=\"lazy\" decoding=\"async\" class=\"aligncenter  wp-image-22858\" src=\"https:\/\/serveiseducatius.xtec.cat\/vallesoriental4\/wp-content\/uploads\/usu1133\/2024\/12\/IBBY.png\" alt=\"\" width=\"369\" height=\"270\" srcset=\"https:\/\/serveiseducatius.xtec.cat\/vallesoriental4\/wp-content\/uploads\/usu1133\/2024\/12\/IBBY.png 534w, https:\/\/serveiseducatius.xtec.cat\/vallesoriental4\/wp-content\/uploads\/usu1133\/2024\/12\/IBBY-300x220.png 300w\" sizes=\"auto, (max-width: 369px) 100vw, 369px\" \/><\/p>\n<p>Us acostem tota l&#8217;actualitat<b>\u00a0<\/b>dels<b>\u00a0projectes<\/b>,<b>\u00a0programes<\/b>,<b>\u00a0seleccions<\/b>,<b>\u00a0candidatures\u00a0<\/b>i\u00a0<b>altres \u00e0mbits d&#8217;acci\u00f3<\/b> de la nostra entitat, a trav\u00e9s dels quals treballem per preservar el\u00a0<b>dret fonamental\u00a0<\/b>de tots els infants i joves a\u00a0<b>ser<\/b>\u00a0<b>lectors<\/b>\u00a0i per vetllar per una\u00a0<b>LIJ catalana\u00a0<\/b>de la\u00a0<b>m\u00e9s alta qualitat<\/b>.<\/p>\n<p><img loading=\"lazy\" decoding=\"async\" class=\"aligncenter size-full wp-image-22859\" src=\"https:\/\/serveiseducatius.xtec.cat\/vallesoriental4\/wp-content\/uploads\/usu1133\/2024\/12\/MUSOOL.png\" alt=\"\" width=\"667\" height=\"499\" srcset=\"https:\/\/serveiseducatius.xtec.cat\/vallesoriental4\/wp-content\/uploads\/usu1133\/2024\/12\/MUSOOL.png 667w, https:\/\/serveiseducatius.xtec.cat\/vallesoriental4\/wp-content\/uploads\/usu1133\/2024\/12\/MUSOOL-300x224.png 300w, https:\/\/serveiseducatius.xtec.cat\/vallesoriental4\/wp-content\/uploads\/usu1133\/2024\/12\/MUSOOL-200x150.png 200w\" sizes=\"auto, (max-width: 667px) 100vw, 667px\" \/><\/p>\n<p style=\"text-align: center;\"><b>100 n\u00fameros de\u00a0<i>Faristol<\/i><br \/>\n100 motius per celebrar la LIJ<\/b><\/p>\n<p>Benvolguda Comunitat LIJ,<\/p>\n<p>Arribem al n\u00famero 100 de\u00a0<i>Faristol<\/i>\u00a0amb\u00a0<b>emoci\u00f3<\/b>,\u00a0<b>satisfacci\u00f3<\/b> i un profund\u00a0<b>agra\u00efment<\/b>\u00a0a totes les persones que han fet possible que avui tinguem una revista del llibre infantil i juvenil amb tanta\u00a0<b>vitalitat<\/b> i que <b>serveix a\u00a0tantes persones<\/b>\u00a0<b>que treballen en la LIJ<\/b>.<\/p>\n<p>El cam\u00ed de Faristol comen\u00e7ava l&#8217;any\u00a0<b>1985<\/b> (l&#8217;any que ve far\u00e0 quaranta anys!) i ja en el seu n\u00famero 0 vaticinava aix\u00f2, en un article signat per l&#8217;editor\u00a0<b>Francesc Boada<\/b>:\u00a0\u00absi per fi es pot disposar d&#8217;una\u00a0plataforma d&#8217;an\u00e0lisi\u00a0d&#8217;un producte que representa avui el vint per cent de la producci\u00f3 editorial catalana; si aquesta revista arriba a ser la plataforma que vol ser [&#8230;] la\u00a0<strong>cr\u00edtica de la literatura i dels llibres infantils i juvenils<\/strong>\u00a0potser podr\u00e0 assolir, dins el marc de la ventafocs de la literatura, una\u00a0<strong>eina tan \u00fatil<\/strong>\u00a0com ho \u00e9s el ventall\u00bb.<\/p>\n<p><i>Faristol<\/i>\u00a0ha estat sempre un espai en qu\u00e8\u00a0<b>pensar i repensar la LIJ<\/b>. Amb un periple no sempre f\u00e0cil, la revista ha esdevingut una eina molt valorada i seguida per milers d\u2019especialistes del sector, que ent\u00e9n que la de\u00a0<i>Faristol<\/i>\u00a0\u00e9s una tasca imprescindible i necess\u00e0ria per a la\u00a0<b>millora de la qualitat i diversitat <\/b>de la literatura infantil i juvenil catalana i en catal\u00e0.<\/p>\n<p>A dia d&#8217;avui la revista es\u00a0publica\u00a0<b>semestralment<\/b>\u00a0en format\u00a0<b>paper<\/b>\u00a0i,\u00a0<b>setmanalment<\/b>, en format\u00a0<b>digital<\/b> \u2014cada dilluns es publiquen les cr\u00edtiques de totes les novetats editorials en llengua catalana\u2014.<\/p>\n<p>L&#8217;IBBYcat ha volgut celebrar aquest aniversari\u00a0de dues maneres:<\/p>\n<ul>\n<li>D&#8217;una banda, amb una\u00a0<b>edici\u00f3 especial en paper<\/b>:\u00a0un glossari que recorre tot l\u2019alfabet amb\u00a0100 paraules relacionades amb la LIJ. Tamb\u00e9 inclou un regal sorpresa molt especial.<\/li>\n<li>De l&#8217;altra,\u00a0<i>Faristol<\/i>\u00a0<b>estrena nova web<\/b>: un nou espai perqu\u00e8 la vostra cita amb la LIJ sigui m\u00e9s f\u00e0cil, lleugera i plaent. Hi trobareu tot l&#8217;hist\u00f2ric de cr\u00edtiques, articles i not\u00edcies i, per tant,\u00a0funcionar\u00e0 com a\u00a0arxiu digital\u00a0de la revista i de la hist\u00f2ria de la LIJ.<\/li>\n<\/ul>\n<p>Gaudiu de la revista, que ja \u00e9s cam\u00ed cap a les vostres b\u00fasties, gaudiu de la nova web i\u00a0<b>brindem per molts n\u00fameros m\u00e9s de\u00a0<i>Faristol<\/i>!<\/b><\/p>\n<p style=\"text-align: center;\"><b><a href=\"https:\/\/ibbycat.us18.list-manage.com\/track\/click?u=57d5c37e4e968a84867b70545&amp;id=a3aa6b6d4a&amp;e=b5322266cb\" target=\"_blank\" rel=\"noopener\" data-saferedirecturl=\"https:\/\/www.google.com\/url?q=https:\/\/ibbycat.us18.list-manage.com\/track\/click?u%3D57d5c37e4e968a84867b70545%26id%3Da3aa6b6d4a%26e%3Db5322266cb&amp;source=gmail&amp;ust=1734174719281000&amp;usg=AOvVaw1R4H4R_Tn8tHbhFzb4csm3\">Visiteu la nova web de\u00a0<i>Faristol<\/i>\u00a0&gt;&gt;<\/a><br \/>\n<a href=\"https:\/\/ibbycat.us18.list-manage.com\/track\/click?u=57d5c37e4e968a84867b70545&amp;id=2a6233a54c&amp;e=b5322266cb\" target=\"_blank\" rel=\"noopener\" data-saferedirecturl=\"https:\/\/www.google.com\/url?q=https:\/\/ibbycat.us18.list-manage.com\/track\/click?u%3D57d5c37e4e968a84867b70545%26id%3D2a6233a54c%26e%3Db5322266cb&amp;source=gmail&amp;ust=1734174719281000&amp;usg=AOvVaw39eqFIeyW3nnHANWTTBULH\">Subscripci\u00f3 &gt;&gt;<\/a><\/b><br \/>\n<a href=\"https:\/\/ibbycat.us18.list-manage.com\/track\/click?u=57d5c37e4e968a84867b70545&amp;id=92e4c307db&amp;e=b5322266cb\" target=\"_blank\" rel=\"noopener\" data-saferedirecturl=\"https:\/\/www.google.com\/url?q=https:\/\/ibbycat.us18.list-manage.com\/track\/click?u%3D57d5c37e4e968a84867b70545%26id%3D92e4c307db%26e%3Db5322266cb&amp;source=gmail&amp;ust=1734174719281000&amp;usg=AOvVaw0CVSGJy-bNed-rlDYzz5lf\"><b>Cr\u00edtiques de la setmana &gt;&gt;<\/b><\/a><\/p>\n<h4>Guia de Municipi Lector &#8211; hivern 2024<\/h4>\n<p>Dins els marc del\u00a0<b>programa Municipi Lector<\/b>, els especialistes en Literatura Infantil i Juvenil\u00a0<b>Gl\u00f2ria Gorchs<\/b>\u00a0i\u00a0<b>Joan Portell<\/b> han confeccionat novament una guia de lectura amb <b>recomanacions<\/b> que ens poden servir per engreixar les nostres prestatgeries aquest Nadal.<\/p>\n<p><b>Compartiu-la\u00a0<\/b>perqu\u00e8 aquest Nadal tots els infants i joves puguin gaudir de bona qualitat liter\u00e0ria!<\/p>\n<p>Esperem que us sigui molt \u00fatil per fer les vostres pr\u00f2pies\u00a0<b>seleccions<\/b>\u00a0i\u00a0<b>regals<\/b>!: <a href=\"https:\/\/ibbycat.us18.list-manage.com\/track\/click?u=57d5c37e4e968a84867b70545&amp;id=a5a3121022&amp;e=b5322266cb\" target=\"_blank\" rel=\"noopener\" data-saferedirecturl=\"https:\/\/www.google.com\/url?q=https:\/\/ibbycat.us18.list-manage.com\/track\/click?u%3D57d5c37e4e968a84867b70545%26id%3Da5a3121022%26e%3Db5322266cb&amp;source=gmail&amp;ust=1734174719281000&amp;usg=AOvVaw3jXjfZvBdxBqASZb2UibO8\"><b>Descarregueu-vos\u00a0la Guia Municipi Lector &#8211; hivern 2024 &gt;&gt;<\/b><\/a><\/p>\n<h4>\u00daltims dies d&#8217;inscripcions als Premis 2025!<\/h4>\n<p>Com sabeu, a finals de novembre vam decidir\u00a0<b>prorrogar les inscripcions<\/b> als Premis per donar m\u00e9s temps a totes aquelles escoles, instituts, llibreries, biblioteques, fam\u00edlies\u2026 que ens acabaven de con\u00e8ixer.<\/p>\n<p>Per\u00f2, ara s\u00ed!,\u00a0<b>nom\u00e9s queden 3 dies<\/b> perqu\u00e8 s&#8217;acabi el termini d&#8217;inscripcions a l&#8217;edici\u00f3 dels Premis APJ 2025.<\/p>\n<p>Encara no us podem avan\u00e7ar la xifra definitiva d&#8217;inscripcions per\u00f2, amb molta alegria, s\u00ed que us podem dir, que ja hem superat la de l&#8217;any passat i\u00a0<b>ja som m\u00e9s de 15.000<\/b>! <a href=\"https:\/\/ibbycat.us18.list-manage.com\/track\/click?u=57d5c37e4e968a84867b70545&amp;id=6dc1392ae3&amp;e=b5322266cb\" target=\"_blank\" rel=\"noopener\" data-saferedirecturl=\"https:\/\/www.google.com\/url?q=https:\/\/ibbycat.us18.list-manage.com\/track\/click?u%3D57d5c37e4e968a84867b70545%26id%3D6dc1392ae3%26e%3Db5322266cb&amp;source=gmail&amp;ust=1734175702111000&amp;usg=AOvVaw0qdjXvPenYeetInOq6SoOR\"><b>\u00daltims dies d&#8217;inscripcions &gt;&gt;<\/b><\/a><br \/>\n<b>(fins aquest diumenge\u00a015\/12!)<\/b><\/p>\n<h4>Crida de l&#8217;IBBY\u00a0per als infants de Gaza<\/h4>\n<p>L&#8217;IBBY Internacional s&#8217;uneix als milions de persones d&#8217;arreu del m\u00f3n que demanen que s&#8217;acabi el malson a\u00a0<b>Gaza<\/b>,\u00a0<b>Cisjord\u00e0nia<\/b>\u00a0i el\u00a0<b>L\u00edban<\/b>.<\/p>\n<p>L&#8217;IBBY \u00e9s pioner en projectes que proporcionen\u00a0<b>llibres<\/b>\u00a0i\u00a0<b>biblioter\u00e0pia<\/b> a joves que pateixen trag\u00e8dies a tot el m\u00f3n. El seu comprom\u00eds a Palestina va comen\u00e7ar a Gaza el\u00a0<b>2008<\/b>\u00a0amb la\u00a0<b>creaci\u00f3 de dues biblioteques infantils que, <\/b>dissortadament, han estat destru\u00efdes repetidament pels atacs israelians. No obstant aix\u00f2, l&#8217;IBBY persisteix i persistir\u00e0 per a aquests infants.<\/p>\n<p><a href=\"https:\/\/ibbycat.us18.list-manage.com\/track\/click?u=57d5c37e4e968a84867b70545&amp;id=a5242aabdc&amp;e=b5322266cb\" target=\"_blank\" rel=\"noopener\" data-saferedirecturl=\"https:\/\/www.google.com\/url?q=https:\/\/ibbycat.us18.list-manage.com\/track\/click?u%3D57d5c37e4e968a84867b70545%26id%3Da5242aabdc%26e%3Db5322266cb&amp;source=gmail&amp;ust=1734175702111000&amp;usg=AOvVaw319BKv346FuuzjWvRlKwmc\"><b>Llegiu el comunicat de l&#8217;IBBY Internacional &gt;&gt;<\/b><\/a><\/p>\n<p><a href=\"https:\/\/ibbycat.us18.list-manage.com\/track\/click?u=57d5c37e4e968a84867b70545&amp;id=c0678aa316&amp;e=b5322266cb\" target=\"_blank\" rel=\"noopener\" data-saferedirecturl=\"https:\/\/www.google.com\/url?q=https:\/\/ibbycat.us18.list-manage.com\/track\/click?u%3D57d5c37e4e968a84867b70545%26id%3Dc0678aa316%26e%3Db5322266cb&amp;source=gmail&amp;ust=1734175702111000&amp;usg=AOvVaw2AoKEF1kjv6gsfh36NySxK\"><b>Feu les vostres donacions &gt;&gt;<\/b><\/a><\/p>\n<p>&nbsp;<\/p>\n","protected":false},"excerpt":{"rendered":"<p>Us acostem tota l&#8217;actualitat\u00a0dels\u00a0projectes,\u00a0programes,\u00a0seleccions,\u00a0candidatures\u00a0i\u00a0altres \u00e0mbits d&#8217;acci\u00f3 de la nostra entitat, a trav\u00e9s dels quals treballem per preservar el\u00a0dret fonamental\u00a0de tots els infants i joves a\u00a0ser\u00a0lectors\u00a0i per vetllar per una\u00a0LIJ catalana\u00a0de la\u00a0m\u00e9s alta qualitat. 100 n\u00fameros de\u00a0Faristol 100 motius per celebrar la LIJ Benvolguda Comunitat LIJ, Arribem al n\u00famero 100 de\u00a0Faristol\u00a0amb\u00a0emoci\u00f3,\u00a0satisfacci\u00f3 i un profund\u00a0agra\u00efment\u00a0a totes les [&hellip;]<\/p>\n","protected":false},"author":1,"featured_media":22860,"comment_status":"open","ping_status":"closed","sticky":false,"template":"","format":"standard","meta":{"_bbp_topic_count":0,"_bbp_reply_count":0,"_bbp_total_topic_count":0,"_bbp_total_reply_count":0,"_bbp_voice_count":0,"_bbp_anonymous_reply_count":0,"_bbp_topic_count_hidden":0,"_bbp_reply_count_hidden":0,"_bbp_forum_subforum_count":0,"site-sidebar-layout":"default","site-content-layout":"","ast-site-content-layout":"","site-content-style":"default","site-sidebar-style":"default","ast-global-header-display":"","ast-banner-title-visibility":"","ast-main-header-display":"","ast-hfb-above-header-display":"","ast-hfb-below-header-display":"","ast-hfb-mobile-header-display":"","site-post-title":"","ast-breadcrumbs-content":"","ast-featured-img":"","footer-sml-layout":"","theme-transparent-header-meta":"","adv-header-id-meta":"","stick-header-meta":"","header-above-stick-meta":"","header-main-stick-meta":"","header-below-stick-meta":"","astra-migrate-meta-layouts":"default","ast-page-background-enabled":"default","ast-page-background-meta":{"desktop":{"background-color":"var(--ast-global-color-4)","background-image":"","background-repeat":"repeat","background-position":"center center","background-size":"auto","background-attachment":"scroll","background-type":"","background-media":"","overlay-type":"","overlay-color":"","overlay-opacity":"","overlay-gradient":""},"tablet":{"background-color":"","background-image":"","background-repeat":"repeat","background-position":"center center","background-size":"auto","background-attachment":"scroll","background-type":"","background-media":"","overlay-type":"","overlay-color":"","overlay-opacity":"","overlay-gradient":""},"mobile":{"background-color":"","background-image":"","background-repeat":"repeat","background-position":"center center","background-size":"auto","background-attachment":"scroll","background-type":"","background-media":"","overlay-type":"","overlay-color":"","overlay-opacity":"","overlay-gradient":""}},"ast-content-background-meta":{"desktop":{"background-color":"var(--ast-global-color-5)","background-image":"","background-repeat":"repeat","background-position":"center center","background-size":"auto","background-attachment":"scroll","background-type":"","background-media":"","overlay-type":"","overlay-color":"","overlay-opacity":"","overlay-gradient":""},"tablet":{"background-color":"var(--ast-global-color-5)","background-image":"","background-repeat":"repeat","background-position":"center center","background-size":"auto","background-attachment":"scroll","background-type":"","background-media":"","overlay-type":"","overlay-color":"","overlay-opacity":"","overlay-gradient":""},"mobile":{"background-color":"var(--ast-global-color-5)","background-image":"","background-repeat":"repeat","background-position":"center center","background-size":"auto","background-attachment":"scroll","background-type":"","background-media":"","overlay-type":"","overlay-color":"","overlay-opacity":"","overlay-gradient":""}},"footnotes":""},"categories":[81,791,1,29,827],"tags":[],"class_list":["post-22857","post","type-post","status-publish","format-standard","has-post-thumbnail","hentry","category-biblioteca-escolar","category-butlleti-informatiu","category-general","category-portada","category-xarxa-de-competencia-lectora"],"post_mailing_queue_ids":[],"_links":{"self":[{"href":"https:\/\/serveiseducatius.xtec.cat\/vallesoriental4\/wp-json\/wp\/v2\/posts\/22857","targetHints":{"allow":["GET"]}}],"collection":[{"href":"https:\/\/serveiseducatius.xtec.cat\/vallesoriental4\/wp-json\/wp\/v2\/posts"}],"about":[{"href":"https:\/\/serveiseducatius.xtec.cat\/vallesoriental4\/wp-json\/wp\/v2\/types\/post"}],"author":[{"embeddable":true,"href":"https:\/\/serveiseducatius.xtec.cat\/vallesoriental4\/wp-json\/wp\/v2\/users\/1"}],"replies":[{"embeddable":true,"href":"https:\/\/serveiseducatius.xtec.cat\/vallesoriental4\/wp-json\/wp\/v2\/comments?post=22857"}],"version-history":[{"count":1,"href":"https:\/\/serveiseducatius.xtec.cat\/vallesoriental4\/wp-json\/wp\/v2\/posts\/22857\/revisions"}],"predecessor-version":[{"id":22861,"href":"https:\/\/serveiseducatius.xtec.cat\/vallesoriental4\/wp-json\/wp\/v2\/posts\/22857\/revisions\/22861"}],"wp:featuredmedia":[{"embeddable":true,"href":"https:\/\/serveiseducatius.xtec.cat\/vallesoriental4\/wp-json\/wp\/v2\/media\/22860"}],"wp:attachment":[{"href":"https:\/\/serveiseducatius.xtec.cat\/vallesoriental4\/wp-json\/wp\/v2\/media?parent=22857"}],"wp:term":[{"taxonomy":"category","embeddable":true,"href":"https:\/\/serveiseducatius.xtec.cat\/vallesoriental4\/wp-json\/wp\/v2\/categories?post=22857"},{"taxonomy":"post_tag","embeddable":true,"href":"https:\/\/serveiseducatius.xtec.cat\/vallesoriental4\/wp-json\/wp\/v2\/tags?post=22857"}],"curies":[{"name":"wp","href":"https:\/\/api.w.org\/{rel}","templated":true}]}}