{"id":2285,"date":"2014-02-04T16:54:01","date_gmt":"2014-02-04T16:54:01","guid":{"rendered":"http:\/\/crpvalltenes.wordpress.com\/?p=2285"},"modified":"2014-02-04T16:54:01","modified_gmt":"2014-02-04T16:54:01","slug":"intercuturitat-processos-dacollida-o-gestio-de-la-diversitat-linguistica-a-laula","status":"publish","type":"post","link":"https:\/\/serveiseducatius.xtec.cat\/vallesoriental4\/general\/intercuturitat-processos-dacollida-o-gestio-de-la-diversitat-linguistica-a-laula\/","title":{"rendered":"INTERCUTURITAT: PROCESSOS D\u2019ACOLLIDA O GESTI\u00d3 DE LA DIVERSITAT LING\u00dc\u00cdSTICA A L\u2019AULA"},"content":{"rendered":"<p><!--[if gte mso 9]&gt;--><\/p>\n<p class=\"MsoNormal\" style=\"text-align:justify;\"><span lang=\"ES\" style=\"font-family:'Arial', 'sans-serif';\">El pr\u00f2xim 18 de febrer de 2014 i 5 de mar\u00e7 de 2014 a Matar\u00f3 i Granollers respectivament, es far\u00e0 una\u00a0 confer\u00e8ncia a c\u00e0rrec de l\u2019<strong><a href=\"http:\/\/www.multilingualclassrooms.org\/#!__bienvenidos\">Elisabeth Cohello<\/a><\/strong> sobre <strong>interculturalitat,<\/strong> que t\u00e9\u00a0 com a objectius el facilitar elements \u00a0<\/span><span lang=\"ES\" style=\"font-family:'Arial', 'sans-serif';\">de reflexi\u00f3 per a la gesti\u00f3 de l&#8217;aula inclusiva i els processos d&#8217;acollida. Tanmateix aportar eines i recursos per aprofitar la diversitat ling\u00fc\u00edstica i cultural de l&#8217;alumnat.<\/span><\/p>\n<p class=\"MsoNormal\" style=\"text-align:justify;\"><a href=\"http:\/\/crpvalltenes.files.wordpress.com\/2014\/02\/c3adndex.jpeg\"><img loading=\"lazy\" decoding=\"async\" class=\"aligncenter size-full wp-image-2286\" alt=\"\u00edndex\" src=\"http:\/\/crpvalltenes.files.wordpress.com\/2014\/02\/c3adndex.jpeg\" width=\"256\" height=\"192\" srcset=\"https:\/\/serveiseducatius.xtec.cat\/vallesoriental4\/wp-content\/uploads\/usu1133\/2014\/02\/c3adndex.jpeg 256w, https:\/\/serveiseducatius.xtec.cat\/vallesoriental4\/wp-content\/uploads\/usu1133\/2014\/02\/c3adndex-200x150.jpeg 200w\" sizes=\"auto, (max-width: 256px) 100vw, 256px\" \/><\/a><span lang=\"ES\" style=\"font-family:'Arial', 'sans-serif';\">La confer\u00e8ncia \u00e9s adre\u00e7ada especialment a coordinadors LIC de centre, tutors\/es d&#8217;aules d&#8217;acollida, professorat referent de conviv\u00e8ncia, i d&#8217;altres professionals de l&#8217;educaci\u00f3 interessats en el pluriling\u00fcisme, la interculturalitat i la cohesi\u00f3 social<\/span><span lang=\"ES\" style=\"font-size:12pt;line-height:115%;font-family:'Times New Roman', 'serif';\">.<\/span><\/p>\n<p class=\"MsoNormal\" style=\"text-align:justify;\"><span lang=\"ES\" style=\"font-family:'Arial', 'sans-serif';\">Per m\u00e9s informaci\u00f3 i per realitzar la preinscripci\u00f3 clicleu els seguents enlla\u00e7os:<\/span><\/p>\n<p class=\"MsoNormal\" style=\"text-align:justify;\"><strong><span lang=\"ES\" style=\"font-family:'Arial', 'sans-serif';\"> <a href=\"http:\/\/aplitic.xtec.cat\/pls\/soloas\/pk_for_mod_ins.p_for_pre_cons_activitats?p_any=2013-2014&amp;p_codi=A00075050A\">Granollers <\/a><\/span><\/strong><\/p>\n<p class=\"MsoNormal\" style=\"text-align:justify;\"><strong><span lang=\"ES\" style=\"font-family:'Arial', 'sans-serif';\"><a href=\"http:\/\/aplitic.xtec.cat\/pls\/soloas\/pk_for_mod_ins.p_for_pre_cons_activitats?p_any=2013-2014&amp;p_codi=A00074050A\">Matar\u00f3<\/a>.<\/span><\/strong><\/p>\n","protected":false},"excerpt":{"rendered":"<p>El pr\u00f2xim 18 de febrer de 2014 i 5 de mar\u00e7 de 2014 a Matar\u00f3 i Granollers respectivament, es far\u00e0 una\u00a0 confer\u00e8ncia a c\u00e0rrec de l\u2019Elisabeth Cohello sobre interculturalitat, que t\u00e9\u00a0 com a objectius el facilitar elements \u00a0de reflexi\u00f3 per a la gesti\u00f3 de l&#8217;aula inclusiva i els processos d&#8217;acollida. Tanmateix aportar eines i recursos [&hellip;]<\/p>\n","protected":false},"author":1,"featured_media":0,"comment_status":"open","ping_status":"open","sticky":false,"template":"","format":"standard","meta":{"_bbp_topic_count":0,"_bbp_reply_count":0,"_bbp_total_topic_count":0,"_bbp_total_reply_count":0,"_bbp_voice_count":0,"_bbp_anonymous_reply_count":0,"_bbp_topic_count_hidden":0,"_bbp_reply_count_hidden":0,"_bbp_forum_subforum_count":0,"site-sidebar-layout":"default","site-content-layout":"","ast-site-content-layout":"","site-content-style":"default","site-sidebar-style":"default","ast-global-header-display":"","ast-banner-title-visibility":"","ast-main-header-display":"","ast-hfb-above-header-display":"","ast-hfb-below-header-display":"","ast-hfb-mobile-header-display":"","site-post-title":"","ast-breadcrumbs-content":"","ast-featured-img":"","footer-sml-layout":"","theme-transparent-header-meta":"","adv-header-id-meta":"","stick-header-meta":"","header-above-stick-meta":"","header-main-stick-meta":"","header-below-stick-meta":"","astra-migrate-meta-layouts":"default","ast-page-background-enabled":"default","ast-page-background-meta":{"desktop":{"background-color":"var(--ast-global-color-4)","background-image":"","background-repeat":"repeat","background-position":"center center","background-size":"auto","background-attachment":"scroll","background-type":"","background-media":"","overlay-type":"","overlay-color":"","overlay-opacity":"","overlay-gradient":""},"tablet":{"background-color":"","background-image":"","background-repeat":"repeat","background-position":"center center","background-size":"auto","background-attachment":"scroll","background-type":"","background-media":"","overlay-type":"","overlay-color":"","overlay-opacity":"","overlay-gradient":""},"mobile":{"background-color":"","background-image":"","background-repeat":"repeat","background-position":"center center","background-size":"auto","background-attachment":"scroll","background-type":"","background-media":"","overlay-type":"","overlay-color":"","overlay-opacity":"","overlay-gradient":""}},"ast-content-background-meta":{"desktop":{"background-color":"var(--ast-global-color-5)","background-image":"","background-repeat":"repeat","background-position":"center center","background-size":"auto","background-attachment":"scroll","background-type":"","background-media":"","overlay-type":"","overlay-color":"","overlay-opacity":"","overlay-gradient":""},"tablet":{"background-color":"var(--ast-global-color-5)","background-image":"","background-repeat":"repeat","background-position":"center center","background-size":"auto","background-attachment":"scroll","background-type":"","background-media":"","overlay-type":"","overlay-color":"","overlay-opacity":"","overlay-gradient":""},"mobile":{"background-color":"var(--ast-global-color-5)","background-image":"","background-repeat":"repeat","background-position":"center center","background-size":"auto","background-attachment":"scroll","background-type":"","background-media":"","overlay-type":"","overlay-color":"","overlay-opacity":"","overlay-gradient":""}},"footnotes":""},"categories":[1],"tags":[],"class_list":["post-2285","post","type-post","status-publish","format-standard","hentry","category-general"],"post_mailing_queue_ids":[],"_links":{"self":[{"href":"https:\/\/serveiseducatius.xtec.cat\/vallesoriental4\/wp-json\/wp\/v2\/posts\/2285","targetHints":{"allow":["GET"]}}],"collection":[{"href":"https:\/\/serveiseducatius.xtec.cat\/vallesoriental4\/wp-json\/wp\/v2\/posts"}],"about":[{"href":"https:\/\/serveiseducatius.xtec.cat\/vallesoriental4\/wp-json\/wp\/v2\/types\/post"}],"author":[{"embeddable":true,"href":"https:\/\/serveiseducatius.xtec.cat\/vallesoriental4\/wp-json\/wp\/v2\/users\/1"}],"replies":[{"embeddable":true,"href":"https:\/\/serveiseducatius.xtec.cat\/vallesoriental4\/wp-json\/wp\/v2\/comments?post=2285"}],"version-history":[{"count":0,"href":"https:\/\/serveiseducatius.xtec.cat\/vallesoriental4\/wp-json\/wp\/v2\/posts\/2285\/revisions"}],"wp:attachment":[{"href":"https:\/\/serveiseducatius.xtec.cat\/vallesoriental4\/wp-json\/wp\/v2\/media?parent=2285"}],"wp:term":[{"taxonomy":"category","embeddable":true,"href":"https:\/\/serveiseducatius.xtec.cat\/vallesoriental4\/wp-json\/wp\/v2\/categories?post=2285"},{"taxonomy":"post_tag","embeddable":true,"href":"https:\/\/serveiseducatius.xtec.cat\/vallesoriental4\/wp-json\/wp\/v2\/tags?post=2285"}],"curies":[{"name":"wp","href":"https:\/\/api.w.org\/{rel}","templated":true}]}}