{"id":22659,"date":"2024-09-24T10:05:26","date_gmt":"2024-09-24T08:05:26","guid":{"rendered":"https:\/\/serveiseducatius.xtec.cat\/vallesoriental4\/?p=22659"},"modified":"2024-09-24T10:05:26","modified_gmt":"2024-09-24T08:05:26","slug":"converses-sobre-educacio-personalitzacio-de-laprenentatge-com-a-eina-dinclusio-el-treball-a-partir-dels-interessos-dels-alumnes-com-a-estrategia-de-personalitzacio","status":"publish","type":"post","link":"https:\/\/serveiseducatius.xtec.cat\/vallesoriental4\/portada\/converses-sobre-educacio-personalitzacio-de-laprenentatge-com-a-eina-dinclusio-el-treball-a-partir-dels-interessos-dels-alumnes-com-a-estrategia-de-personalitzacio\/","title":{"rendered":"Converses sobre Educaci\u00f3. Personalitzaci\u00f3 de l&#8217;aprenentatge com a eina d&#8217;Inclusi\u00f3. El treball a partir dels interessos dels alumnes com a estrat\u00e8gia de Personalitzaci\u00f3"},"content":{"rendered":"<p><b><i>Converses sobre Educaci\u00f3. Personalitzaci\u00f3 de l&#8217;aprenentatge com a eina d&#8217;Inclusi\u00f3. El treball a partir dels interessos dels alumnes com a estrat\u00e8gia de Personalitzaci\u00f3<\/i><\/b><b><i>,<\/i><\/b>\u00a0prevista pel dia 3 d&#8217;octubre, canvia de data i es far\u00e0 el dia 23 de gener de 2025. Les ponents seran les mateixes ( Dra. Anna Engel (F. de Psicologia UB ) i na N\u00faria S\u00e0rria (Directora de l&#8217;escola Riera de Ribas) , el lloc de realitzaci\u00f3 tamb\u00e9 ser\u00e0 el mateix (Sala d&#8217;Actes del Palau de les Heures) Campus Mundet. Universitat Barcelona i l&#8217;horari tamb\u00e9 ser\u00e0 el mateix 18.15 a 20.15 h.<\/p>\n<p>Us adjuntem el p\u00f2ster on consta aquesta activitat actualitzada<\/p>\n<p><a id=\"m_-8817265578788296085OWAd6379f45-d081-2dfa-1f0a-7a22c127f560\" href=\"https:\/\/www.ub.edu\/idp\/web\/ca\/cursos\/ips\/tardor2024\" target=\"_blank\" rel=\"noopener noreferrer\" data-saferedirecturl=\"https:\/\/www.google.com\/url?q=https:\/\/www.ub.edu\/idp\/web\/ca\/cursos\/ips\/tardor2024&amp;source=gmail&amp;ust=1727247896379000&amp;usg=AOvVaw1xhkT-_1aE3LLexh_11lWn\">https:\/\/www.ub.edu\/idp\/web\/ca\/<wbr \/>cursos\/ips\/tardor2024<\/a><\/p>\n<p><img loading=\"lazy\" decoding=\"async\" class=\"aligncenter wp-image-22660 size-full\" src=\"https:\/\/serveiseducatius.xtec.cat\/vallesoriental4\/wp-content\/uploads\/usu1133\/2024\/09\/Outlook-ubz0bdjx.jpg\" alt=\"\" width=\"667\" height=\"500\" srcset=\"https:\/\/serveiseducatius.xtec.cat\/vallesoriental4\/wp-content\/uploads\/usu1133\/2024\/09\/Outlook-ubz0bdjx.jpg 667w, https:\/\/serveiseducatius.xtec.cat\/vallesoriental4\/wp-content\/uploads\/usu1133\/2024\/09\/Outlook-ubz0bdjx-300x225.jpg 300w, https:\/\/serveiseducatius.xtec.cat\/vallesoriental4\/wp-content\/uploads\/usu1133\/2024\/09\/Outlook-ubz0bdjx-200x150.jpg 200w\" sizes=\"auto, (max-width: 667px) 100vw, 667px\" \/><\/p>\n","protected":false},"excerpt":{"rendered":"<p>Converses sobre Educaci\u00f3. Personalitzaci\u00f3 de l&#8217;aprenentatge com a eina d&#8217;Inclusi\u00f3. El treball a partir dels interessos dels alumnes com a estrat\u00e8gia de Personalitzaci\u00f3,\u00a0prevista pel dia 3 d&#8217;octubre, canvia de data i es far\u00e0 el dia 23 de gener de 2025. Les ponents seran les mateixes ( Dra. Anna Engel (F. de Psicologia UB ) i [&hellip;]<\/p>\n","protected":false},"author":1,"featured_media":22660,"comment_status":"open","ping_status":"closed","sticky":false,"template":"","format":"standard","meta":{"_bbp_topic_count":0,"_bbp_reply_count":0,"_bbp_total_topic_count":0,"_bbp_total_reply_count":0,"_bbp_voice_count":0,"_bbp_anonymous_reply_count":0,"_bbp_topic_count_hidden":0,"_bbp_reply_count_hidden":0,"_bbp_forum_subforum_count":0,"site-sidebar-layout":"default","site-content-layout":"","ast-site-content-layout":"","site-content-style":"default","site-sidebar-style":"default","ast-global-header-display":"","ast-banner-title-visibility":"","ast-main-header-display":"","ast-hfb-above-header-display":"","ast-hfb-below-header-display":"","ast-hfb-mobile-header-display":"","site-post-title":"","ast-breadcrumbs-content":"","ast-featured-img":"","footer-sml-layout":"","theme-transparent-header-meta":"","adv-header-id-meta":"","stick-header-meta":"","header-above-stick-meta":"","header-main-stick-meta":"","header-below-stick-meta":"","astra-migrate-meta-layouts":"default","ast-page-background-enabled":"default","ast-page-background-meta":{"desktop":{"background-color":"var(--ast-global-color-4)","background-image":"","background-repeat":"repeat","background-position":"center center","background-size":"auto","background-attachment":"scroll","background-type":"","background-media":"","overlay-type":"","overlay-color":"","overlay-opacity":"","overlay-gradient":""},"tablet":{"background-color":"","background-image":"","background-repeat":"repeat","background-position":"center center","background-size":"auto","background-attachment":"scroll","background-type":"","background-media":"","overlay-type":"","overlay-color":"","overlay-opacity":"","overlay-gradient":""},"mobile":{"background-color":"","background-image":"","background-repeat":"repeat","background-position":"center center","background-size":"auto","background-attachment":"scroll","background-type":"","background-media":"","overlay-type":"","overlay-color":"","overlay-opacity":"","overlay-gradient":""}},"ast-content-background-meta":{"desktop":{"background-color":"var(--ast-global-color-5)","background-image":"","background-repeat":"repeat","background-position":"center center","background-size":"auto","background-attachment":"scroll","background-type":"","background-media":"","overlay-type":"","overlay-color":"","overlay-opacity":"","overlay-gradient":""},"tablet":{"background-color":"var(--ast-global-color-5)","background-image":"","background-repeat":"repeat","background-position":"center center","background-size":"auto","background-attachment":"scroll","background-type":"","background-media":"","overlay-type":"","overlay-color":"","overlay-opacity":"","overlay-gradient":""},"mobile":{"background-color":"var(--ast-global-color-5)","background-image":"","background-repeat":"repeat","background-position":"center center","background-size":"auto","background-attachment":"scroll","background-type":"","background-media":"","overlay-type":"","overlay-color":"","overlay-opacity":"","overlay-gradient":""}},"footnotes":""},"categories":[29],"tags":[],"class_list":["post-22659","post","type-post","status-publish","format-standard","has-post-thumbnail","hentry","category-portada"],"post_mailing_queue_ids":[],"_links":{"self":[{"href":"https:\/\/serveiseducatius.xtec.cat\/vallesoriental4\/wp-json\/wp\/v2\/posts\/22659","targetHints":{"allow":["GET"]}}],"collection":[{"href":"https:\/\/serveiseducatius.xtec.cat\/vallesoriental4\/wp-json\/wp\/v2\/posts"}],"about":[{"href":"https:\/\/serveiseducatius.xtec.cat\/vallesoriental4\/wp-json\/wp\/v2\/types\/post"}],"author":[{"embeddable":true,"href":"https:\/\/serveiseducatius.xtec.cat\/vallesoriental4\/wp-json\/wp\/v2\/users\/1"}],"replies":[{"embeddable":true,"href":"https:\/\/serveiseducatius.xtec.cat\/vallesoriental4\/wp-json\/wp\/v2\/comments?post=22659"}],"version-history":[{"count":1,"href":"https:\/\/serveiseducatius.xtec.cat\/vallesoriental4\/wp-json\/wp\/v2\/posts\/22659\/revisions"}],"predecessor-version":[{"id":22661,"href":"https:\/\/serveiseducatius.xtec.cat\/vallesoriental4\/wp-json\/wp\/v2\/posts\/22659\/revisions\/22661"}],"wp:featuredmedia":[{"embeddable":true,"href":"https:\/\/serveiseducatius.xtec.cat\/vallesoriental4\/wp-json\/wp\/v2\/media\/22660"}],"wp:attachment":[{"href":"https:\/\/serveiseducatius.xtec.cat\/vallesoriental4\/wp-json\/wp\/v2\/media?parent=22659"}],"wp:term":[{"taxonomy":"category","embeddable":true,"href":"https:\/\/serveiseducatius.xtec.cat\/vallesoriental4\/wp-json\/wp\/v2\/categories?post=22659"},{"taxonomy":"post_tag","embeddable":true,"href":"https:\/\/serveiseducatius.xtec.cat\/vallesoriental4\/wp-json\/wp\/v2\/tags?post=22659"}],"curies":[{"name":"wp","href":"https:\/\/api.w.org\/{rel}","templated":true}]}}