{"id":22443,"date":"2024-06-26T09:49:28","date_gmt":"2024-06-26T07:49:28","guid":{"rendered":"https:\/\/serveiseducatius.xtec.cat\/vallesoriental4\/?p=22443"},"modified":"2024-06-26T09:49:28","modified_gmt":"2024-06-26T07:49:28","slug":"%e2%9e%a1%ef%b8%8f-cicle-de-xerrades-matematica-vivencial-i-manipulativa-15-xerrades-gratuites-juliol","status":"publish","type":"post","link":"https:\/\/serveiseducatius.xtec.cat\/vallesoriental4\/general\/%e2%9e%a1%ef%b8%8f-cicle-de-xerrades-matematica-vivencial-i-manipulativa-15-xerrades-gratuites-juliol\/","title":{"rendered":"\u27a1\ufe0f Cicle de xerrades: Matem\u00e0tica vivencial i manipulativa (15 Xerrades gratu\u00eftes) Juliol"},"content":{"rendered":"<p><img loading=\"lazy\" decoding=\"async\" class=\"wp-image-22445 alignleft\" src=\"https:\/\/serveiseducatius.xtec.cat\/vallesoriental4\/wp-content\/uploads\/usu1133\/2024\/06\/unnamed-3-724x1024.png\" alt=\"\" width=\"484\" height=\"685\" srcset=\"https:\/\/serveiseducatius.xtec.cat\/vallesoriental4\/wp-content\/uploads\/usu1133\/2024\/06\/unnamed-3-724x1024.png 724w, https:\/\/serveiseducatius.xtec.cat\/vallesoriental4\/wp-content\/uploads\/usu1133\/2024\/06\/unnamed-3-212x300.png 212w, https:\/\/serveiseducatius.xtec.cat\/vallesoriental4\/wp-content\/uploads\/usu1133\/2024\/06\/unnamed-3-768x1086.png 768w, https:\/\/serveiseducatius.xtec.cat\/vallesoriental4\/wp-content\/uploads\/usu1133\/2024\/06\/unnamed-3-1086x1536.png 1086w, https:\/\/serveiseducatius.xtec.cat\/vallesoriental4\/wp-content\/uploads\/usu1133\/2024\/06\/unnamed-3.png 1191w\" sizes=\"auto, (max-width: 484px) 100vw, 484px\" \/><\/p>\n<p><img loading=\"lazy\" decoding=\"async\" class=\"an1\" draggable=\"false\" src=\"https:\/\/fonts.gstatic.com\/s\/e\/notoemoji\/15.0\/27a1_fe0f\/72.png\" alt=\"\u27a1\ufe0f\" width=\"32\" height=\"32\" data-emoji=\"\u27a1\ufe0f\" aria-label=\"\u27a1\ufe0f\" \/>\u00a0<a href=\"https:\/\/natibergada.acblnk.com\/url\/ver\/665436405\/2743404\/e64889a4be90d73b99796a7b463cdc97\" target=\"_blank\" rel=\"noopener\" data-saferedirecturl=\"https:\/\/www.google.com\/url?q=https:\/\/natibergada.acblnk.com\/url\/ver\/665436405\/2743404\/e64889a4be90d73b99796a7b463cdc97&amp;source=gmail&amp;ust=1719468743877000&amp;usg=AOvVaw16tDPxJtyaTNucZd7iq6KS\"><strong>Cicle de xerrades: Matem\u00e0tica vivencial i manipulativa. Qu\u00e8 treballar i com fer-ho?<\/strong><\/a><\/p>\n<p>En el cicle gaudirem de\u00a0<strong>15 xerrades pr\u00e0ctiques<\/strong>\u00a0on grans ponents ens explicaran com podem treballar diferents sabers matem\u00e0tics a l&#8217;aula.<\/p>\n<p><img loading=\"lazy\" decoding=\"async\" class=\"an1\" draggable=\"false\" src=\"https:\/\/fonts.gstatic.com\/s\/e\/notoemoji\/15.0\/25b6_fe0f\/72.png\" alt=\"\u25b6\ufe0f\" width=\"22\" height=\"22\" data-emoji=\"\u25b6\ufe0f\" aria-label=\"\u25b6\ufe0f\" \/>\u00a0<strong>IMPORTANT:<\/strong>\u00a0En algunes xerrades farem pr\u00e0ctiques en directe, consulteu el material que podeu portar a cada xerrada.<\/p>\n<p>Les xerrades s\u00f3n en\u00a0<strong>l\u00ednia, gratu\u00eftes i obertes a tothom<\/strong>. Estan adre\u00e7ades a docents d&#8217;<strong>infantil, prim\u00e0ria i secund\u00e0ria.<\/strong>\u00a0<strong><a href=\"https:\/\/natibergada.acblnk.com\/url\/ver\/665436406\/2743404\/e64889a4be90d73b99796a7b463cdc97\" target=\"_blank\" rel=\"noopener\" data-saferedirecturl=\"https:\/\/www.google.com\/url?q=https:\/\/natibergada.acblnk.com\/url\/ver\/665436406\/2743404\/e64889a4be90d73b99796a7b463cdc97&amp;source=gmail&amp;ust=1719468743877000&amp;usg=AOvVaw3srYH7sHvxKo5-hZfmCVR_\">Comparteixo amb vosaltres el cartell del cicle<\/a><\/strong>.<\/p>\n<p>Les xerrades duraran\u00a0<strong>una hora<\/strong>\u00a0i comen\u00e7arem molt\u00a0<strong>puntuals (10h)<\/strong><\/p>\n<p>Per accedir a les xerrades no cal fer cap inscripci\u00f3, nom\u00e9s cal connectar el dia i hora a les xerrades que interessin\u00a0<img loading=\"lazy\" decoding=\"async\" class=\"an1\" draggable=\"false\" src=\"https:\/\/fonts.gstatic.com\/s\/e\/notoemoji\/15.0\/1f609\/72.png\" alt=\"\ud83d\ude09\" width=\"25\" height=\"25\" data-emoji=\"\ud83d\ude09\" aria-label=\"\ud83d\ude09\" \/>\u00a0Per veure les\u00a0<strong>xerrades gravades<\/strong>\u00a0cal estar subscrit a Docents.cat (15\u20ac)<\/p>\n<p>En el cicle farem les xerrades seg\u00fcents:<\/p>\n<p><img loading=\"lazy\" decoding=\"async\" class=\"an1\" draggable=\"false\" src=\"https:\/\/fonts.gstatic.com\/s\/e\/notoemoji\/15.0\/25b6_fe0f\/72.png\" alt=\"\u25b6\ufe0f\" width=\"31\" height=\"31\" data-emoji=\"\u25b6\ufe0f\" aria-label=\"\u25b6\ufe0f\" \/>\u00a0<a href=\"https:\/\/natibergada.acblnk.com\/url\/ver\/665436407\/2743404\/e64889a4be90d73b99796a7b463cdc97\" target=\"_blank\" rel=\"noopener\" data-saferedirecturl=\"https:\/\/www.google.com\/url?q=https:\/\/natibergada.acblnk.com\/url\/ver\/665436407\/2743404\/e64889a4be90d73b99796a7b463cdc97&amp;source=gmail&amp;ust=1719468743877000&amp;usg=AOvVaw3ChWF1us27PkweRxRocQkt\">Recursos i estrat\u00e8gies per treballar estad\u00edstica i probabilitat a infantil i prim\u00e0ria<\/a>.\u00a0<strong>\u00c0ngel\u00a0Alsina<\/strong>\u00a0(1.7.24)\u00a0<em>INF\u00a0i\u00a0<wbr \/>PRI<\/em><br \/>\n<img loading=\"lazy\" decoding=\"async\" class=\"an1\" draggable=\"false\" src=\"https:\/\/fonts.gstatic.com\/s\/e\/notoemoji\/15.0\/25b6_fe0f\/72.png\" alt=\"\u25b6\ufe0f\" width=\"32\" height=\"32\" data-emoji=\"\u25b6\ufe0f\" aria-label=\"\u25b6\ufe0f\" \/>\u00a0<a href=\"https:\/\/natibergada.acblnk.com\/url\/ver\/665436408\/2743404\/e64889a4be90d73b99796a7b463cdc97\" target=\"_blank\" rel=\"noopener\" data-saferedirecturl=\"https:\/\/www.google.com\/url?q=https:\/\/natibergada.acblnk.com\/url\/ver\/665436408\/2743404\/e64889a4be90d73b99796a7b463cdc97&amp;source=gmail&amp;ust=1719468743877000&amp;usg=AOvVaw38_-vHZz7HfpHOzSCjPn1Z\">Explorant la geometria: aventures manipulatives a educaci\u00f3 infantil.<\/a>\u00a0<strong>M\u00f2nica Noguera i Natalia Fuente<\/strong>\u00a0(2.7.24)\u00a0<em>INF<\/em><br \/>\n<img loading=\"lazy\" decoding=\"async\" class=\"an1\" draggable=\"false\" src=\"https:\/\/fonts.gstatic.com\/s\/e\/notoemoji\/15.0\/25b6_fe0f\/72.png\" alt=\"\u25b6\ufe0f\" width=\"33\" height=\"33\" data-emoji=\"\u25b6\ufe0f\" aria-label=\"\u25b6\ufe0f\" \/>\u00a0<a href=\"https:\/\/natibergada.acblnk.com\/url\/ver\/665436409\/2743404\/e64889a4be90d73b99796a7b463cdc97\" target=\"_blank\" rel=\"noopener\" data-saferedirecturl=\"https:\/\/www.google.com\/url?q=https:\/\/natibergada.acblnk.com\/url\/ver\/665436409\/2743404\/e64889a4be90d73b99796a7b463cdc97&amp;source=gmail&amp;ust=1719468743877000&amp;usg=AOvVaw3iHIg_bhsImEbvZeij5CrQ\">Com podem treballar patrons amb els\u00a0policubs\u00a0a Infantil i Prim\u00e0ria?<\/a>\u00a0<strong>Jordi Albacete<\/strong>\u00a0(3.7.24)\u00a0<em>INF\u00a0i\u00a0PRI<\/em><br \/>\n<img loading=\"lazy\" decoding=\"async\" class=\"an1\" draggable=\"false\" src=\"https:\/\/fonts.gstatic.com\/s\/e\/notoemoji\/15.0\/25b6_fe0f\/72.png\" alt=\"\u25b6\ufe0f\" width=\"32\" height=\"32\" data-emoji=\"\u25b6\ufe0f\" aria-label=\"\u25b6\ufe0f\" \/>\u00a0<a href=\"https:\/\/natibergada.acblnk.com\/url\/ver\/665436410\/2743404\/e64889a4be90d73b99796a7b463cdc97\" target=\"_blank\" rel=\"noopener\" data-saferedirecturl=\"https:\/\/www.google.com\/url?q=https:\/\/natibergada.acblnk.com\/url\/ver\/665436410\/2743404\/e64889a4be90d73b99796a7b463cdc97&amp;source=gmail&amp;ust=1719468743877000&amp;usg=AOvVaw3b6jcz_CN0ZWUUrDfe3TPy\">Pensament computacional a l&#8217;aula de matem\u00e0tiques<\/a>.\u00a0<strong>Bel\u00e9n\u00a0Palop<\/strong>\u00a0(4.7.24)\u00a0<em>INF,\u00a0PRI\u00a0i SEC<\/em><br \/>\n<img loading=\"lazy\" decoding=\"async\" class=\"an1\" draggable=\"false\" src=\"https:\/\/fonts.gstatic.com\/s\/e\/notoemoji\/15.0\/25b6_fe0f\/72.png\" alt=\"\u25b6\ufe0f\" width=\"31\" height=\"31\" data-emoji=\"\u25b6\ufe0f\" aria-label=\"\u25b6\ufe0f\" \/>\u00a0<a href=\"https:\/\/natibergada.acblnk.com\/url\/ver\/665436411\/2743404\/e64889a4be90d73b99796a7b463cdc97\" target=\"_blank\" rel=\"noopener\" data-saferedirecturl=\"https:\/\/www.google.com\/url?q=https:\/\/natibergada.acblnk.com\/url\/ver\/665436411\/2743404\/e64889a4be90d73b99796a7b463cdc97&amp;source=gmail&amp;ust=1719468743877000&amp;usg=AOvVaw1cvTAiOQYOzs56OUYDMC7V\">Quines estrat\u00e8gies de c\u00e0lcul utilitzem per treballar els algoritmes?<\/a>\u00a0<strong>Xavier Artigas i Montse Tura<\/strong>\u00a0(5.7.24)\u00a0<em>PRI<\/em><br \/>\n<img loading=\"lazy\" decoding=\"async\" class=\"an1\" draggable=\"false\" src=\"https:\/\/fonts.gstatic.com\/s\/e\/notoemoji\/15.0\/25b6_fe0f\/72.png\" alt=\"\u25b6\ufe0f\" width=\"33\" height=\"33\" data-emoji=\"\u25b6\ufe0f\" aria-label=\"\u25b6\ufe0f\" \/>\u00a0<a href=\"https:\/\/natibergada.acblnk.com\/url\/ver\/665436412\/2743404\/e64889a4be90d73b99796a7b463cdc97\" target=\"_blank\" rel=\"noopener\" data-saferedirecturl=\"https:\/\/www.google.com\/url?q=https:\/\/natibergada.acblnk.com\/url\/ver\/665436412\/2743404\/e64889a4be90d73b99796a7b463cdc97&amp;source=gmail&amp;ust=1719468743877000&amp;usg=AOvVaw1FMd9gVhj5cED8_5HqhazJ\">La calculadora a l&#8217;escola, una eina que fa pensar. Qu\u00e8 treballar i com fer-ho?<\/a>\u00a0<strong>Tuti Comalat<\/strong>\u00a0(8.7.24)<em>\u00a0INF\u00a0i\u00a0PRI<\/em><br \/>\n<img loading=\"lazy\" decoding=\"async\" class=\"an1\" draggable=\"false\" src=\"https:\/\/fonts.gstatic.com\/s\/e\/notoemoji\/15.0\/25b6_fe0f\/72.png\" alt=\"\u25b6\ufe0f\" width=\"31\" height=\"31\" data-emoji=\"\u25b6\ufe0f\" aria-label=\"\u25b6\ufe0f\" \/>\u00a0<a href=\"https:\/\/natibergada.acblnk.com\/url\/ver\/665436413\/2743404\/e64889a4be90d73b99796a7b463cdc97\" target=\"_blank\" rel=\"noopener\" data-saferedirecturl=\"https:\/\/www.google.com\/url?q=https:\/\/natibergada.acblnk.com\/url\/ver\/665436413\/2743404\/e64889a4be90d73b99796a7b463cdc97&amp;source=gmail&amp;ust=1719468743877000&amp;usg=AOvVaw0Xsx6E1qMGRnpgN6wdTLfs\">Jugant amb els nombres: estrat\u00e8gies de numeraci\u00f3 i c\u00e0lcul per a Educaci\u00f3 Infantil.<\/a>\u00a0<strong>Eva Barnils<\/strong>\u00a0(9.7.24)<em>\u00a0INF<\/em><br \/>\n<img loading=\"lazy\" decoding=\"async\" class=\"an1\" draggable=\"false\" src=\"https:\/\/fonts.gstatic.com\/s\/e\/notoemoji\/15.0\/25b6_fe0f\/72.png\" alt=\"\u25b6\ufe0f\" width=\"37\" height=\"37\" data-emoji=\"\u25b6\ufe0f\" aria-label=\"\u25b6\ufe0f\" \/>\u00a0<a href=\"https:\/\/natibergada.acblnk.com\/url\/ver\/665436414\/2743404\/e64889a4be90d73b99796a7b463cdc97\" target=\"_blank\" rel=\"noopener\" data-saferedirecturl=\"https:\/\/www.google.com\/url?q=https:\/\/natibergada.acblnk.com\/url\/ver\/665436414\/2743404\/e64889a4be90d73b99796a7b463cdc97&amp;source=gmail&amp;ust=1719468743877000&amp;usg=AOvVaw1-h5qXO9lpwe9K3Q996hil\">Connexions entre l&#8217;\u00e0rea i el per\u00edmetre amb material manipulatiu<\/a>.\u00a0<strong>Carles Granell<\/strong>\u00a0(10.7.24)\u00a0<em>PRI<\/em><br \/>\n<img loading=\"lazy\" decoding=\"async\" class=\"an1\" draggable=\"false\" src=\"https:\/\/fonts.gstatic.com\/s\/e\/notoemoji\/15.0\/25b6_fe0f\/72.png\" alt=\"\u25b6\ufe0f\" width=\"37\" height=\"37\" data-emoji=\"\u25b6\ufe0f\" aria-label=\"\u25b6\ufe0f\" \/>\u00a0<a href=\"https:\/\/natibergada.acblnk.com\/url\/ver\/665436415\/2743404\/e64889a4be90d73b99796a7b463cdc97\" target=\"_blank\" rel=\"noopener\" data-saferedirecturl=\"https:\/\/www.google.com\/url?q=https:\/\/natibergada.acblnk.com\/url\/ver\/665436415\/2743404\/e64889a4be90d73b99796a7b463cdc97&amp;source=gmail&amp;ust=1719468743877000&amp;usg=AOvVaw0ZGkuxQ12NaTL5VdwrlDGH\">Problemes que connecten. Treballem la geometria amb materials. Taller pr\u00e0ctic.<\/a>\u00a0<strong>Cyntia\u00a0Riquelme<\/strong>\u00a0(11.7.24)\u00a0<em>PRI<\/em><br \/>\n<img loading=\"lazy\" decoding=\"async\" class=\"an1\" draggable=\"false\" src=\"https:\/\/fonts.gstatic.com\/s\/e\/notoemoji\/15.0\/25b6_fe0f\/72.png\" alt=\"\u25b6\ufe0f\" width=\"35\" height=\"35\" data-emoji=\"\u25b6\ufe0f\" aria-label=\"\u25b6\ufe0f\" \/>\u00a0<a href=\"https:\/\/natibergada.acblnk.com\/url\/ver\/665436416\/2743404\/e64889a4be90d73b99796a7b463cdc97\" target=\"_blank\" rel=\"noopener\" data-saferedirecturl=\"https:\/\/www.google.com\/url?q=https:\/\/natibergada.acblnk.com\/url\/ver\/665436416\/2743404\/e64889a4be90d73b99796a7b463cdc97&amp;source=gmail&amp;ust=1719468743877000&amp;usg=AOvVaw19AYiOf94aAmchs3OvlYyb\">Com podem treballar la mesura al llarg de la prim\u00e0ria?<\/a>\u00a0<strong>Laura Morera<\/strong>\u00a0(12.7.24)\u00a0<em>PRI<\/em><br \/>\n<img loading=\"lazy\" decoding=\"async\" class=\"an1\" draggable=\"false\" src=\"https:\/\/fonts.gstatic.com\/s\/e\/notoemoji\/15.0\/25b6_fe0f\/72.png\" alt=\"\u25b6\ufe0f\" width=\"39\" height=\"39\" data-emoji=\"\u25b6\ufe0f\" aria-label=\"\u25b6\ufe0f\" \/>\u00a0<a href=\"https:\/\/natibergada.acblnk.com\/url\/ver\/665436417\/2743404\/e64889a4be90d73b99796a7b463cdc97\" target=\"_blank\" rel=\"noopener\" data-saferedirecturl=\"https:\/\/www.google.com\/url?q=https:\/\/natibergada.acblnk.com\/url\/ver\/665436417\/2743404\/e64889a4be90d73b99796a7b463cdc97&amp;source=gmail&amp;ust=1719468743877000&amp;usg=AOvVaw0uWZ9ofibYdAgZa2idglXG\">La conversa matem\u00e0tica: parlar de matem\u00e0tiques per aprendre&#8217;n<\/a>.\u00a0<strong>Tana Serra<\/strong>\u00a0(15.7.24)\u00a0<em>INF,\u00a0PRI\u00a0i SEC<\/em><br \/>\n<img loading=\"lazy\" decoding=\"async\" class=\"an1\" draggable=\"false\" src=\"https:\/\/fonts.gstatic.com\/s\/e\/notoemoji\/15.0\/25b6_fe0f\/72.png\" alt=\"\u25b6\ufe0f\" width=\"40\" height=\"40\" data-emoji=\"\u25b6\ufe0f\" aria-label=\"\u25b6\ufe0f\" \/>\u00a0<a href=\"https:\/\/natibergada.acblnk.com\/url\/ver\/665436418\/2743404\/e64889a4be90d73b99796a7b463cdc97\" target=\"_blank\" rel=\"noopener\" data-saferedirecturl=\"https:\/\/www.google.com\/url?q=https:\/\/natibergada.acblnk.com\/url\/ver\/665436418\/2743404\/e64889a4be90d73b99796a7b463cdc97&amp;source=gmail&amp;ust=1719468743877000&amp;usg=AOvVaw395Y1XQ3RTlsX_m-aJtsZ_\">Les fraccions a infantil i prim\u00e0ria: Quan i com treballar-les?<\/a>\u00a0<strong>Laura Gris<\/strong>\u00a0(16.7.24)\u00a0<em>INF\u00a0i\u00a0PRI<\/em><br \/>\n<img loading=\"lazy\" decoding=\"async\" class=\"an1\" draggable=\"false\" src=\"https:\/\/fonts.gstatic.com\/s\/e\/notoemoji\/15.0\/25b6_fe0f\/72.png\" alt=\"\u25b6\ufe0f\" width=\"38\" height=\"38\" data-emoji=\"\u25b6\ufe0f\" aria-label=\"\u25b6\ufe0f\" \/>\u00a0<a href=\"https:\/\/natibergada.acblnk.com\/url\/ver\/665436419\/2743404\/e64889a4be90d73b99796a7b463cdc97\" target=\"_blank\" rel=\"noopener\" data-saferedirecturl=\"https:\/\/www.google.com\/url?q=https:\/\/natibergada.acblnk.com\/url\/ver\/665436419\/2743404\/e64889a4be90d73b99796a7b463cdc97&amp;source=gmail&amp;ust=1719468743877000&amp;usg=AOvVaw2CCj0zF7EDEHWFTCuUj7Wz\">De la il\u00b7lusi\u00f3 a l&#8217;aula: aplicaci\u00f3 de la m\u00e0gia a l&#8217;aprenentatge de les mates<\/a>.\u00a0<strong>Sergio<\/strong>\u00a0<strong>Belmonte<\/strong>\u00a0(17.7.24)\u00a0<em>PRI\u00a0i SEC<\/em><br \/>\n<img loading=\"lazy\" decoding=\"async\" class=\"an1\" draggable=\"false\" src=\"https:\/\/fonts.gstatic.com\/s\/e\/notoemoji\/15.0\/25b6_fe0f\/72.png\" alt=\"\u25b6\ufe0f\" width=\"35\" height=\"35\" data-emoji=\"\u25b6\ufe0f\" aria-label=\"\u25b6\ufe0f\" \/>\u00a0<a href=\"https:\/\/natibergada.acblnk.com\/url\/ver\/665436420\/2743404\/e64889a4be90d73b99796a7b463cdc97\" target=\"_blank\" rel=\"noopener\" data-saferedirecturl=\"https:\/\/www.google.com\/url?q=https:\/\/natibergada.acblnk.com\/url\/ver\/665436420\/2743404\/e64889a4be90d73b99796a7b463cdc97&amp;source=gmail&amp;ust=1719468743877000&amp;usg=AOvVaw2JUAJJvq1mXWvsTka6xLgi\">La m\u00e0gia dels triangles: una col\u00b7lecci\u00f3 de cromos per a l&#8217;aula<\/a>.\u00a0<strong>S\u00f2nia Usero<\/strong>\u00a0 (18.7.24)<em>\u00a0PRI<\/em><br \/>\n<img loading=\"lazy\" decoding=\"async\" class=\"an1\" draggable=\"false\" src=\"https:\/\/fonts.gstatic.com\/s\/e\/notoemoji\/15.0\/25b6_fe0f\/72.png\" alt=\"\u25b6\ufe0f\" width=\"35\" height=\"35\" data-emoji=\"\u25b6\ufe0f\" aria-label=\"\u25b6\ufe0f\" \/>\u00a0<a href=\"https:\/\/natibergada.acblnk.com\/url\/ver\/665436421\/2743404\/e64889a4be90d73b99796a7b463cdc97\" target=\"_blank\" rel=\"noopener\" data-saferedirecturl=\"https:\/\/www.google.com\/url?q=https:\/\/natibergada.acblnk.com\/url\/ver\/665436421\/2743404\/e64889a4be90d73b99796a7b463cdc97&amp;source=gmail&amp;ust=1719468743877000&amp;usg=AOvVaw1tDRN2tUZYZ6W3thJbZ9hR\">Com podem treballar les equacions i les inequacions a l&#8217;ESO?<\/a>\u00a0<strong>Cec\u00edlia Calvo<\/strong>\u00a0(19.7.24)\u00a0<em>SEC<\/em><\/p>\n<p>Trobareu m\u00e9s informaci\u00f3 a la\u00a0<a href=\"https:\/\/docents.cat\/\" target=\"_blank\" rel=\"noopener\">web.<\/a><\/p>\n<p>Bon tancament de curs\u00a0<img loading=\"lazy\" decoding=\"async\" class=\"an1\" draggable=\"false\" src=\"https:\/\/fonts.gstatic.com\/s\/e\/notoemoji\/15.0\/1f609\/72.png\" alt=\"\ud83d\ude09\" width=\"29\" height=\"29\" data-emoji=\"\ud83d\ude09\" aria-label=\"\ud83d\ude09\" \/><\/p>\n<p>&nbsp;<\/p>\n","protected":false},"excerpt":{"rendered":"<p>\u00a0Cicle de xerrades: Matem\u00e0tica vivencial i manipulativa. Qu\u00e8 treballar i com fer-ho? En el cicle gaudirem de\u00a015 xerrades pr\u00e0ctiques\u00a0on grans ponents ens explicaran com podem treballar diferents sabers matem\u00e0tics a l&#8217;aula. \u00a0IMPORTANT:\u00a0En algunes xerrades farem pr\u00e0ctiques en directe, consulteu el material que podeu portar a cada xerrada. Les xerrades s\u00f3n en\u00a0l\u00ednia, gratu\u00eftes i obertes a [&hellip;]<\/p>\n","protected":false},"author":1,"featured_media":22445,"comment_status":"open","ping_status":"closed","sticky":false,"template":"","format":"standard","meta":{"_bbp_topic_count":0,"_bbp_reply_count":0,"_bbp_total_topic_count":0,"_bbp_total_reply_count":0,"_bbp_voice_count":0,"_bbp_anonymous_reply_count":0,"_bbp_topic_count_hidden":0,"_bbp_reply_count_hidden":0,"_bbp_forum_subforum_count":0,"site-sidebar-layout":"default","site-content-layout":"","ast-site-content-layout":"","site-content-style":"default","site-sidebar-style":"default","ast-global-header-display":"","ast-banner-title-visibility":"","ast-main-header-display":"","ast-hfb-above-header-display":"","ast-hfb-below-header-display":"","ast-hfb-mobile-header-display":"","site-post-title":"","ast-breadcrumbs-content":"","ast-featured-img":"","footer-sml-layout":"","theme-transparent-header-meta":"","adv-header-id-meta":"","stick-header-meta":"","header-above-stick-meta":"","header-main-stick-meta":"","header-below-stick-meta":"","astra-migrate-meta-layouts":"default","ast-page-background-enabled":"default","ast-page-background-meta":{"desktop":{"background-color":"var(--ast-global-color-4)","background-image":"","background-repeat":"repeat","background-position":"center center","background-size":"auto","background-attachment":"scroll","background-type":"","background-media":"","overlay-type":"","overlay-color":"","overlay-opacity":"","overlay-gradient":""},"tablet":{"background-color":"","background-image":"","background-repeat":"repeat","background-position":"center center","background-size":"auto","background-attachment":"scroll","background-type":"","background-media":"","overlay-type":"","overlay-color":"","overlay-opacity":"","overlay-gradient":""},"mobile":{"background-color":"","background-image":"","background-repeat":"repeat","background-position":"center center","background-size":"auto","background-attachment":"scroll","background-type":"","background-media":"","overlay-type":"","overlay-color":"","overlay-opacity":"","overlay-gradient":""}},"ast-content-background-meta":{"desktop":{"background-color":"var(--ast-global-color-5)","background-image":"","background-repeat":"repeat","background-position":"center center","background-size":"auto","background-attachment":"scroll","background-type":"","background-media":"","overlay-type":"","overlay-color":"","overlay-opacity":"","overlay-gradient":""},"tablet":{"background-color":"var(--ast-global-color-5)","background-image":"","background-repeat":"repeat","background-position":"center center","background-size":"auto","background-attachment":"scroll","background-type":"","background-media":"","overlay-type":"","overlay-color":"","overlay-opacity":"","overlay-gradient":""},"mobile":{"background-color":"var(--ast-global-color-5)","background-image":"","background-repeat":"repeat","background-position":"center center","background-size":"auto","background-attachment":"scroll","background-type":"","background-media":"","overlay-type":"","overlay-color":"","overlay-opacity":"","overlay-gradient":""}},"footnotes":""},"categories":[1,29],"tags":[],"class_list":["post-22443","post","type-post","status-publish","format-standard","has-post-thumbnail","hentry","category-general","category-portada"],"post_mailing_queue_ids":[],"_links":{"self":[{"href":"https:\/\/serveiseducatius.xtec.cat\/vallesoriental4\/wp-json\/wp\/v2\/posts\/22443","targetHints":{"allow":["GET"]}}],"collection":[{"href":"https:\/\/serveiseducatius.xtec.cat\/vallesoriental4\/wp-json\/wp\/v2\/posts"}],"about":[{"href":"https:\/\/serveiseducatius.xtec.cat\/vallesoriental4\/wp-json\/wp\/v2\/types\/post"}],"author":[{"embeddable":true,"href":"https:\/\/serveiseducatius.xtec.cat\/vallesoriental4\/wp-json\/wp\/v2\/users\/1"}],"replies":[{"embeddable":true,"href":"https:\/\/serveiseducatius.xtec.cat\/vallesoriental4\/wp-json\/wp\/v2\/comments?post=22443"}],"version-history":[{"count":2,"href":"https:\/\/serveiseducatius.xtec.cat\/vallesoriental4\/wp-json\/wp\/v2\/posts\/22443\/revisions"}],"predecessor-version":[{"id":22446,"href":"https:\/\/serveiseducatius.xtec.cat\/vallesoriental4\/wp-json\/wp\/v2\/posts\/22443\/revisions\/22446"}],"wp:featuredmedia":[{"embeddable":true,"href":"https:\/\/serveiseducatius.xtec.cat\/vallesoriental4\/wp-json\/wp\/v2\/media\/22445"}],"wp:attachment":[{"href":"https:\/\/serveiseducatius.xtec.cat\/vallesoriental4\/wp-json\/wp\/v2\/media?parent=22443"}],"wp:term":[{"taxonomy":"category","embeddable":true,"href":"https:\/\/serveiseducatius.xtec.cat\/vallesoriental4\/wp-json\/wp\/v2\/categories?post=22443"},{"taxonomy":"post_tag","embeddable":true,"href":"https:\/\/serveiseducatius.xtec.cat\/vallesoriental4\/wp-json\/wp\/v2\/tags?post=22443"}],"curies":[{"name":"wp","href":"https:\/\/api.w.org\/{rel}","templated":true}]}}