{"id":22245,"date":"2024-05-29T15:29:33","date_gmt":"2024-05-29T13:29:33","guid":{"rendered":"https:\/\/serveiseducatius.xtec.cat\/vallesoriental4\/?p=22245"},"modified":"2024-06-04T11:52:08","modified_gmt":"2024-06-04T09:52:08","slug":"esmena-educacio-infantil-primaria-i-secundaria_-monografic-destiu-que-sapren-a-lescola-del-segle-xxi","status":"publish","type":"post","link":"https:\/\/serveiseducatius.xtec.cat\/vallesoriental4\/general\/esmena-educacio-infantil-primaria-i-secundaria_-monografic-destiu-que-sapren-a-lescola-del-segle-xxi\/","title":{"rendered":"Educaci\u00f3 infantil, prim\u00e0ria i secund\u00e0ria]_ Monogr\u00e0fic d&#8217;estiu: Qu\u00e8 s&#8217;apr\u00e8n a l&#8217;escola del segle XXI"},"content":{"rendered":"<p><b><span lang=\"CA\"><img loading=\"lazy\" decoding=\"async\" class=\" wp-image-22246 alignleft\" src=\"https:\/\/serveiseducatius.xtec.cat\/vallesoriental4\/wp-content\/uploads\/usu1133\/2024\/05\/unnamed-1-1024x195.png\" alt=\"\" width=\"782\" height=\"149\" srcset=\"https:\/\/serveiseducatius.xtec.cat\/vallesoriental4\/wp-content\/uploads\/usu1133\/2024\/05\/unnamed-1-1024x195.png 1024w, https:\/\/serveiseducatius.xtec.cat\/vallesoriental4\/wp-content\/uploads\/usu1133\/2024\/05\/unnamed-1-300x57.png 300w, https:\/\/serveiseducatius.xtec.cat\/vallesoriental4\/wp-content\/uploads\/usu1133\/2024\/05\/unnamed-1-768x146.png 768w, https:\/\/serveiseducatius.xtec.cat\/vallesoriental4\/wp-content\/uploads\/usu1133\/2024\/05\/unnamed-1.png 1300w\" sizes=\"auto, (max-width: 782px) 100vw, 782px\" \/>La nova data l\u00edmit d\u2019inscripci\u00f3 \u00e9s el 2 de juny<\/span><\/b><\/p>\n<ul>\n<li style=\"font-weight: 400;\">1,2 i 3 de juliol, al campus de Bellaterra de la UAB<\/li>\n<li style=\"font-weight: 400;\"><strong>Monogr\u00e0fic Qu\u00e8 s&#8217;apr\u00e8n a l&#8217;escola del segle XXI<\/strong><\/li>\n<\/ul>\n<p style=\"font-weight: 400;\">Quina relaci\u00f3 hi ha entre els sabers i la resta d&#8217;elements que conformen les situacions d&#8217;aprenentatge? Qu\u00e8 cal tenir en compte a l&#8217;hora de seleccionar-los i d&#8217;articular seq\u00fc\u00e8ncies i activitats perqu\u00e8 els estudiants aprenguin? Com s&#8217;avaluen els aprenentatges i els processos que hi porten? De quina manera hi contribueixen la lectura i els enfocaments globalitzats?<\/p>\n<ul>\n<li style=\"font-weight: 400;\">Els <strong> seminaris de reflexi\u00f3 sobre la pr\u00e0ctica<\/strong>, centrals en el monogr\u00e0fic, es plantegen per etapes <strong>(infantil, prim\u00e0ria i secund\u00e0ria)<\/strong> perqu\u00e8 cada docent hi trobi un espai que reflexiona sobre la pr\u00f2pia pr\u00e0ctica d&#8217;aula.<\/li>\n<li style=\"font-weight: 400;\">El monogr\u00e0fic es fa <strong>amb la col\u00b7laboraci\u00f3 del Departament d&#8217;Educaci\u00f3 i no t\u00e9 cost econ\u00f2mic per als docents<\/strong>.<\/li>\n<\/ul>\n<p style=\"font-weight: 400;\">Mantenim oberta la\u00a0<a href=\"https:\/\/www.uab.cat\/ca\/ice\/que-sapren-a-lescola-del-segle-xxi\" data-saferedirecturl=\"https:\/\/www.google.com\/url?q=https:\/\/www.uab.cat\/ca\/ice\/que-sapren-a-lescola-del-segle-xxi&amp;source=gmail&amp;ust=1717068988070000&amp;usg=AOvVaw0JjtGbEFTdzzXmdF-IDt7C\">inscripci\u00f3<\/a>\u00a0fins al diumenge 2 de juny.<\/p>\n<p style=\"font-weight: 400;\">Us hi esperem!<\/p>\n<p style=\"font-weight: 400;\"><img loading=\"lazy\" decoding=\"async\" class=\"size-full wp-image-22247 alignleft\" src=\"https:\/\/serveiseducatius.xtec.cat\/vallesoriental4\/wp-content\/uploads\/usu1133\/2024\/05\/Captura-de-pantalla-2024-05-29-152704.jpg\" alt=\"\" width=\"389\" height=\"295\" srcset=\"https:\/\/serveiseducatius.xtec.cat\/vallesoriental4\/wp-content\/uploads\/usu1133\/2024\/05\/Captura-de-pantalla-2024-05-29-152704.jpg 389w, https:\/\/serveiseducatius.xtec.cat\/vallesoriental4\/wp-content\/uploads\/usu1133\/2024\/05\/Captura-de-pantalla-2024-05-29-152704-300x228.jpg 300w\" sizes=\"auto, (max-width: 389px) 100vw, 389px\" \/><\/p>\n<p style=\"font-weight: 400;\">\n","protected":false},"excerpt":{"rendered":"<p>La nova data l\u00edmit d\u2019inscripci\u00f3 \u00e9s el 2 de juny 1,2 i 3 de juliol, al campus de Bellaterra de la UAB Monogr\u00e0fic Qu\u00e8 s&#8217;apr\u00e8n a l&#8217;escola del segle XXI Quina relaci\u00f3 hi ha entre els sabers i la resta d&#8217;elements que conformen les situacions d&#8217;aprenentatge? Qu\u00e8 cal tenir en compte a l&#8217;hora de seleccionar-los [&hellip;]<\/p>\n","protected":false},"author":1,"featured_media":22248,"comment_status":"open","ping_status":"closed","sticky":false,"template":"","format":"standard","meta":{"_bbp_topic_count":0,"_bbp_reply_count":0,"_bbp_total_topic_count":0,"_bbp_total_reply_count":0,"_bbp_voice_count":0,"_bbp_anonymous_reply_count":0,"_bbp_topic_count_hidden":0,"_bbp_reply_count_hidden":0,"_bbp_forum_subforum_count":0,"site-sidebar-layout":"default","site-content-layout":"","ast-site-content-layout":"","site-content-style":"default","site-sidebar-style":"default","ast-global-header-display":"","ast-banner-title-visibility":"","ast-main-header-display":"","ast-hfb-above-header-display":"","ast-hfb-below-header-display":"","ast-hfb-mobile-header-display":"","site-post-title":"","ast-breadcrumbs-content":"","ast-featured-img":"","footer-sml-layout":"","theme-transparent-header-meta":"","adv-header-id-meta":"","stick-header-meta":"","header-above-stick-meta":"","header-main-stick-meta":"","header-below-stick-meta":"","astra-migrate-meta-layouts":"default","ast-page-background-enabled":"default","ast-page-background-meta":{"desktop":{"background-color":"var(--ast-global-color-4)","background-image":"","background-repeat":"repeat","background-position":"center center","background-size":"auto","background-attachment":"scroll","background-type":"","background-media":"","overlay-type":"","overlay-color":"","overlay-opacity":"","overlay-gradient":""},"tablet":{"background-color":"","background-image":"","background-repeat":"repeat","background-position":"center center","background-size":"auto","background-attachment":"scroll","background-type":"","background-media":"","overlay-type":"","overlay-color":"","overlay-opacity":"","overlay-gradient":""},"mobile":{"background-color":"","background-image":"","background-repeat":"repeat","background-position":"center center","background-size":"auto","background-attachment":"scroll","background-type":"","background-media":"","overlay-type":"","overlay-color":"","overlay-opacity":"","overlay-gradient":""}},"ast-content-background-meta":{"desktop":{"background-color":"var(--ast-global-color-5)","background-image":"","background-repeat":"repeat","background-position":"center center","background-size":"auto","background-attachment":"scroll","background-type":"","background-media":"","overlay-type":"","overlay-color":"","overlay-opacity":"","overlay-gradient":""},"tablet":{"background-color":"var(--ast-global-color-5)","background-image":"","background-repeat":"repeat","background-position":"center center","background-size":"auto","background-attachment":"scroll","background-type":"","background-media":"","overlay-type":"","overlay-color":"","overlay-opacity":"","overlay-gradient":""},"mobile":{"background-color":"var(--ast-global-color-5)","background-image":"","background-repeat":"repeat","background-position":"center center","background-size":"auto","background-attachment":"scroll","background-type":"","background-media":"","overlay-type":"","overlay-color":"","overlay-opacity":"","overlay-gradient":""}},"footnotes":""},"categories":[1,29],"tags":[],"class_list":["post-22245","post","type-post","status-publish","format-standard","has-post-thumbnail","hentry","category-general","category-portada"],"post_mailing_queue_ids":[],"_links":{"self":[{"href":"https:\/\/serveiseducatius.xtec.cat\/vallesoriental4\/wp-json\/wp\/v2\/posts\/22245","targetHints":{"allow":["GET"]}}],"collection":[{"href":"https:\/\/serveiseducatius.xtec.cat\/vallesoriental4\/wp-json\/wp\/v2\/posts"}],"about":[{"href":"https:\/\/serveiseducatius.xtec.cat\/vallesoriental4\/wp-json\/wp\/v2\/types\/post"}],"author":[{"embeddable":true,"href":"https:\/\/serveiseducatius.xtec.cat\/vallesoriental4\/wp-json\/wp\/v2\/users\/1"}],"replies":[{"embeddable":true,"href":"https:\/\/serveiseducatius.xtec.cat\/vallesoriental4\/wp-json\/wp\/v2\/comments?post=22245"}],"version-history":[{"count":2,"href":"https:\/\/serveiseducatius.xtec.cat\/vallesoriental4\/wp-json\/wp\/v2\/posts\/22245\/revisions"}],"predecessor-version":[{"id":22310,"href":"https:\/\/serveiseducatius.xtec.cat\/vallesoriental4\/wp-json\/wp\/v2\/posts\/22245\/revisions\/22310"}],"wp:featuredmedia":[{"embeddable":true,"href":"https:\/\/serveiseducatius.xtec.cat\/vallesoriental4\/wp-json\/wp\/v2\/media\/22248"}],"wp:attachment":[{"href":"https:\/\/serveiseducatius.xtec.cat\/vallesoriental4\/wp-json\/wp\/v2\/media?parent=22245"}],"wp:term":[{"taxonomy":"category","embeddable":true,"href":"https:\/\/serveiseducatius.xtec.cat\/vallesoriental4\/wp-json\/wp\/v2\/categories?post=22245"},{"taxonomy":"post_tag","embeddable":true,"href":"https:\/\/serveiseducatius.xtec.cat\/vallesoriental4\/wp-json\/wp\/v2\/tags?post=22245"}],"curies":[{"name":"wp","href":"https:\/\/api.w.org\/{rel}","templated":true}]}}