{"id":2219,"date":"2014-01-28T14:19:09","date_gmt":"2014-01-28T14:19:09","guid":{"rendered":"http:\/\/crpvalltenes.wordpress.com\/?p=2219"},"modified":"2014-01-28T14:19:09","modified_gmt":"2014-01-28T14:19:09","slug":"xarxa-docent-educat-2-0-nous-tallers-oberts","status":"publish","type":"post","link":"https:\/\/serveiseducatius.xtec.cat\/vallesoriental4\/general\/xarxa-docent-educat-2-0-nous-tallers-oberts\/","title":{"rendered":"XARXA DOCENT eduCAT 2.0. NOUS TALLERS OBERTS"},"content":{"rendered":"<p><!--[if gte mso 9]&gt;--><\/p>\n<p class=\"MsoNormal\" style=\"margin-bottom:6pt;text-align:justify;line-height:150%;\"><span style=\"font-family:'Arial', 'sans-serif';\"><strong>La Xarxa docent eduCAT 2.0<\/strong> informa que es troba oberta la inscripci\u00f3 als dos tallers oberts que es faran aquest trimestre:<\/span><\/p>\n<p class=\"MsoNormal\" style=\"margin-bottom:6pt;text-align:justify;line-height:150%;\"><strong><span style=\"font-family:'Arial', 'sans-serif';\"><span style=\"color:windowtext;text-decoration:none;\">La creaci\u00f3 audiovisual a l&#8217;aula<\/span><\/span><span style=\"font-family:'Arial', 'sans-serif';\"><span style=\"color:windowtext;text-decoration:none;\">:<\/span><\/span><\/strong><span style=\"font-family:'Arial', 'sans-serif';\">\u00a0En aquest taller reflexionarem entorn la creaci\u00f3 audiovisual com a recurs did\u00e0ctic, una proposta educativa per investigar, reflexionar, col\u00b7laborar i comunicar. Compartirem recursos i propostes did\u00e0ctiques i aprendrem a \u201cllegir i escriure\u201d missatges audiovisuals, fent un recorregut des de l\u2019elaboraci\u00f3 de guions a l\u2019edici\u00f3 de v\u00eddeo, posant l&#8217;\u00e8mfasi en el plantejament pedag\u00f2gic.<\/span><\/p>\n<p class=\"MsoNormal\" style=\"margin-bottom:6pt;text-align:justify;line-height:150%;\"><strong><span style=\"font-family:'Arial', 'sans-serif';\"><a href=\"http:\/\/educat.xtec.cat\/group\/to-fem-un-viatge-virtual-13-14?xg_source=msg_mes_network\" target=\"_blank\"><span style=\"color:windowtext;text-decoration:none;\">Fem un viatge virtual?<\/span><\/a><\/span><\/strong><span style=\"font-family:'Arial', 'sans-serif';\">\u00a0Confeccionarem mapes col\u00b7laboratius, utilitzant\u00a0Google Maps\u00a0per compartir fotografies, texts, arxius de so,&#8230; Tamb\u00e9 enregistrarem v\u00eddeos seguint itineraris amb\u00a0Google Earth\u00a0per fer visites virtuals atenent a diferents criteris com visitar edificis i llocs singulars, confeccionarem itineraris amb la informaci\u00f3 geolocalitzada anteriorment, representarem l&#8217;evoluci\u00f3 de variables sobre una l\u00ednia de temps i un mapa amb l&#8217;API\u00a0<b>Timeline google maps<\/b>, &#8230;<\/span><\/p>\n<p class=\"MsoNormal\" style=\"margin-bottom:6pt;text-align:justify;line-height:150%;\"><a href=\"http:\/\/crpvalltenes.files.wordpress.com\/2014\/01\/educat.jpeg\"><img loading=\"lazy\" decoding=\"async\" class=\"aligncenter size-medium wp-image-2220\" alt=\"educat\" src=\"http:\/\/crpvalltenes.files.wordpress.com\/2014\/01\/educat.jpeg?w=300\" width=\"300\" height=\"123\" srcset=\"https:\/\/serveiseducatius.xtec.cat\/vallesoriental4\/wp-content\/uploads\/usu1133\/2014\/01\/educat.jpeg 349w, https:\/\/serveiseducatius.xtec.cat\/vallesoriental4\/wp-content\/uploads\/usu1133\/2014\/01\/educat-300x124.jpeg 300w\" sizes=\"auto, (max-width: 300px) 100vw, 300px\" \/><\/a><span style=\"font-family:'Arial', 'sans-serif';\">Si es vol participar nom\u00e9s cal que accedir al grup del taller des dels enlla\u00e7os seg\u00fcents:<\/span><\/p>\n<p class=\"MsoNormal\" style=\"margin-bottom:6pt;text-align:justify;line-height:150%;\"><span style=\"font-family:'Arial', 'sans-serif';\"><a href=\"http:\/\/educat.xtec.cat\/group\/creacio-audiovisual?xg_source=msg_mes_network\" target=\"_blank\"><span style=\"color:blue;\">La creaci\u00f3 audiovisual a l&#8217;aula<\/span><\/a><\/span><\/p>\n<p class=\"MsoNormal\" style=\"margin-bottom:6pt;text-align:justify;line-height:150%;\"><span style=\"font-family:'Arial', 'sans-serif';\"><a href=\"http:\/\/educat.xtec.cat\/group\/to-fem-un-viatge-virtual-13-14?xg_source=msg_mes_network\" target=\"_blank\"><span style=\"color:blue;\">Fem un viatge virtual?<\/span><\/a><\/span><\/p>\n<p class=\"MsoNormal\" style=\"margin-bottom:6pt;text-align:justify;line-height:150%;\"><span style=\"font-family:'Arial', 'sans-serif';\">i fer clic sobre el bot\u00f3 <strong>&#8220;Uneix-te a&#8230;&#8221;<\/strong> que es troba a la part superior dreta.<\/span><\/p>\n","protected":false},"excerpt":{"rendered":"<p>La Xarxa docent eduCAT 2.0 informa que es troba oberta la inscripci\u00f3 als dos tallers oberts que es faran aquest trimestre: La creaci\u00f3 audiovisual a l&#8217;aula:\u00a0En aquest taller reflexionarem entorn la creaci\u00f3 audiovisual com a recurs did\u00e0ctic, una proposta educativa per investigar, reflexionar, col\u00b7laborar i comunicar. Compartirem recursos i propostes did\u00e0ctiques i aprendrem a \u201cllegir [&hellip;]<\/p>\n","protected":false},"author":1,"featured_media":0,"comment_status":"open","ping_status":"open","sticky":false,"template":"","format":"standard","meta":{"_bbp_topic_count":0,"_bbp_reply_count":0,"_bbp_total_topic_count":0,"_bbp_total_reply_count":0,"_bbp_voice_count":0,"_bbp_anonymous_reply_count":0,"_bbp_topic_count_hidden":0,"_bbp_reply_count_hidden":0,"_bbp_forum_subforum_count":0,"site-sidebar-layout":"default","site-content-layout":"","ast-site-content-layout":"","site-content-style":"default","site-sidebar-style":"default","ast-global-header-display":"","ast-banner-title-visibility":"","ast-main-header-display":"","ast-hfb-above-header-display":"","ast-hfb-below-header-display":"","ast-hfb-mobile-header-display":"","site-post-title":"","ast-breadcrumbs-content":"","ast-featured-img":"","footer-sml-layout":"","theme-transparent-header-meta":"","adv-header-id-meta":"","stick-header-meta":"","header-above-stick-meta":"","header-main-stick-meta":"","header-below-stick-meta":"","astra-migrate-meta-layouts":"default","ast-page-background-enabled":"default","ast-page-background-meta":{"desktop":{"background-color":"var(--ast-global-color-4)","background-image":"","background-repeat":"repeat","background-position":"center center","background-size":"auto","background-attachment":"scroll","background-type":"","background-media":"","overlay-type":"","overlay-color":"","overlay-opacity":"","overlay-gradient":""},"tablet":{"background-color":"","background-image":"","background-repeat":"repeat","background-position":"center center","background-size":"auto","background-attachment":"scroll","background-type":"","background-media":"","overlay-type":"","overlay-color":"","overlay-opacity":"","overlay-gradient":""},"mobile":{"background-color":"","background-image":"","background-repeat":"repeat","background-position":"center center","background-size":"auto","background-attachment":"scroll","background-type":"","background-media":"","overlay-type":"","overlay-color":"","overlay-opacity":"","overlay-gradient":""}},"ast-content-background-meta":{"desktop":{"background-color":"var(--ast-global-color-5)","background-image":"","background-repeat":"repeat","background-position":"center center","background-size":"auto","background-attachment":"scroll","background-type":"","background-media":"","overlay-type":"","overlay-color":"","overlay-opacity":"","overlay-gradient":""},"tablet":{"background-color":"var(--ast-global-color-5)","background-image":"","background-repeat":"repeat","background-position":"center center","background-size":"auto","background-attachment":"scroll","background-type":"","background-media":"","overlay-type":"","overlay-color":"","overlay-opacity":"","overlay-gradient":""},"mobile":{"background-color":"var(--ast-global-color-5)","background-image":"","background-repeat":"repeat","background-position":"center center","background-size":"auto","background-attachment":"scroll","background-type":"","background-media":"","overlay-type":"","overlay-color":"","overlay-opacity":"","overlay-gradient":""}},"footnotes":""},"categories":[1],"tags":[],"class_list":["post-2219","post","type-post","status-publish","format-standard","hentry","category-general"],"post_mailing_queue_ids":[],"_links":{"self":[{"href":"https:\/\/serveiseducatius.xtec.cat\/vallesoriental4\/wp-json\/wp\/v2\/posts\/2219","targetHints":{"allow":["GET"]}}],"collection":[{"href":"https:\/\/serveiseducatius.xtec.cat\/vallesoriental4\/wp-json\/wp\/v2\/posts"}],"about":[{"href":"https:\/\/serveiseducatius.xtec.cat\/vallesoriental4\/wp-json\/wp\/v2\/types\/post"}],"author":[{"embeddable":true,"href":"https:\/\/serveiseducatius.xtec.cat\/vallesoriental4\/wp-json\/wp\/v2\/users\/1"}],"replies":[{"embeddable":true,"href":"https:\/\/serveiseducatius.xtec.cat\/vallesoriental4\/wp-json\/wp\/v2\/comments?post=2219"}],"version-history":[{"count":0,"href":"https:\/\/serveiseducatius.xtec.cat\/vallesoriental4\/wp-json\/wp\/v2\/posts\/2219\/revisions"}],"wp:attachment":[{"href":"https:\/\/serveiseducatius.xtec.cat\/vallesoriental4\/wp-json\/wp\/v2\/media?parent=2219"}],"wp:term":[{"taxonomy":"category","embeddable":true,"href":"https:\/\/serveiseducatius.xtec.cat\/vallesoriental4\/wp-json\/wp\/v2\/categories?post=2219"},{"taxonomy":"post_tag","embeddable":true,"href":"https:\/\/serveiseducatius.xtec.cat\/vallesoriental4\/wp-json\/wp\/v2\/tags?post=2219"}],"curies":[{"name":"wp","href":"https:\/\/api.w.org\/{rel}","templated":true}]}}