{"id":21756,"date":"2024-04-02T09:49:34","date_gmt":"2024-04-02T07:49:34","guid":{"rendered":"https:\/\/serveiseducatius.xtec.cat\/vallesoriental4\/?p=21756"},"modified":"2024-04-02T11:22:12","modified_gmt":"2024-04-02T09:22:12","slug":"celebrem-el-dia-internacional-del-llibre-infantil-i-juvenil-2024-%f0%9f%91%ab%e2%9d%a4%ef%b8%8f%f0%9f%93%9a","status":"publish","type":"post","link":"https:\/\/serveiseducatius.xtec.cat\/vallesoriental4\/general\/celebrem-el-dia-internacional-del-llibre-infantil-i-juvenil-2024-%f0%9f%91%ab%e2%9d%a4%ef%b8%8f%f0%9f%93%9a\/","title":{"rendered":"Celebrem el Dia Internacional del Llibre Infantil i Juvenil 2024"},"content":{"rendered":"<p><img loading=\"lazy\" decoding=\"async\" class=\"size-medium wp-image-21757 alignleft\" src=\"https:\/\/serveiseducatius.xtec.cat\/vallesoriental4\/wp-content\/uploads\/usu1133\/2024\/04\/unnamed-2-212x300.png\" alt=\"\" width=\"212\" height=\"300\" srcset=\"https:\/\/serveiseducatius.xtec.cat\/vallesoriental4\/wp-content\/uploads\/usu1133\/2024\/04\/unnamed-2-212x300.png 212w, https:\/\/serveiseducatius.xtec.cat\/vallesoriental4\/wp-content\/uploads\/usu1133\/2024\/04\/unnamed-2-725x1024.png 725w, https:\/\/serveiseducatius.xtec.cat\/vallesoriental4\/wp-content\/uploads\/usu1133\/2024\/04\/unnamed-2.png 752w\" sizes=\"auto, (max-width: 212px) 100vw, 212px\" \/><\/p>\n<p>Avui, 2 d&#8217;abril de 2024, celebrem el\u00a0<strong>Dia Internacional del Llibre Infantil i Juvenil<\/strong>,\u00a0en record i homenatge a\u00a0<strong>Hans Christian Andersen<\/strong>.<\/p>\n<p>L&#8217;<strong>efem\u00e8ride<\/strong>\u00a0la va establir la nostra entitat mare, l&#8217;<strong>IBBY (International Board on Books for Young People)<\/strong>\u00a0l&#8217;any\u00a0<strong>1967<\/strong>, amb l&#8217;esperit d&#8217;inspirar amor pels llibres entre els infants i els joves.<\/p>\n<p>Cada any, \u00e9s una de les\u00a0seccions nacionals de l\u2019IBBY\u00a0la que\u00a0<strong>patrocina<\/strong>\u00a0el dia, i enguany ha estat\u00a0<strong>IBBY Jap\u00f3\u00a0<\/strong>l&#8217;encarregada de dissenyar la campanya, que porta per lema:\u00a0<em><strong>Travessa els mars amb les ales de la imaginaci\u00f3<\/strong><\/em>.<\/p>\n<p>Us convidem a\u00a0<a href=\"https:\/\/ibbycat.us18.list-manage.com\/track\/click?u=57d5c37e4e968a84867b70545&amp;id=74aab425dd&amp;e=b5322266cb\" target=\"_blank\" rel=\"noopener\" data-saferedirecturl=\"https:\/\/www.google.com\/url?q=https:\/\/ibbycat.us18.list-manage.com\/track\/click?u%3D57d5c37e4e968a84867b70545%26id%3D74aab425dd%26e%3Db5322266cb&amp;source=gmail&amp;ust=1712128143611000&amp;usg=AOvVaw2W6a-FRCBInuwBDo1wZ3f1\"><strong>descarregar-vos el\u00a0material\u00a0de la campanya<\/strong><\/a>\u00a0d&#8217;aquest any per\u00a0<strong>decorar<\/strong>\u00a0les vostres escoles, llibreries, biblioteques, clubs de lectura, llocs de treball, les vostres cases&#8230;\u00a0<strong>durant tot el mes d&#8217;abril<\/strong>, el mes del llibre per excel\u00b7l\u00e8ncia!<\/p>\n<p>Tamb\u00e9 podeu\u00a0<strong>compartir-lo a les xarxes<\/strong>\u00a0i llancem un\u00a0<strong>repte<\/strong>\u00a0per als m\u00e9s atrevits: graveu als vostres infants, amics, companys, a vosaltres mateixos&#8230; recitant el poema de l&#8217;autora japonesa\u00a0<strong>Eiko Kadono<\/strong>, guanyadora del prestigi\u00f3s Premi Andersen l&#8217;any 2018.\u00a0L&#8217;hem tradu\u00eft al\u00a0<strong>catal\u00e0<\/strong>\u00a0per a tots vosaltres!<\/p>\n<p>Recordeu\u00a0<strong>etiquetar-nos!<\/strong><br \/>\n@Ibbycat_Consell<br \/>\n#DiaInternacionaldelLIJ2024<\/p>\n<p style=\"text-align: center;\"><span style=\"color: #33cccc;\"><em><strong>Amb les seves ales, els contes viatgen,<br \/>\nanhelant sentir el batec joi\u00f3s del teu cor.<\/strong><\/em><\/span><\/p>\n<p style=\"text-align: center;\"><span style=\"color: #33cccc;\"><em>Soc un conte viatger. Volo a tot arreu.<\/em><\/span><br \/>\n<span style=\"color: #33cccc;\"><em>Amb ales de vent, o amb ales d\u2019onades,<\/em><\/span><br \/>\n<span style=\"color: #33cccc;\"><em>o de vegades amb ales diminutes de sorra. Per descomptat,<\/em><\/span><br \/>\n<span style=\"color: #33cccc;\"><em>tamb\u00e9 pujo a les ales dels grans ocells migratoris.<\/em><\/span><br \/>\n<span style=\"color: #33cccc;\"><em>I fins i tot a les dels avions de reacci\u00f3.<\/em><\/span><br \/>\n<span style=\"color: #33cccc;\"><em>Sec al teu costat. Obro les p\u00e0gines<\/em><\/span><br \/>\n<span style=\"color: #33cccc;\"><em>i t\u2019explico un conte, el que vulguis sentir.<\/em><\/span><br \/>\n<span style=\"color: #33cccc;\"><em>T\u2019agradaria una hist\u00f2ria estranya i meravellosa?<\/em><\/span><br \/>\n<span style=\"color: #33cccc;\"><em>O potser una de trista, o que faci por, o divertida?<\/em><\/span><br \/>\n<span style=\"color: #33cccc;\"><em>Si ara no et ve de gust escoltar-ne cap, no passa res.<\/em><\/span><br \/>\n<span style=\"color: #33cccc;\"><em>Per\u00f2 s\u00e9 que algun dia voldr\u00e0s. Llavors,<\/em><\/span><br \/>\n<span style=\"color: #33cccc;\"><em>nom\u00e9s has de cridar: \u00abConte viatger, vine! Seu al meu costat!\u00bb.<\/em><\/span><br \/>\n<span style=\"color: #33cccc;\"><em>I de seguida vindr\u00e9 volant.<\/em><\/span><\/p>\n<p style=\"text-align: center;\"><span style=\"color: #33cccc;\"><em>Tinc moltes hist\u00f2ries per compartir.<br \/>\nQu\u00e8 et sembla una d\u2019una illa petita que, cansada d\u2019estar sola, va aprendre a nedar i va anar a buscar amics?<br \/>\nO la hist\u00f2ria d\u2019una nit misteriosa en qu\u00e8 van sortir dues llunes. O la de quan el Pare Noel es va perdre. Ah, ja sento el teu cor. Batega m\u00e9s de pressa.<br \/>\nBum-bum, trop-trop, trip-trap, patrip-patrap.<\/em><\/span><\/p>\n<p style=\"text-align: center;\"><span style=\"color: #33cccc;\">El conte viatger hi ha saltat a dins i l\u2019accelera.<\/span><br \/>\n<span style=\"color: #33cccc;\">Ara et tornar\u00e0s conte tu tamb\u00e9, i estendr\u00e0s les ales per volar. Aix\u00ed \u00e9s com neix un nou conte viatger al m\u00f3n.<\/span><\/p>\n<p style=\"text-align: center;\">Feli\u00e7 Dia del Llibre Infantil i Juvenil 2024!<\/p>\n<p style=\"text-align: center;\"><strong><em>De part de tot l&#8217;equip de l&#8217;IBBYcat<\/em><\/strong><\/p>\n<p><img loading=\"lazy\" decoding=\"async\" class=\"alignnone wp-image-21759 aligncenter\" src=\"https:\/\/serveiseducatius.xtec.cat\/vallesoriental4\/wp-content\/uploads\/usu1133\/2024\/04\/1.jpg-300x143.jpg\" alt=\"\" width=\"390\" height=\"186\" srcset=\"https:\/\/serveiseducatius.xtec.cat\/vallesoriental4\/wp-content\/uploads\/usu1133\/2024\/04\/1.jpg-300x143.jpg 300w, https:\/\/serveiseducatius.xtec.cat\/vallesoriental4\/wp-content\/uploads\/usu1133\/2024\/04\/1.jpg-1024x488.jpg 1024w, https:\/\/serveiseducatius.xtec.cat\/vallesoriental4\/wp-content\/uploads\/usu1133\/2024\/04\/1.jpg-768x366.jpg 768w, https:\/\/serveiseducatius.xtec.cat\/vallesoriental4\/wp-content\/uploads\/usu1133\/2024\/04\/1.jpg.jpg 1368w\" sizes=\"auto, (max-width: 390px) 100vw, 390px\" \/><\/p>\n<p>&nbsp;<\/p>\n","protected":false},"excerpt":{"rendered":"<p>Avui, 2 d&#8217;abril de 2024, celebrem el\u00a0Dia Internacional del Llibre Infantil i Juvenil,\u00a0en record i homenatge a\u00a0Hans Christian Andersen. L&#8217;efem\u00e8ride\u00a0la va establir la nostra entitat mare, l&#8217;IBBY (International Board on Books for Young People)\u00a0l&#8217;any\u00a01967, amb l&#8217;esperit d&#8217;inspirar amor pels llibres entre els infants i els joves. Cada any, \u00e9s una de les\u00a0seccions nacionals de l\u2019IBBY\u00a0la [&hellip;]<\/p>\n","protected":false},"author":1,"featured_media":21757,"comment_status":"open","ping_status":"closed","sticky":false,"template":"","format":"standard","meta":{"_bbp_topic_count":0,"_bbp_reply_count":0,"_bbp_total_topic_count":0,"_bbp_total_reply_count":0,"_bbp_voice_count":0,"_bbp_anonymous_reply_count":0,"_bbp_topic_count_hidden":0,"_bbp_reply_count_hidden":0,"_bbp_forum_subforum_count":0,"site-sidebar-layout":"default","site-content-layout":"","ast-site-content-layout":"","site-content-style":"default","site-sidebar-style":"default","ast-global-header-display":"","ast-banner-title-visibility":"","ast-main-header-display":"","ast-hfb-above-header-display":"","ast-hfb-below-header-display":"","ast-hfb-mobile-header-display":"","site-post-title":"","ast-breadcrumbs-content":"","ast-featured-img":"","footer-sml-layout":"","theme-transparent-header-meta":"","adv-header-id-meta":"","stick-header-meta":"","header-above-stick-meta":"","header-main-stick-meta":"","header-below-stick-meta":"","astra-migrate-meta-layouts":"default","ast-page-background-enabled":"default","ast-page-background-meta":{"desktop":{"background-color":"var(--ast-global-color-4)","background-image":"","background-repeat":"repeat","background-position":"center center","background-size":"auto","background-attachment":"scroll","background-type":"","background-media":"","overlay-type":"","overlay-color":"","overlay-opacity":"","overlay-gradient":""},"tablet":{"background-color":"","background-image":"","background-repeat":"repeat","background-position":"center center","background-size":"auto","background-attachment":"scroll","background-type":"","background-media":"","overlay-type":"","overlay-color":"","overlay-opacity":"","overlay-gradient":""},"mobile":{"background-color":"","background-image":"","background-repeat":"repeat","background-position":"center center","background-size":"auto","background-attachment":"scroll","background-type":"","background-media":"","overlay-type":"","overlay-color":"","overlay-opacity":"","overlay-gradient":""}},"ast-content-background-meta":{"desktop":{"background-color":"var(--ast-global-color-5)","background-image":"","background-repeat":"repeat","background-position":"center center","background-size":"auto","background-attachment":"scroll","background-type":"","background-media":"","overlay-type":"","overlay-color":"","overlay-opacity":"","overlay-gradient":""},"tablet":{"background-color":"var(--ast-global-color-5)","background-image":"","background-repeat":"repeat","background-position":"center center","background-size":"auto","background-attachment":"scroll","background-type":"","background-media":"","overlay-type":"","overlay-color":"","overlay-opacity":"","overlay-gradient":""},"mobile":{"background-color":"var(--ast-global-color-5)","background-image":"","background-repeat":"repeat","background-position":"center center","background-size":"auto","background-attachment":"scroll","background-type":"","background-media":"","overlay-type":"","overlay-color":"","overlay-opacity":"","overlay-gradient":""}},"footnotes":""},"categories":[81,1,29],"tags":[],"class_list":["post-21756","post","type-post","status-publish","format-standard","has-post-thumbnail","hentry","category-biblioteca-escolar","category-general","category-portada"],"post_mailing_queue_ids":[],"_links":{"self":[{"href":"https:\/\/serveiseducatius.xtec.cat\/vallesoriental4\/wp-json\/wp\/v2\/posts\/21756","targetHints":{"allow":["GET"]}}],"collection":[{"href":"https:\/\/serveiseducatius.xtec.cat\/vallesoriental4\/wp-json\/wp\/v2\/posts"}],"about":[{"href":"https:\/\/serveiseducatius.xtec.cat\/vallesoriental4\/wp-json\/wp\/v2\/types\/post"}],"author":[{"embeddable":true,"href":"https:\/\/serveiseducatius.xtec.cat\/vallesoriental4\/wp-json\/wp\/v2\/users\/1"}],"replies":[{"embeddable":true,"href":"https:\/\/serveiseducatius.xtec.cat\/vallesoriental4\/wp-json\/wp\/v2\/comments?post=21756"}],"version-history":[{"count":6,"href":"https:\/\/serveiseducatius.xtec.cat\/vallesoriental4\/wp-json\/wp\/v2\/posts\/21756\/revisions"}],"predecessor-version":[{"id":21782,"href":"https:\/\/serveiseducatius.xtec.cat\/vallesoriental4\/wp-json\/wp\/v2\/posts\/21756\/revisions\/21782"}],"wp:featuredmedia":[{"embeddable":true,"href":"https:\/\/serveiseducatius.xtec.cat\/vallesoriental4\/wp-json\/wp\/v2\/media\/21757"}],"wp:attachment":[{"href":"https:\/\/serveiseducatius.xtec.cat\/vallesoriental4\/wp-json\/wp\/v2\/media?parent=21756"}],"wp:term":[{"taxonomy":"category","embeddable":true,"href":"https:\/\/serveiseducatius.xtec.cat\/vallesoriental4\/wp-json\/wp\/v2\/categories?post=21756"},{"taxonomy":"post_tag","embeddable":true,"href":"https:\/\/serveiseducatius.xtec.cat\/vallesoriental4\/wp-json\/wp\/v2\/tags?post=21756"}],"curies":[{"name":"wp","href":"https:\/\/api.w.org\/{rel}","templated":true}]}}