{"id":21656,"date":"2024-03-14T19:10:37","date_gmt":"2024-03-14T18:10:37","guid":{"rendered":"https:\/\/serveiseducatius.xtec.cat\/vallesoriental4\/?p=21656"},"modified":"2024-03-14T19:13:28","modified_gmt":"2024-03-14T18:13:28","slug":"plenari-de-se-al-voltant-del-nou-curriculum","status":"publish","type":"post","link":"https:\/\/serveiseducatius.xtec.cat\/vallesoriental4\/portada\/plenari-de-se-al-voltant-del-nou-curriculum\/","title":{"rendered":"Plenari de SE al voltant del nou curr\u00edculum"},"content":{"rendered":"<p><img loading=\"lazy\" decoding=\"async\" class=\"alignnone size-medium wp-image-21657\" src=\"https:\/\/serveiseducatius.xtec.cat\/vallesoriental4\/wp-content\/uploads\/usu1133\/2024\/03\/IMG_3391-300x225.jpg\" alt=\"\" width=\"300\" height=\"225\" srcset=\"https:\/\/serveiseducatius.xtec.cat\/vallesoriental4\/wp-content\/uploads\/usu1133\/2024\/03\/IMG_3391-300x225.jpg 300w, https:\/\/serveiseducatius.xtec.cat\/vallesoriental4\/wp-content\/uploads\/usu1133\/2024\/03\/IMG_3391-200x150.jpg 200w, https:\/\/serveiseducatius.xtec.cat\/vallesoriental4\/wp-content\/uploads\/usu1133\/2024\/03\/IMG_3391.jpg 640w\" sizes=\"auto, (max-width: 300px) 100vw, 300px\" \/> <img loading=\"lazy\" decoding=\"async\" class=\"alignnone size-medium wp-image-21658\" src=\"https:\/\/serveiseducatius.xtec.cat\/vallesoriental4\/wp-content\/uploads\/usu1133\/2024\/03\/IMG_3392-300x225.jpg\" alt=\"\" width=\"300\" height=\"225\" srcset=\"https:\/\/serveiseducatius.xtec.cat\/vallesoriental4\/wp-content\/uploads\/usu1133\/2024\/03\/IMG_3392-300x225.jpg 300w, https:\/\/serveiseducatius.xtec.cat\/vallesoriental4\/wp-content\/uploads\/usu1133\/2024\/03\/IMG_3392-200x150.jpg 200w, https:\/\/serveiseducatius.xtec.cat\/vallesoriental4\/wp-content\/uploads\/usu1133\/2024\/03\/IMG_3392.jpg 640w\" sizes=\"auto, (max-width: 300px) 100vw, 300px\" \/><\/p>\n<p>Avui, dijous 14 de mar\u00e7 hem fet el plenari del SE del 2n trimestre. Aquest cop la sessi\u00f3 ha anat a c\u00e0rrec de les companyes del CRP, MIreia i Sandra. Ens han mostrat quin tipus d&#8217;assessorament i acompanyament estan fent als centres educatius de la zona en quant a la implementaci\u00f3 del nou curr\u00edculum i la programaci\u00f3 de situacions d&#8217;aprenentatge.<\/p>\n<p>A aquesta sessi\u00f3 han assistit tots els perfils professionals del SE: mentores digitals, LIC, CREDA, EAP i UAO.<\/p>\n","protected":false},"excerpt":{"rendered":"<p>Avui, dijous 14 de mar\u00e7 hem fet el plenari del SE del 2n trimestre. Aquest cop la sessi\u00f3 ha anat a c\u00e0rrec de les companyes del CRP, MIreia i Sandra. Ens han mostrat quin tipus d&#8217;assessorament i acompanyament estan fent als centres educatius de la zona en quant a la implementaci\u00f3 del nou curr\u00edculum i [&hellip;]<\/p>\n","protected":false},"author":1,"featured_media":21658,"comment_status":"open","ping_status":"closed","sticky":false,"template":"","format":"standard","meta":{"_bbp_topic_count":0,"_bbp_reply_count":0,"_bbp_total_topic_count":0,"_bbp_total_reply_count":0,"_bbp_voice_count":0,"_bbp_anonymous_reply_count":0,"_bbp_topic_count_hidden":0,"_bbp_reply_count_hidden":0,"_bbp_forum_subforum_count":0,"site-sidebar-layout":"default","site-content-layout":"","ast-site-content-layout":"","site-content-style":"default","site-sidebar-style":"default","ast-global-header-display":"","ast-banner-title-visibility":"","ast-main-header-display":"","ast-hfb-above-header-display":"","ast-hfb-below-header-display":"","ast-hfb-mobile-header-display":"","site-post-title":"","ast-breadcrumbs-content":"","ast-featured-img":"","footer-sml-layout":"","theme-transparent-header-meta":"","adv-header-id-meta":"","stick-header-meta":"","header-above-stick-meta":"","header-main-stick-meta":"","header-below-stick-meta":"","astra-migrate-meta-layouts":"default","ast-page-background-enabled":"default","ast-page-background-meta":{"desktop":{"background-color":"var(--ast-global-color-4)","background-image":"","background-repeat":"repeat","background-position":"center center","background-size":"auto","background-attachment":"scroll","background-type":"","background-media":"","overlay-type":"","overlay-color":"","overlay-opacity":"","overlay-gradient":""},"tablet":{"background-color":"","background-image":"","background-repeat":"repeat","background-position":"center center","background-size":"auto","background-attachment":"scroll","background-type":"","background-media":"","overlay-type":"","overlay-color":"","overlay-opacity":"","overlay-gradient":""},"mobile":{"background-color":"","background-image":"","background-repeat":"repeat","background-position":"center center","background-size":"auto","background-attachment":"scroll","background-type":"","background-media":"","overlay-type":"","overlay-color":"","overlay-opacity":"","overlay-gradient":""}},"ast-content-background-meta":{"desktop":{"background-color":"var(--ast-global-color-5)","background-image":"","background-repeat":"repeat","background-position":"center center","background-size":"auto","background-attachment":"scroll","background-type":"","background-media":"","overlay-type":"","overlay-color":"","overlay-opacity":"","overlay-gradient":""},"tablet":{"background-color":"var(--ast-global-color-5)","background-image":"","background-repeat":"repeat","background-position":"center center","background-size":"auto","background-attachment":"scroll","background-type":"","background-media":"","overlay-type":"","overlay-color":"","overlay-opacity":"","overlay-gradient":""},"mobile":{"background-color":"var(--ast-global-color-5)","background-image":"","background-repeat":"repeat","background-position":"center center","background-size":"auto","background-attachment":"scroll","background-type":"","background-media":"","overlay-type":"","overlay-color":"","overlay-opacity":"","overlay-gradient":""}},"footnotes":""},"categories":[825,29,811],"tags":[],"class_list":["post-21656","post","type-post","status-publish","format-standard","has-post-thumbnail","hentry","category-crp-assessoraments-a-centre","category-portada","category-integrat"],"post_mailing_queue_ids":[],"_links":{"self":[{"href":"https:\/\/serveiseducatius.xtec.cat\/vallesoriental4\/wp-json\/wp\/v2\/posts\/21656","targetHints":{"allow":["GET"]}}],"collection":[{"href":"https:\/\/serveiseducatius.xtec.cat\/vallesoriental4\/wp-json\/wp\/v2\/posts"}],"about":[{"href":"https:\/\/serveiseducatius.xtec.cat\/vallesoriental4\/wp-json\/wp\/v2\/types\/post"}],"author":[{"embeddable":true,"href":"https:\/\/serveiseducatius.xtec.cat\/vallesoriental4\/wp-json\/wp\/v2\/users\/1"}],"replies":[{"embeddable":true,"href":"https:\/\/serveiseducatius.xtec.cat\/vallesoriental4\/wp-json\/wp\/v2\/comments?post=21656"}],"version-history":[{"count":1,"href":"https:\/\/serveiseducatius.xtec.cat\/vallesoriental4\/wp-json\/wp\/v2\/posts\/21656\/revisions"}],"predecessor-version":[{"id":21659,"href":"https:\/\/serveiseducatius.xtec.cat\/vallesoriental4\/wp-json\/wp\/v2\/posts\/21656\/revisions\/21659"}],"wp:featuredmedia":[{"embeddable":true,"href":"https:\/\/serveiseducatius.xtec.cat\/vallesoriental4\/wp-json\/wp\/v2\/media\/21658"}],"wp:attachment":[{"href":"https:\/\/serveiseducatius.xtec.cat\/vallesoriental4\/wp-json\/wp\/v2\/media?parent=21656"}],"wp:term":[{"taxonomy":"category","embeddable":true,"href":"https:\/\/serveiseducatius.xtec.cat\/vallesoriental4\/wp-json\/wp\/v2\/categories?post=21656"},{"taxonomy":"post_tag","embeddable":true,"href":"https:\/\/serveiseducatius.xtec.cat\/vallesoriental4\/wp-json\/wp\/v2\/tags?post=21656"}],"curies":[{"name":"wp","href":"https:\/\/api.w.org\/{rel}","templated":true}]}}