{"id":21591,"date":"2024-03-08T09:03:30","date_gmt":"2024-03-08T08:03:30","guid":{"rendered":"https:\/\/serveiseducatius.xtec.cat\/vallesoriental4\/?p=21591"},"modified":"2024-03-08T09:04:07","modified_gmt":"2024-03-08T08:04:07","slug":"la-magia-de-can-butjosa-ens-atrapa-a-la-5a-sessio-del-seminari-de-biblioteques","status":"publish","type":"post","link":"https:\/\/serveiseducatius.xtec.cat\/vallesoriental4\/general\/la-magia-de-can-butjosa-ens-atrapa-a-la-5a-sessio-del-seminari-de-biblioteques\/","title":{"rendered":"La m\u00e0gia de Can Butjosa ens atrapa a la  5a sessi\u00f3 del seminari de biblioteques"},"content":{"rendered":"<p>Dimecres 6 de mar\u00e7 la biblioteca de Can Butjosa, a Parets del Vall\u00e8s, va esdevenir un oasi de desconnexi\u00f3 per a les assistents del seminari de biblioteques. Despr\u00e9s de creuar una sala plena de llibres i fantasia, vam seure a una sala reservada on la S\u00f2nia, la directora, va explicar-nos molt did\u00e0cticament a qu\u00e8 es dediquen i, sobretot, per qu\u00e8. Va exposar en qu\u00e8 consisteix el Pla de Lectura que duen a terme i ens va plantejar una s\u00e8rie d&#8217;interrogants per reflexionar.<\/p>\n<p>Des del profund coneixement en la mat\u00e8ria i amb una eleg\u00e0ncia captivadora, ens va orientar cap a una tria de llibres feta amb criteris s\u00f2lids i argumentats. La taula estava plena d&#8217;hist\u00f2ries i coneixement escollits a consci\u00e8ncia destinades a p\u00fablic infantil i juvenil. Sense adonar-nos-en va arribar l&#8217;hora de plegar, per\u00f2 haur\u00edem estat escoltant recomanacions fins que la S\u00f2nia n&#8217;hagu\u00e9s tingut prou. Des del CRP agra\u00efm molt aquestes experi\u00e8ncies i esperem que sigui la primera visita de moltes a aquest espai!<\/p>\n<div id='gallery-1' class='gallery galleryid-21591 gallery-columns-2 gallery-size-medium'><figure class='gallery-item'>\n\t\t\t<div class='gallery-icon portrait'>\n\t\t\t\t<a href='https:\/\/serveiseducatius.xtec.cat\/vallesoriental4\/general\/la-magia-de-can-butjosa-ens-atrapa-a-la-5a-sessio-del-seminari-de-biblioteques\/attachment\/whatsapp-image-2024-03-08-at-08-23-08-3\/'><img loading=\"lazy\" decoding=\"async\" width=\"225\" height=\"300\" src=\"https:\/\/serveiseducatius.xtec.cat\/vallesoriental4\/wp-content\/uploads\/usu1133\/2024\/03\/WhatsApp-Image-2024-03-08-at-08.23.08-3-225x300.jpeg\" class=\"attachment-medium size-medium\" alt=\"\" srcset=\"https:\/\/serveiseducatius.xtec.cat\/vallesoriental4\/wp-content\/uploads\/usu1133\/2024\/03\/WhatsApp-Image-2024-03-08-at-08.23.08-3-225x300.jpeg 225w, https:\/\/serveiseducatius.xtec.cat\/vallesoriental4\/wp-content\/uploads\/usu1133\/2024\/03\/WhatsApp-Image-2024-03-08-at-08.23.08-3-768x1024.jpeg 768w, https:\/\/serveiseducatius.xtec.cat\/vallesoriental4\/wp-content\/uploads\/usu1133\/2024\/03\/WhatsApp-Image-2024-03-08-at-08.23.08-3-1152x1536.jpeg 1152w, https:\/\/serveiseducatius.xtec.cat\/vallesoriental4\/wp-content\/uploads\/usu1133\/2024\/03\/WhatsApp-Image-2024-03-08-at-08.23.08-3.jpeg 1200w\" sizes=\"auto, (max-width: 225px) 100vw, 225px\" \/><\/a>\n\t\t\t<\/div><\/figure><figure class='gallery-item'>\n\t\t\t<div class='gallery-icon portrait'>\n\t\t\t\t<a href='https:\/\/serveiseducatius.xtec.cat\/vallesoriental4\/general\/la-magia-de-can-butjosa-ens-atrapa-a-la-5a-sessio-del-seminari-de-biblioteques\/attachment\/whatsapp-image-2024-03-08-at-08-23-48\/'><img loading=\"lazy\" decoding=\"async\" width=\"169\" height=\"300\" src=\"https:\/\/serveiseducatius.xtec.cat\/vallesoriental4\/wp-content\/uploads\/usu1133\/2024\/03\/WhatsApp-Image-2024-03-08-at-08.23.48-169x300.jpeg\" class=\"attachment-medium size-medium\" alt=\"\" srcset=\"https:\/\/serveiseducatius.xtec.cat\/vallesoriental4\/wp-content\/uploads\/usu1133\/2024\/03\/WhatsApp-Image-2024-03-08-at-08.23.48-169x300.jpeg 169w, https:\/\/serveiseducatius.xtec.cat\/vallesoriental4\/wp-content\/uploads\/usu1133\/2024\/03\/WhatsApp-Image-2024-03-08-at-08.23.48-576x1024.jpeg 576w, https:\/\/serveiseducatius.xtec.cat\/vallesoriental4\/wp-content\/uploads\/usu1133\/2024\/03\/WhatsApp-Image-2024-03-08-at-08.23.48-768x1366.jpeg 768w, https:\/\/serveiseducatius.xtec.cat\/vallesoriental4\/wp-content\/uploads\/usu1133\/2024\/03\/WhatsApp-Image-2024-03-08-at-08.23.48-864x1536.jpeg 864w, https:\/\/serveiseducatius.xtec.cat\/vallesoriental4\/wp-content\/uploads\/usu1133\/2024\/03\/WhatsApp-Image-2024-03-08-at-08.23.48.jpeg 899w\" sizes=\"auto, (max-width: 169px) 100vw, 169px\" \/><\/a>\n\t\t\t<\/div><\/figure><figure class='gallery-item'>\n\t\t\t<div class='gallery-icon landscape'>\n\t\t\t\t<a href='https:\/\/serveiseducatius.xtec.cat\/vallesoriental4\/general\/la-magia-de-can-butjosa-ens-atrapa-a-la-5a-sessio-del-seminari-de-biblioteques\/attachment\/whatsapp-image-2024-03-08-at-08-23-48-2\/'><img loading=\"lazy\" decoding=\"async\" width=\"300\" height=\"285\" src=\"https:\/\/serveiseducatius.xtec.cat\/vallesoriental4\/wp-content\/uploads\/usu1133\/2024\/03\/WhatsApp-Image-2024-03-08-at-08.23.48-2-300x285.jpeg\" class=\"attachment-medium size-medium\" alt=\"\" srcset=\"https:\/\/serveiseducatius.xtec.cat\/vallesoriental4\/wp-content\/uploads\/usu1133\/2024\/03\/WhatsApp-Image-2024-03-08-at-08.23.48-2-300x285.jpeg 300w, https:\/\/serveiseducatius.xtec.cat\/vallesoriental4\/wp-content\/uploads\/usu1133\/2024\/03\/WhatsApp-Image-2024-03-08-at-08.23.48-2-1024x972.jpeg 1024w, https:\/\/serveiseducatius.xtec.cat\/vallesoriental4\/wp-content\/uploads\/usu1133\/2024\/03\/WhatsApp-Image-2024-03-08-at-08.23.48-2-768x729.jpeg 768w, https:\/\/serveiseducatius.xtec.cat\/vallesoriental4\/wp-content\/uploads\/usu1133\/2024\/03\/WhatsApp-Image-2024-03-08-at-08.23.48-2-1536x1457.jpeg 1536w, https:\/\/serveiseducatius.xtec.cat\/vallesoriental4\/wp-content\/uploads\/usu1133\/2024\/03\/WhatsApp-Image-2024-03-08-at-08.23.48-2.jpeg 2048w\" sizes=\"auto, (max-width: 300px) 100vw, 300px\" \/><\/a>\n\t\t\t<\/div><\/figure><figure class='gallery-item'>\n\t\t\t<div class='gallery-icon portrait'>\n\t\t\t\t<a href='https:\/\/serveiseducatius.xtec.cat\/vallesoriental4\/general\/la-magia-de-can-butjosa-ens-atrapa-a-la-5a-sessio-del-seminari-de-biblioteques\/attachment\/whatsapp-image-2024-03-08-at-08-23-48-3\/'><img loading=\"lazy\" decoding=\"async\" width=\"225\" height=\"300\" src=\"https:\/\/serveiseducatius.xtec.cat\/vallesoriental4\/wp-content\/uploads\/usu1133\/2024\/03\/WhatsApp-Image-2024-03-08-at-08.23.48-3-225x300.jpeg\" class=\"attachment-medium size-medium\" alt=\"\" srcset=\"https:\/\/serveiseducatius.xtec.cat\/vallesoriental4\/wp-content\/uploads\/usu1133\/2024\/03\/WhatsApp-Image-2024-03-08-at-08.23.48-3-225x300.jpeg 225w, https:\/\/serveiseducatius.xtec.cat\/vallesoriental4\/wp-content\/uploads\/usu1133\/2024\/03\/WhatsApp-Image-2024-03-08-at-08.23.48-3-768x1024.jpeg 768w, https:\/\/serveiseducatius.xtec.cat\/vallesoriental4\/wp-content\/uploads\/usu1133\/2024\/03\/WhatsApp-Image-2024-03-08-at-08.23.48-3-1152x1536.jpeg 1152w, https:\/\/serveiseducatius.xtec.cat\/vallesoriental4\/wp-content\/uploads\/usu1133\/2024\/03\/WhatsApp-Image-2024-03-08-at-08.23.48-3.jpeg 1530w\" sizes=\"auto, (max-width: 225px) 100vw, 225px\" \/><\/a>\n\t\t\t<\/div><\/figure>\n\t\t<\/div>\n\n","protected":false},"excerpt":{"rendered":"<p>Dimecres 6 de mar\u00e7 la biblioteca de Can Butjosa, a Parets del Vall\u00e8s, va esdevenir un oasi de desconnexi\u00f3 per a les assistents del seminari de biblioteques. Despr\u00e9s de creuar una sala plena de llibres i fantasia, vam seure a una sala reservada on la S\u00f2nia, la directora, va explicar-nos molt did\u00e0cticament a qu\u00e8 es [&hellip;]<\/p>\n","protected":false},"author":1,"featured_media":21595,"comment_status":"open","ping_status":"closed","sticky":false,"template":"","format":"standard","meta":{"_bbp_topic_count":0,"_bbp_reply_count":0,"_bbp_total_topic_count":0,"_bbp_total_reply_count":0,"_bbp_voice_count":0,"_bbp_anonymous_reply_count":0,"_bbp_topic_count_hidden":0,"_bbp_reply_count_hidden":0,"_bbp_forum_subforum_count":0,"site-sidebar-layout":"default","site-content-layout":"","ast-site-content-layout":"","site-content-style":"default","site-sidebar-style":"default","ast-global-header-display":"","ast-banner-title-visibility":"","ast-main-header-display":"","ast-hfb-above-header-display":"","ast-hfb-below-header-display":"","ast-hfb-mobile-header-display":"","site-post-title":"","ast-breadcrumbs-content":"","ast-featured-img":"","footer-sml-layout":"","theme-transparent-header-meta":"","adv-header-id-meta":"","stick-header-meta":"","header-above-stick-meta":"","header-main-stick-meta":"","header-below-stick-meta":"","astra-migrate-meta-layouts":"default","ast-page-background-enabled":"default","ast-page-background-meta":{"desktop":{"background-color":"var(--ast-global-color-4)","background-image":"","background-repeat":"repeat","background-position":"center center","background-size":"auto","background-attachment":"scroll","background-type":"","background-media":"","overlay-type":"","overlay-color":"","overlay-opacity":"","overlay-gradient":""},"tablet":{"background-color":"","background-image":"","background-repeat":"repeat","background-position":"center center","background-size":"auto","background-attachment":"scroll","background-type":"","background-media":"","overlay-type":"","overlay-color":"","overlay-opacity":"","overlay-gradient":""},"mobile":{"background-color":"","background-image":"","background-repeat":"repeat","background-position":"center center","background-size":"auto","background-attachment":"scroll","background-type":"","background-media":"","overlay-type":"","overlay-color":"","overlay-opacity":"","overlay-gradient":""}},"ast-content-background-meta":{"desktop":{"background-color":"var(--ast-global-color-5)","background-image":"","background-repeat":"repeat","background-position":"center center","background-size":"auto","background-attachment":"scroll","background-type":"","background-media":"","overlay-type":"","overlay-color":"","overlay-opacity":"","overlay-gradient":""},"tablet":{"background-color":"var(--ast-global-color-5)","background-image":"","background-repeat":"repeat","background-position":"center center","background-size":"auto","background-attachment":"scroll","background-type":"","background-media":"","overlay-type":"","overlay-color":"","overlay-opacity":"","overlay-gradient":""},"mobile":{"background-color":"var(--ast-global-color-5)","background-image":"","background-repeat":"repeat","background-position":"center center","background-size":"auto","background-attachment":"scroll","background-type":"","background-media":"","overlay-type":"","overlay-color":"","overlay-opacity":"","overlay-gradient":""}},"footnotes":""},"categories":[81,1,281,29,808],"tags":[],"class_list":["post-21591","post","type-post","status-publish","format-standard","has-post-thumbnail","hentry","category-biblioteca-escolar","category-general","category-inici","category-portada","category-seminari-biblioteques-escolars"],"post_mailing_queue_ids":[],"_links":{"self":[{"href":"https:\/\/serveiseducatius.xtec.cat\/vallesoriental4\/wp-json\/wp\/v2\/posts\/21591","targetHints":{"allow":["GET"]}}],"collection":[{"href":"https:\/\/serveiseducatius.xtec.cat\/vallesoriental4\/wp-json\/wp\/v2\/posts"}],"about":[{"href":"https:\/\/serveiseducatius.xtec.cat\/vallesoriental4\/wp-json\/wp\/v2\/types\/post"}],"author":[{"embeddable":true,"href":"https:\/\/serveiseducatius.xtec.cat\/vallesoriental4\/wp-json\/wp\/v2\/users\/1"}],"replies":[{"embeddable":true,"href":"https:\/\/serveiseducatius.xtec.cat\/vallesoriental4\/wp-json\/wp\/v2\/comments?post=21591"}],"version-history":[{"count":1,"href":"https:\/\/serveiseducatius.xtec.cat\/vallesoriental4\/wp-json\/wp\/v2\/posts\/21591\/revisions"}],"predecessor-version":[{"id":21598,"href":"https:\/\/serveiseducatius.xtec.cat\/vallesoriental4\/wp-json\/wp\/v2\/posts\/21591\/revisions\/21598"}],"wp:featuredmedia":[{"embeddable":true,"href":"https:\/\/serveiseducatius.xtec.cat\/vallesoriental4\/wp-json\/wp\/v2\/media\/21595"}],"wp:attachment":[{"href":"https:\/\/serveiseducatius.xtec.cat\/vallesoriental4\/wp-json\/wp\/v2\/media?parent=21591"}],"wp:term":[{"taxonomy":"category","embeddable":true,"href":"https:\/\/serveiseducatius.xtec.cat\/vallesoriental4\/wp-json\/wp\/v2\/categories?post=21591"},{"taxonomy":"post_tag","embeddable":true,"href":"https:\/\/serveiseducatius.xtec.cat\/vallesoriental4\/wp-json\/wp\/v2\/tags?post=21591"}],"curies":[{"name":"wp","href":"https:\/\/api.w.org\/{rel}","templated":true}]}}