{"id":21581,"date":"2024-03-08T08:43:38","date_gmt":"2024-03-08T07:43:38","guid":{"rendered":"https:\/\/serveiseducatius.xtec.cat\/vallesoriental4\/?p=21581"},"modified":"2024-03-08T08:43:38","modified_gmt":"2024-03-08T07:43:38","slug":"visita-a-la-cuna-i-la-seva-llum-a-la-5a-sessio-descoles-bressol","status":"publish","type":"post","link":"https:\/\/serveiseducatius.xtec.cat\/vallesoriental4\/general\/visita-a-la-cuna-i-la-seva-llum-a-la-5a-sessio-descoles-bressol\/","title":{"rendered":"Visita a &#8220;La Cuna&#8221; i la seva llum, a la 5a sessi\u00f3 d&#8217;Escoles Bressol"},"content":{"rendered":"<p>El passat dimecres 6 de mar\u00e7, amb les coordinadores d&#8217;Escoles Bressol de la comarca vam visitar La Cuna, a Parets del Vall\u00e8s. La Montse ens va obrir amablement les portes d&#8217;un edifici que va ser constru\u00eft el 1949 per acollir els infants de les dones que treballaven a una antiga f\u00e0brica t\u00e8xtil del costat. El 1989<span style=\"font-weight: 400;\"> es va obrir l\u2019escola bressol, es va mantenir l\u2019edifici i se&#8217;n va fer una ampliaci\u00f3. Malgrat aix\u00f2, l<\/span><span style=\"font-weight: 400;\">es instal\u00b7lacions dificultaven el desenvolupament natural d\u2019una escola bressol i es van fer algunes reformes: es van tallar els mobles de construcci\u00f3, es van ampliar finestres i es va condicionar en la mesura que es va poder.\u00a0<\/span><\/p>\n<p>\u00c9s una escola que cuida molt els detalls, molt acollidora i amb una llum natural que li dona molta vida a l&#8217;espai. Vam agafar idees, vam parlar q\u00fcestions m\u00e9s formals i burocr\u00e0tiques, vam compartir sensacions i emocions, i vam marxar d&#8217;all\u00e0 m\u00e9s que agra\u00efdes. Pr\u00f2xima parada&#8230; La Lluna!<\/p>\n<div id='gallery-1' class='gallery galleryid-21581 gallery-columns-3 gallery-size-medium'><figure class='gallery-item'>\n\t\t\t<div class='gallery-icon landscape'>\n\t\t\t\t<a href='https:\/\/serveiseducatius.xtec.cat\/vallesoriental4\/general\/visita-a-la-cuna-i-la-seva-llum-a-la-5a-sessio-descoles-bressol\/attachment\/whatsapp-image-2024-03-08-at-08-23-08\/'><img loading=\"lazy\" decoding=\"async\" width=\"300\" height=\"225\" src=\"https:\/\/serveiseducatius.xtec.cat\/vallesoriental4\/wp-content\/uploads\/usu1133\/2024\/03\/WhatsApp-Image-2024-03-08-at-08.23.08-300x225.jpeg\" class=\"attachment-medium size-medium\" alt=\"\" srcset=\"https:\/\/serveiseducatius.xtec.cat\/vallesoriental4\/wp-content\/uploads\/usu1133\/2024\/03\/WhatsApp-Image-2024-03-08-at-08.23.08-300x225.jpeg 300w, https:\/\/serveiseducatius.xtec.cat\/vallesoriental4\/wp-content\/uploads\/usu1133\/2024\/03\/WhatsApp-Image-2024-03-08-at-08.23.08-1024x768.jpeg 1024w, https:\/\/serveiseducatius.xtec.cat\/vallesoriental4\/wp-content\/uploads\/usu1133\/2024\/03\/WhatsApp-Image-2024-03-08-at-08.23.08-768x576.jpeg 768w, https:\/\/serveiseducatius.xtec.cat\/vallesoriental4\/wp-content\/uploads\/usu1133\/2024\/03\/WhatsApp-Image-2024-03-08-at-08.23.08-1536x1152.jpeg 1536w, https:\/\/serveiseducatius.xtec.cat\/vallesoriental4\/wp-content\/uploads\/usu1133\/2024\/03\/WhatsApp-Image-2024-03-08-at-08.23.08-200x150.jpeg 200w, https:\/\/serveiseducatius.xtec.cat\/vallesoriental4\/wp-content\/uploads\/usu1133\/2024\/03\/WhatsApp-Image-2024-03-08-at-08.23.08.jpeg 1600w\" sizes=\"auto, (max-width: 300px) 100vw, 300px\" \/><\/a>\n\t\t\t<\/div><\/figure><figure class='gallery-item'>\n\t\t\t<div class='gallery-icon portrait'>\n\t\t\t\t<a href='https:\/\/serveiseducatius.xtec.cat\/vallesoriental4\/general\/visita-a-la-cuna-i-la-seva-llum-a-la-5a-sessio-descoles-bressol\/attachment\/whatsapp-image-2024-03-08-at-08-23-08-1\/'><img loading=\"lazy\" decoding=\"async\" width=\"225\" height=\"300\" src=\"https:\/\/serveiseducatius.xtec.cat\/vallesoriental4\/wp-content\/uploads\/usu1133\/2024\/03\/WhatsApp-Image-2024-03-08-at-08.23.08-1-225x300.jpeg\" class=\"attachment-medium size-medium\" alt=\"\" srcset=\"https:\/\/serveiseducatius.xtec.cat\/vallesoriental4\/wp-content\/uploads\/usu1133\/2024\/03\/WhatsApp-Image-2024-03-08-at-08.23.08-1-225x300.jpeg 225w, https:\/\/serveiseducatius.xtec.cat\/vallesoriental4\/wp-content\/uploads\/usu1133\/2024\/03\/WhatsApp-Image-2024-03-08-at-08.23.08-1-768x1024.jpeg 768w, https:\/\/serveiseducatius.xtec.cat\/vallesoriental4\/wp-content\/uploads\/usu1133\/2024\/03\/WhatsApp-Image-2024-03-08-at-08.23.08-1-1152x1536.jpeg 1152w, https:\/\/serveiseducatius.xtec.cat\/vallesoriental4\/wp-content\/uploads\/usu1133\/2024\/03\/WhatsApp-Image-2024-03-08-at-08.23.08-1.jpeg 1200w\" sizes=\"auto, (max-width: 225px) 100vw, 225px\" \/><\/a>\n\t\t\t<\/div><\/figure><figure class='gallery-item'>\n\t\t\t<div class='gallery-icon landscape'>\n\t\t\t\t<a href='https:\/\/serveiseducatius.xtec.cat\/vallesoriental4\/general\/visita-a-la-cuna-i-la-seva-llum-a-la-5a-sessio-descoles-bressol\/attachment\/whatsapp-image-2024-03-08-at-08-23-07\/'><img loading=\"lazy\" decoding=\"async\" width=\"300\" height=\"225\" src=\"https:\/\/serveiseducatius.xtec.cat\/vallesoriental4\/wp-content\/uploads\/usu1133\/2024\/03\/WhatsApp-Image-2024-03-08-at-08.23.07-300x225.jpeg\" class=\"attachment-medium size-medium\" alt=\"\" srcset=\"https:\/\/serveiseducatius.xtec.cat\/vallesoriental4\/wp-content\/uploads\/usu1133\/2024\/03\/WhatsApp-Image-2024-03-08-at-08.23.07-300x225.jpeg 300w, https:\/\/serveiseducatius.xtec.cat\/vallesoriental4\/wp-content\/uploads\/usu1133\/2024\/03\/WhatsApp-Image-2024-03-08-at-08.23.07-1024x768.jpeg 1024w, https:\/\/serveiseducatius.xtec.cat\/vallesoriental4\/wp-content\/uploads\/usu1133\/2024\/03\/WhatsApp-Image-2024-03-08-at-08.23.07-768x576.jpeg 768w, https:\/\/serveiseducatius.xtec.cat\/vallesoriental4\/wp-content\/uploads\/usu1133\/2024\/03\/WhatsApp-Image-2024-03-08-at-08.23.07-1536x1152.jpeg 1536w, https:\/\/serveiseducatius.xtec.cat\/vallesoriental4\/wp-content\/uploads\/usu1133\/2024\/03\/WhatsApp-Image-2024-03-08-at-08.23.07-200x150.jpeg 200w, https:\/\/serveiseducatius.xtec.cat\/vallesoriental4\/wp-content\/uploads\/usu1133\/2024\/03\/WhatsApp-Image-2024-03-08-at-08.23.07.jpeg 1600w\" sizes=\"auto, (max-width: 300px) 100vw, 300px\" \/><\/a>\n\t\t\t<\/div><\/figure><figure class='gallery-item'>\n\t\t\t<div class='gallery-icon portrait'>\n\t\t\t\t<a href='https:\/\/serveiseducatius.xtec.cat\/vallesoriental4\/general\/visita-a-la-cuna-i-la-seva-llum-a-la-5a-sessio-descoles-bressol\/attachment\/whatsapp-image-2024-03-08-at-08-23-07-1\/'><img loading=\"lazy\" decoding=\"async\" width=\"225\" height=\"300\" src=\"https:\/\/serveiseducatius.xtec.cat\/vallesoriental4\/wp-content\/uploads\/usu1133\/2024\/03\/WhatsApp-Image-2024-03-08-at-08.23.07-1-225x300.jpeg\" class=\"attachment-medium size-medium\" alt=\"\" srcset=\"https:\/\/serveiseducatius.xtec.cat\/vallesoriental4\/wp-content\/uploads\/usu1133\/2024\/03\/WhatsApp-Image-2024-03-08-at-08.23.07-1-225x300.jpeg 225w, https:\/\/serveiseducatius.xtec.cat\/vallesoriental4\/wp-content\/uploads\/usu1133\/2024\/03\/WhatsApp-Image-2024-03-08-at-08.23.07-1-768x1024.jpeg 768w, https:\/\/serveiseducatius.xtec.cat\/vallesoriental4\/wp-content\/uploads\/usu1133\/2024\/03\/WhatsApp-Image-2024-03-08-at-08.23.07-1-1152x1536.jpeg 1152w, https:\/\/serveiseducatius.xtec.cat\/vallesoriental4\/wp-content\/uploads\/usu1133\/2024\/03\/WhatsApp-Image-2024-03-08-at-08.23.07-1.jpeg 1200w\" sizes=\"auto, (max-width: 225px) 100vw, 225px\" \/><\/a>\n\t\t\t<\/div><\/figure><figure class='gallery-item'>\n\t\t\t<div class='gallery-icon portrait'>\n\t\t\t\t<a href='https:\/\/serveiseducatius.xtec.cat\/vallesoriental4\/general\/visita-a-la-cuna-i-la-seva-llum-a-la-5a-sessio-descoles-bressol\/attachment\/whatsapp-image-2024-03-08-at-08-23-06-1\/'><img loading=\"lazy\" decoding=\"async\" width=\"225\" height=\"300\" src=\"https:\/\/serveiseducatius.xtec.cat\/vallesoriental4\/wp-content\/uploads\/usu1133\/2024\/03\/WhatsApp-Image-2024-03-08-at-08.23.06-1-225x300.jpeg\" class=\"attachment-medium size-medium\" alt=\"\" srcset=\"https:\/\/serveiseducatius.xtec.cat\/vallesoriental4\/wp-content\/uploads\/usu1133\/2024\/03\/WhatsApp-Image-2024-03-08-at-08.23.06-1-225x300.jpeg 225w, https:\/\/serveiseducatius.xtec.cat\/vallesoriental4\/wp-content\/uploads\/usu1133\/2024\/03\/WhatsApp-Image-2024-03-08-at-08.23.06-1-768x1024.jpeg 768w, https:\/\/serveiseducatius.xtec.cat\/vallesoriental4\/wp-content\/uploads\/usu1133\/2024\/03\/WhatsApp-Image-2024-03-08-at-08.23.06-1-1152x1536.jpeg 1152w, https:\/\/serveiseducatius.xtec.cat\/vallesoriental4\/wp-content\/uploads\/usu1133\/2024\/03\/WhatsApp-Image-2024-03-08-at-08.23.06-1.jpeg 1200w\" sizes=\"auto, (max-width: 225px) 100vw, 225px\" \/><\/a>\n\t\t\t<\/div><\/figure><figure class='gallery-item'>\n\t\t\t<div class='gallery-icon portrait'>\n\t\t\t\t<a href='https:\/\/serveiseducatius.xtec.cat\/vallesoriental4\/general\/visita-a-la-cuna-i-la-seva-llum-a-la-5a-sessio-descoles-bressol\/attachment\/whatsapp-image-2024-03-08-at-08-23-06\/'><img loading=\"lazy\" decoding=\"async\" width=\"225\" height=\"300\" src=\"https:\/\/serveiseducatius.xtec.cat\/vallesoriental4\/wp-content\/uploads\/usu1133\/2024\/03\/WhatsApp-Image-2024-03-08-at-08.23.06-225x300.jpeg\" class=\"attachment-medium size-medium\" alt=\"\" srcset=\"https:\/\/serveiseducatius.xtec.cat\/vallesoriental4\/wp-content\/uploads\/usu1133\/2024\/03\/WhatsApp-Image-2024-03-08-at-08.23.06-225x300.jpeg 225w, https:\/\/serveiseducatius.xtec.cat\/vallesoriental4\/wp-content\/uploads\/usu1133\/2024\/03\/WhatsApp-Image-2024-03-08-at-08.23.06-768x1024.jpeg 768w, https:\/\/serveiseducatius.xtec.cat\/vallesoriental4\/wp-content\/uploads\/usu1133\/2024\/03\/WhatsApp-Image-2024-03-08-at-08.23.06-1152x1536.jpeg 1152w, https:\/\/serveiseducatius.xtec.cat\/vallesoriental4\/wp-content\/uploads\/usu1133\/2024\/03\/WhatsApp-Image-2024-03-08-at-08.23.06.jpeg 1200w\" sizes=\"auto, (max-width: 225px) 100vw, 225px\" \/><\/a>\n\t\t\t<\/div><\/figure>\n\t\t<\/div>\n\n","protected":false},"excerpt":{"rendered":"<p>El passat dimecres 6 de mar\u00e7, amb les coordinadores d&#8217;Escoles Bressol de la comarca vam visitar La Cuna, a Parets del Vall\u00e8s. La Montse ens va obrir amablement les portes d&#8217;un edifici que va ser constru\u00eft el 1949 per acollir els infants de les dones que treballaven a una antiga f\u00e0brica t\u00e8xtil del costat. El [&hellip;]<\/p>\n","protected":false},"author":1,"featured_media":21589,"comment_status":"open","ping_status":"closed","sticky":false,"template":"","format":"standard","meta":{"_bbp_topic_count":0,"_bbp_reply_count":0,"_bbp_total_topic_count":0,"_bbp_total_reply_count":0,"_bbp_voice_count":0,"_bbp_anonymous_reply_count":0,"_bbp_topic_count_hidden":0,"_bbp_reply_count_hidden":0,"_bbp_forum_subforum_count":0,"site-sidebar-layout":"default","site-content-layout":"","ast-site-content-layout":"","site-content-style":"default","site-sidebar-style":"default","ast-global-header-display":"","ast-banner-title-visibility":"","ast-main-header-display":"","ast-hfb-above-header-display":"","ast-hfb-below-header-display":"","ast-hfb-mobile-header-display":"","site-post-title":"","ast-breadcrumbs-content":"","ast-featured-img":"","footer-sml-layout":"","theme-transparent-header-meta":"","adv-header-id-meta":"","stick-header-meta":"","header-above-stick-meta":"","header-main-stick-meta":"","header-below-stick-meta":"","astra-migrate-meta-layouts":"default","ast-page-background-enabled":"default","ast-page-background-meta":{"desktop":{"background-color":"var(--ast-global-color-4)","background-image":"","background-repeat":"repeat","background-position":"center center","background-size":"auto","background-attachment":"scroll","background-type":"","background-media":"","overlay-type":"","overlay-color":"","overlay-opacity":"","overlay-gradient":""},"tablet":{"background-color":"","background-image":"","background-repeat":"repeat","background-position":"center center","background-size":"auto","background-attachment":"scroll","background-type":"","background-media":"","overlay-type":"","overlay-color":"","overlay-opacity":"","overlay-gradient":""},"mobile":{"background-color":"","background-image":"","background-repeat":"repeat","background-position":"center center","background-size":"auto","background-attachment":"scroll","background-type":"","background-media":"","overlay-type":"","overlay-color":"","overlay-opacity":"","overlay-gradient":""}},"ast-content-background-meta":{"desktop":{"background-color":"var(--ast-global-color-5)","background-image":"","background-repeat":"repeat","background-position":"center center","background-size":"auto","background-attachment":"scroll","background-type":"","background-media":"","overlay-type":"","overlay-color":"","overlay-opacity":"","overlay-gradient":""},"tablet":{"background-color":"var(--ast-global-color-5)","background-image":"","background-repeat":"repeat","background-position":"center center","background-size":"auto","background-attachment":"scroll","background-type":"","background-media":"","overlay-type":"","overlay-color":"","overlay-opacity":"","overlay-gradient":""},"mobile":{"background-color":"var(--ast-global-color-5)","background-image":"","background-repeat":"repeat","background-position":"center center","background-size":"auto","background-attachment":"scroll","background-type":"","background-media":"","overlay-type":"","overlay-color":"","overlay-opacity":"","overlay-gradient":""}},"footnotes":""},"categories":[1,281,29,824],"tags":[],"class_list":["post-21581","post","type-post","status-publish","format-standard","has-post-thumbnail","hentry","category-general","category-inici","category-portada","category-seminaris-dequips-directius"],"post_mailing_queue_ids":[],"_links":{"self":[{"href":"https:\/\/serveiseducatius.xtec.cat\/vallesoriental4\/wp-json\/wp\/v2\/posts\/21581","targetHints":{"allow":["GET"]}}],"collection":[{"href":"https:\/\/serveiseducatius.xtec.cat\/vallesoriental4\/wp-json\/wp\/v2\/posts"}],"about":[{"href":"https:\/\/serveiseducatius.xtec.cat\/vallesoriental4\/wp-json\/wp\/v2\/types\/post"}],"author":[{"embeddable":true,"href":"https:\/\/serveiseducatius.xtec.cat\/vallesoriental4\/wp-json\/wp\/v2\/users\/1"}],"replies":[{"embeddable":true,"href":"https:\/\/serveiseducatius.xtec.cat\/vallesoriental4\/wp-json\/wp\/v2\/comments?post=21581"}],"version-history":[{"count":1,"href":"https:\/\/serveiseducatius.xtec.cat\/vallesoriental4\/wp-json\/wp\/v2\/posts\/21581\/revisions"}],"predecessor-version":[{"id":21590,"href":"https:\/\/serveiseducatius.xtec.cat\/vallesoriental4\/wp-json\/wp\/v2\/posts\/21581\/revisions\/21590"}],"wp:featuredmedia":[{"embeddable":true,"href":"https:\/\/serveiseducatius.xtec.cat\/vallesoriental4\/wp-json\/wp\/v2\/media\/21589"}],"wp:attachment":[{"href":"https:\/\/serveiseducatius.xtec.cat\/vallesoriental4\/wp-json\/wp\/v2\/media?parent=21581"}],"wp:term":[{"taxonomy":"category","embeddable":true,"href":"https:\/\/serveiseducatius.xtec.cat\/vallesoriental4\/wp-json\/wp\/v2\/categories?post=21581"},{"taxonomy":"post_tag","embeddable":true,"href":"https:\/\/serveiseducatius.xtec.cat\/vallesoriental4\/wp-json\/wp\/v2\/tags?post=21581"}],"curies":[{"name":"wp","href":"https:\/\/api.w.org\/{rel}","templated":true}]}}