{"id":21411,"date":"2024-02-06T11:06:07","date_gmt":"2024-02-06T10:06:07","guid":{"rendered":"https:\/\/serveiseducatius.xtec.cat\/vallesoriental4\/?p=21411"},"modified":"2024-02-06T11:06:07","modified_gmt":"2024-02-06T10:06:07","slug":"convocat-el-xix-premi-recerca-per-a-la-pau-de-la-universitat-de-barcelona","status":"publish","type":"post","link":"https:\/\/serveiseducatius.xtec.cat\/vallesoriental4\/general\/convocat-el-xix-premi-recerca-per-a-la-pau-de-la-universitat-de-barcelona\/","title":{"rendered":"Convocat el XIX Premi Recerca per a la Pau de la Universitat de Barcelona"},"content":{"rendered":"<p><img loading=\"lazy\" decoding=\"async\" class=\"size-medium wp-image-21412 alignleft\" src=\"https:\/\/serveiseducatius.xtec.cat\/vallesoriental4\/wp-content\/uploads\/usu1133\/2024\/02\/unnamed-300x300.png\" alt=\"\" width=\"300\" height=\"300\" srcset=\"https:\/\/serveiseducatius.xtec.cat\/vallesoriental4\/wp-content\/uploads\/usu1133\/2024\/02\/unnamed-300x300.png 300w, https:\/\/serveiseducatius.xtec.cat\/vallesoriental4\/wp-content\/uploads\/usu1133\/2024\/02\/unnamed-150x150.png 150w, https:\/\/serveiseducatius.xtec.cat\/vallesoriental4\/wp-content\/uploads\/usu1133\/2024\/02\/unnamed.png 570w\" sizes=\"auto, (max-width: 300px) 100vw, 300px\" \/><\/p>\n<p>&nbsp;<\/p>\n<p>Fins al 22 de mar\u00e7 de 2024, s\u2019hi poden presentar <strong>treballs de recerca de batxillerat que tractin alguna q\u00fcesti\u00f3 relacionada amb la cultura de pau.<\/strong><\/p>\n<p>La Fundaci\u00f3 Solidaritat de la Universitat de Barcelona, en col\u00b7laboraci\u00f3 amb l\u2019Institut de Desenvolupament Professional (IDP-ICE), convoca la dinovena edici\u00f3 del\u00a0<a title=\"XIX Premi de Recerca per a la Pau\" href=\"https:\/\/mlists.pangea.org\/links\/zKEsmxakJx\/qdwh_vv2T\/l_SFSERrMI\/gFotPjZLOR\" target=\"_blank\" rel=\"noopener noreferrer\" data-saferedirecturl=\"https:\/\/www.google.com\/url?q=https:\/\/mlists.pangea.org\/links\/zKEsmxakJx\/qdwh_vv2T\/l_SFSERrMI\/gFotPjZLOR&amp;source=gmail&amp;ust=1707293627853000&amp;usg=AOvVaw27KYKr-NU4HC8C9B5Q9Kbm\"><strong>Premi de Recerca per a la Pau<\/strong><\/a>, a qu\u00e8 es poden presentar\u00a0<strong>treballs de recerca de batxillerat<\/strong>\u00a0que hagin fet estudiants matriculats als centres educatius catalans durant el curs 2023-2024 i\u00a0<strong>que tractin alguna q\u00fcesti\u00f3 relacionada amb la cultura de pau<\/strong>.<\/p>\n<p>Entre les diverses tem\u00e0tiques vinculades a aquest \u00e0mbit hi ha la sostenibilitat, la protecci\u00f3 i defensa dels drets humans, la participaci\u00f3 ciutadana, la solidaritat internacional, l\u2019economia solid\u00e0ria, les iniciatives per la just\u00edcia social i global, els conflictes o la interculturalitat.<\/p>\n<table role=\"presentation\" border=\"0\" cellspacing=\"0\" cellpadding=\"12\" align=\"center\">\n<tbody>\n<tr>\n<td align=\"center\" valign=\"middle\" bgcolor=\"7986bb\" width=\"auto\">\n<h4><a href=\"https:\/\/mlists.pangea.org\/links\/zKEsmxakJx\/qdwh_vv2T\/l_SFSERrMI\/aYosVmpsFn\" target=\"_blank\" rel=\"noopener\" data-saferedirecturl=\"https:\/\/www.google.com\/url?q=https:\/\/mlists.pangea.org\/links\/zKEsmxakJx\/qdwh_vv2T\/l_SFSERrMI\/aYosVmpsFn&amp;source=gmail&amp;ust=1707293627853000&amp;usg=AOvVaw2S-Ki8Gl4LFXvvKnDfqjRC\"><strong><span style=\"color: #000000;\">Bases de la convocat\u00f2ria<\/span><\/strong><\/a><\/h4>\n<\/td>\n<\/tr>\n<\/tbody>\n<\/table>\n<p>&nbsp;<\/p>\n<p>M\u00e9s informaci\u00f3 a\u00a0<a href=\"https:\/\/www.solidaritat.ub.edu\/premi-recerca-pau-2024\/\">la web.<\/a><\/p>\n<p><img decoding=\"async\" src=\"https:\/\/www.solidaritat.ub.edu\/wp-content\/uploads\/2016\/09\/Solidaritat-UB-logotip.png\" alt=\"Fundaci\u00f3 Solidaritat Universitat de Barcelona\" \/><\/p>\n","protected":false},"excerpt":{"rendered":"<p>&nbsp; Fins al 22 de mar\u00e7 de 2024, s\u2019hi poden presentar treballs de recerca de batxillerat que tractin alguna q\u00fcesti\u00f3 relacionada amb la cultura de pau. La Fundaci\u00f3 Solidaritat de la Universitat de Barcelona, en col\u00b7laboraci\u00f3 amb l\u2019Institut de Desenvolupament Professional (IDP-ICE), convoca la dinovena edici\u00f3 del\u00a0Premi de Recerca per a la Pau, a qu\u00e8 [&hellip;]<\/p>\n","protected":false},"author":1,"featured_media":21412,"comment_status":"open","ping_status":"closed","sticky":false,"template":"","format":"standard","meta":{"_bbp_topic_count":0,"_bbp_reply_count":0,"_bbp_total_topic_count":0,"_bbp_total_reply_count":0,"_bbp_voice_count":0,"_bbp_anonymous_reply_count":0,"_bbp_topic_count_hidden":0,"_bbp_reply_count_hidden":0,"_bbp_forum_subforum_count":0,"site-sidebar-layout":"default","site-content-layout":"","ast-site-content-layout":"","site-content-style":"default","site-sidebar-style":"default","ast-global-header-display":"","ast-banner-title-visibility":"","ast-main-header-display":"","ast-hfb-above-header-display":"","ast-hfb-below-header-display":"","ast-hfb-mobile-header-display":"","site-post-title":"","ast-breadcrumbs-content":"","ast-featured-img":"","footer-sml-layout":"","theme-transparent-header-meta":"","adv-header-id-meta":"","stick-header-meta":"","header-above-stick-meta":"","header-main-stick-meta":"","header-below-stick-meta":"","astra-migrate-meta-layouts":"default","ast-page-background-enabled":"default","ast-page-background-meta":{"desktop":{"background-color":"var(--ast-global-color-4)","background-image":"","background-repeat":"repeat","background-position":"center center","background-size":"auto","background-attachment":"scroll","background-type":"","background-media":"","overlay-type":"","overlay-color":"","overlay-opacity":"","overlay-gradient":""},"tablet":{"background-color":"","background-image":"","background-repeat":"repeat","background-position":"center center","background-size":"auto","background-attachment":"scroll","background-type":"","background-media":"","overlay-type":"","overlay-color":"","overlay-opacity":"","overlay-gradient":""},"mobile":{"background-color":"","background-image":"","background-repeat":"repeat","background-position":"center center","background-size":"auto","background-attachment":"scroll","background-type":"","background-media":"","overlay-type":"","overlay-color":"","overlay-opacity":"","overlay-gradient":""}},"ast-content-background-meta":{"desktop":{"background-color":"var(--ast-global-color-5)","background-image":"","background-repeat":"repeat","background-position":"center center","background-size":"auto","background-attachment":"scroll","background-type":"","background-media":"","overlay-type":"","overlay-color":"","overlay-opacity":"","overlay-gradient":""},"tablet":{"background-color":"var(--ast-global-color-5)","background-image":"","background-repeat":"repeat","background-position":"center center","background-size":"auto","background-attachment":"scroll","background-type":"","background-media":"","overlay-type":"","overlay-color":"","overlay-opacity":"","overlay-gradient":""},"mobile":{"background-color":"var(--ast-global-color-5)","background-image":"","background-repeat":"repeat","background-position":"center center","background-size":"auto","background-attachment":"scroll","background-type":"","background-media":"","overlay-type":"","overlay-color":"","overlay-opacity":"","overlay-gradient":""}},"footnotes":""},"categories":[1,29],"tags":[],"class_list":["post-21411","post","type-post","status-publish","format-standard","has-post-thumbnail","hentry","category-general","category-portada"],"post_mailing_queue_ids":[],"_links":{"self":[{"href":"https:\/\/serveiseducatius.xtec.cat\/vallesoriental4\/wp-json\/wp\/v2\/posts\/21411","targetHints":{"allow":["GET"]}}],"collection":[{"href":"https:\/\/serveiseducatius.xtec.cat\/vallesoriental4\/wp-json\/wp\/v2\/posts"}],"about":[{"href":"https:\/\/serveiseducatius.xtec.cat\/vallesoriental4\/wp-json\/wp\/v2\/types\/post"}],"author":[{"embeddable":true,"href":"https:\/\/serveiseducatius.xtec.cat\/vallesoriental4\/wp-json\/wp\/v2\/users\/1"}],"replies":[{"embeddable":true,"href":"https:\/\/serveiseducatius.xtec.cat\/vallesoriental4\/wp-json\/wp\/v2\/comments?post=21411"}],"version-history":[{"count":2,"href":"https:\/\/serveiseducatius.xtec.cat\/vallesoriental4\/wp-json\/wp\/v2\/posts\/21411\/revisions"}],"predecessor-version":[{"id":21414,"href":"https:\/\/serveiseducatius.xtec.cat\/vallesoriental4\/wp-json\/wp\/v2\/posts\/21411\/revisions\/21414"}],"wp:featuredmedia":[{"embeddable":true,"href":"https:\/\/serveiseducatius.xtec.cat\/vallesoriental4\/wp-json\/wp\/v2\/media\/21412"}],"wp:attachment":[{"href":"https:\/\/serveiseducatius.xtec.cat\/vallesoriental4\/wp-json\/wp\/v2\/media?parent=21411"}],"wp:term":[{"taxonomy":"category","embeddable":true,"href":"https:\/\/serveiseducatius.xtec.cat\/vallesoriental4\/wp-json\/wp\/v2\/categories?post=21411"},{"taxonomy":"post_tag","embeddable":true,"href":"https:\/\/serveiseducatius.xtec.cat\/vallesoriental4\/wp-json\/wp\/v2\/tags?post=21411"}],"curies":[{"name":"wp","href":"https:\/\/api.w.org\/{rel}","templated":true}]}}