{"id":21322,"date":"2024-01-31T09:33:08","date_gmt":"2024-01-31T08:33:08","guid":{"rendered":"https:\/\/serveiseducatius.xtec.cat\/vallesoriental4\/?p=21322"},"modified":"2024-01-31T09:38:18","modified_gmt":"2024-01-31T08:38:18","slug":"%f0%9f%9f%a1-xx-jornada-faristol-de-critica-analisi-i-mediacio-de-la-lij-%f0%9f%93%9a%f0%9f%91%ab","status":"publish","type":"post","link":"https:\/\/serveiseducatius.xtec.cat\/vallesoriental4\/general\/%f0%9f%9f%a1-xx-jornada-faristol-de-critica-analisi-i-mediacio-de-la-lij-%f0%9f%93%9a%f0%9f%91%ab\/","title":{"rendered":"\ud83d\udfe1 XX Jornada Faristol de cr\u00edtica, an\u00e0lisi i mediaci\u00f3 de la LIJ \ud83d\udcda\ud83d\udc6b"},"content":{"rendered":"<p><img loading=\"lazy\" decoding=\"async\" class=\"alignleft\" src=\"https:\/\/ci3.googleusercontent.com\/meips\/ADKq_Nb_Rddg6XzQltCkTvQU4PCzy-DCaTT7vD-DRXrk4mU8M-1WvoP02lpsY2n9TJuv6lVB_IcEr0CiZx5YT2WBchV_4DGgS0OgZA9P6U2nkm1wFajYJ2kJoz27Qc1IhtkuVj3H6EoP5ZLaglaHwKb2uQP1AZgKS1IACtY=s0-d-e1-ft#https:\/\/mcusercontent.com\/57d5c37e4e968a84867b70545\/images\/84cc0ecc-7903-0edf-fd96-552af3878972.jpg\" width=\"87\" height=\"87\" \/><\/p>\n<h5>M\u00f3n IBBYcat<\/h5>\n<p>Cada quinze dies, us acostem tota l&#8217;actualitat<strong>\u00a0<\/strong>dels<strong>\u00a0projectes<\/strong>,<strong>\u00a0programes<\/strong>,<strong>\u00a0seleccions<\/strong>,<strong>\u00a0candidatures\u00a0<\/strong>i\u00a0<strong>altres \u00e0mbits d&#8217;acci\u00f3<\/strong>\u00a0de la nostra entitat, a trav\u00e9s dels quals treballem per preservar el\u00a0<strong>dret fonamental\u00a0<\/strong>de tots els infants i joves a\u00a0<strong>ser<\/strong>\u00a0<strong>lectors<\/strong>\u00a0i per vetllar per una\u00a0<strong>LIJ catalana\u00a0<\/strong>de la\u00a0<strong>m\u00e9s alta qualitat<\/strong>.<\/p>\n<p style=\"text-align: center;\"><strong>XX JORNADA FARISTOL<\/strong><\/p>\n<p style=\"text-align: center;\"><strong>Cr\u00edtica, an\u00e0lisi i mediaci\u00f3\u00a0LIJ<\/strong><\/p>\n<p><img loading=\"lazy\" decoding=\"async\" class=\"size-medium wp-image-21323 aligncenter\" src=\"https:\/\/serveiseducatius.xtec.cat\/vallesoriental4\/wp-content\/uploads\/usu1133\/2024\/01\/unnamed-1-300x228.png\" alt=\"\" width=\"300\" height=\"228\" srcset=\"https:\/\/serveiseducatius.xtec.cat\/vallesoriental4\/wp-content\/uploads\/usu1133\/2024\/01\/unnamed-1-300x228.png 300w, https:\/\/serveiseducatius.xtec.cat\/vallesoriental4\/wp-content\/uploads\/usu1133\/2024\/01\/unnamed-1-768x585.png 768w, https:\/\/serveiseducatius.xtec.cat\/vallesoriental4\/wp-content\/uploads\/usu1133\/2024\/01\/unnamed-1.png 956w\" sizes=\"auto, (max-width: 300px) 100vw, 300px\" \/><\/p>\n<p>Amb aquest cartell, obra de la il\u00b7lustradora <strong>Cinta Fosch<\/strong>, us anunciem el\u00a0<strong>tema de la Jornada Faristol<\/strong>\u00a0del pr\u00f2xim\u00a0<strong>24 de febrer<\/strong>, que enguany arriba a la seva\u00a0<strong>vintena edici\u00f3<\/strong>!<\/p>\n<p><strong>PENSAR LA LIJ: la mirada dels joves i dels il\u00b7lustradors<\/strong><\/p>\n<p>La jornada es desenvolupar\u00e0 al llarg de tot el\u00a0<strong>mat\u00ed de dissabte<\/strong>\u00a0a la\u00a0<strong>Biblioteca Montserrat Abell\u00f3<\/strong>, amb aquests dos col\u00b7lectius com a convidats. D&#8217;una banda, escoltarem la\u00a0<strong>veu dels joves<\/strong>\u00a0en una taula rodona moderada per l&#8217;especialista en literatura juvenil, J\u00falia Baena. I, de l&#8217;altra,\u00a0els\u00a0artistes\u00a0<strong>Pep Montserrat<\/strong>\u00a0i\u00a0<strong>Jordi Vila Delcl\u00f2s<\/strong>\u00a0conversaran sobre les difer\u00e8ncies i similituds d\u2019<strong>il\u00b7lustrar per a infants<\/strong>\u00a0o\u00a0<strong>il\u00b7lustrar per a adults<\/strong><\/p>\n<p>La Jornada Faristol ser\u00e0 un any m\u00e9s, doncs,\u00a0un\u00a0<strong>espai de trobada<\/strong>\u00a0per a\u00a0<strong>\u00abPensar la LIJ\u00bb<\/strong>.<\/p>\n<p>Consulteu el\u00a0<strong>programa<\/strong>\u00a0complet. Les\u00a0<strong>inscripcions<\/strong>\u00a0ja estan\u00a0<strong>obertes<\/strong>!<\/p>\n<p><img decoding=\"async\" class=\"an1\" src=\"https:\/\/fonts.gstatic.com\/s\/e\/notoemoji\/15.0\/1f447\/32.png\" alt=\"\ud83d\udc47\" data-emoji=\"\ud83d\udc47\" aria-label=\"\ud83d\udc47\" \/>\u200b<img decoding=\"async\" class=\"an1\" src=\"https:\/\/fonts.gstatic.com\/s\/e\/notoemoji\/15.0\/1f447\/32.png\" alt=\"\ud83d\udc47\" data-emoji=\"\ud83d\udc47\" aria-label=\"\ud83d\udc47\" \/>\u200b<img decoding=\"async\" class=\"an1\" src=\"https:\/\/fonts.gstatic.com\/s\/e\/notoemoji\/15.0\/1f447\/32.png\" alt=\"\ud83d\udc47\" data-emoji=\"\ud83d\udc47\" aria-label=\"\ud83d\udc47\" \/><\/p>\n<p><a href=\"https:\/\/ibbycat.us18.list-manage.com\/track\/click?u=57d5c37e4e968a84867b70545&amp;id=c8d192597b&amp;e=b5322266cb\" target=\"_blank\" rel=\"noopener\" data-saferedirecturl=\"https:\/\/www.google.com\/url?q=https:\/\/ibbycat.us18.list-manage.com\/track\/click?u%3D57d5c37e4e968a84867b70545%26id%3Dc8d192597b%26e%3Db5322266cb&amp;source=gmail&amp;ust=1706775375710000&amp;usg=AOvVaw1SOm7ueEcj8OF4IQoDin7o\"><strong>Inscripcions a la XX Jornada Faristol 24\/02\/2024 &gt;&gt;<\/strong><\/a><\/p>\n<p>Cada quinze dies, us portem\u00a0un recull de les darreres\u00a0<strong>not\u00edcies<\/strong>\u00a0m\u00e9s destacades, aix\u00ed com\u00a0l&#8217;<strong>agenda de totes les activitats, esdeveniments, formacions, exposicions, fires i festivals&#8230;<\/strong>\u00a0que tindran lloc pr\u00f2ximament en l&#8217;\u00e0mbit professional del\u00a0m\u00f3n<strong> de la LIJ<\/strong>.<\/p>\n<p>Trobareu m\u00e9s informaci\u00f3 a la\u00a0<a href=\"https:\/\/www.ibbycat.cat\/esdeveniment\/20a-jornada-faristol-de-critica-analisi-i-mediacio-de-la-lij\/\">web.<\/a><\/p>\n<p>&nbsp;<\/p>\n<table class=\"m_-3928960254036559303columnWrapper\" border=\"0\" width=\"200\" cellspacing=\"0\" cellpadding=\"0\" align=\"left\">\n<tbody>\n<tr>\n<td valign=\"top\">\n<table border=\"0\" width=\"100%\" cellspacing=\"0\" cellpadding=\"0\">\n<tbody>\n<tr>\n<td valign=\"top\">\n<table border=\"0\" cellspacing=\"0\" cellpadding=\"0\" align=\"left\">\n<tbody>\n<tr>\n<td align=\"center\" valign=\"top\"><img decoding=\"async\" tabindex=\"0\" src=\"https:\/\/ci3.googleusercontent.com\/meips\/ADKq_NYGU-bWKmY7I8js0userqT0A8lTc14kvT1fi0kfZjb4cOuMRixysoR17w6MP2uePVVkawOIWvXOdvZGdV7nPDhTurq5873IwXH8dtByBy2uo21Uem6tIkn6krbsb_bZa-oPzcVjVD2UnPsdflVOl4jGDMuaB9-bR3k=s0-d-e1-ft#https:\/\/mcusercontent.com\/57d5c37e4e968a84867b70545\/images\/61b63a72-13bb-cfce-f9be-45317c0f7630.jpg\" alt=\"\" width=\"164\" data-bit=\"iit\" \/><\/td>\n<\/tr>\n<tr>\n<td valign=\"top\" width=\"164\">\n<header>\n<h4><\/h4>\n<h4>Cr\u00edtiques de la setmana i p\u00f2dcast sobre cr\u00edtica LIJ<\/h4>\n<\/header>\n<\/td>\n<\/tr>\n<\/tbody>\n<\/table>\n<\/td>\n<\/tr>\n<\/tbody>\n<\/table>\n<table border=\"0\" width=\"100%\" cellspacing=\"0\" cellpadding=\"0\">\n<tbody>\n<tr>\n<td valign=\"top\">\n<table border=\"0\" width=\"100%\" cellspacing=\"0\" cellpadding=\"0\" align=\"left\">\n<tbody>\n<tr>\n<td valign=\"top\">Feu atenci\u00f3 a les cr\u00edtiques d&#8217;aquesta setmana!\u00a0Perqu\u00e8 no sempre tenim l&#8217;honor de comptar amb l&#8217;obra d&#8217;una autora guardonada\u00a0amb el\u00a0Premi Astrid Lindgren, o amb un diari-poemari de\u00a04\u00a0<img decoding=\"async\" src=\"https:\/\/fonts.gstatic.com\/s\/e\/notoemoji\/15.0\/2b50\/32.png\" alt=\"\u2b50\" data-emoji=\"\u2b50\" aria-label=\"\u2b50\" \/>\u200b exquisit,\u00a0o amb l&#8217;obra conjunta de dos mestres indiscutibles com\u00a0Badal\u00a0i\u00a0Montserrat.\u00a0No us les perdeu!<\/p>\n<p>Altrament, per comen\u00e7ar a fer\u00a0cam\u00ed cap a la pr\u00f2xima Jornada Faristol, us recomanem escoltar l&#8217;\u00faltim cap\u00edtol del\u00a0p\u00f2dcast\u00a0de\u00a0T\u00e0ndem LIJ\u00a0amb la directora de la revista,\u00a0Arantxa Bea. Entre tantes i tantes coses interessants, Bea ens explica que\u00a0la cr\u00edtica \u00e9s un g\u00e8nere literari en si mateix, en qu\u00e8 el cr\u00edtic ha de fer subtilment expl\u00edcit all\u00f2 que en el llibre est\u00e0 impl\u00edcit.<\/td>\n<\/tr>\n<\/tbody>\n<\/table>\n<\/td>\n<\/tr>\n<\/tbody>\n<\/table>\n<table border=\"0\" width=\"100%\" cellspacing=\"0\" cellpadding=\"0\">\n<tbody>\n<tr>\n<td valign=\"top\">\n<table border=\"0\" width=\"100%\" cellspacing=\"0\" cellpadding=\"0\" align=\"left\">\n<tbody>\n<tr>\n<td valign=\"top\">\n<div><a href=\"https:\/\/ibbycat.us18.list-manage.com\/track\/click?u=57d5c37e4e968a84867b70545&amp;id=c00b9c1681&amp;e=b5322266cb\" target=\"_blank\" rel=\"noopener\" data-saferedirecturl=\"https:\/\/www.google.com\/url?q=https:\/\/ibbycat.us18.list-manage.com\/track\/click?u%3D57d5c37e4e968a84867b70545%26id%3Dc00b9c1681%26e%3Db5322266cb&amp;source=gmail&amp;ust=1706775375710000&amp;usg=AOvVaw09A08bPwulc8A234n939cC\">Llegir les cr\u00edtiques de la setmana &gt;&gt;<\/a><\/div>\n<\/td>\n<\/tr>\n<\/tbody>\n<\/table>\n<\/td>\n<\/tr>\n<\/tbody>\n<\/table>\n<table border=\"0\" width=\"100%\" cellspacing=\"0\" cellpadding=\"0\">\n<tbody>\n<tr>\n<td valign=\"top\">\n<table border=\"0\" width=\"100%\" cellspacing=\"0\" cellpadding=\"0\" align=\"left\">\n<tbody>\n<tr>\n<td valign=\"top\">\n<div><a href=\"https:\/\/ibbycat.us18.list-manage.com\/track\/click?u=57d5c37e4e968a84867b70545&amp;id=2092c15449&amp;e=b5322266cb\" target=\"_blank\" rel=\"noopener\" data-saferedirecturl=\"https:\/\/www.google.com\/url?q=https:\/\/ibbycat.us18.list-manage.com\/track\/click?u%3D57d5c37e4e968a84867b70545%26id%3D2092c15449%26e%3Db5322266cb&amp;source=gmail&amp;ust=1706775375710000&amp;usg=AOvVaw2wCxf02fZpftkQD7NknaXk\">Escoltar el cap\u00edtol del p\u00f2dcast sobre cr\u00edtica liter\u00e0ria &gt;&gt;<\/a><\/div>\n<\/td>\n<\/tr>\n<\/tbody>\n<\/table>\n<\/td>\n<\/tr>\n<\/tbody>\n<\/table>\n<\/td>\n<\/tr>\n<\/tbody>\n<\/table>\n<table class=\"m_-3928960254036559303columnWrapper\" border=\"0\" width=\"200\" cellspacing=\"0\" cellpadding=\"0\" align=\"left\">\n<tbody>\n<tr>\n<td class=\"m_-3928960254036559303columnContainer\" valign=\"top\">\n<table border=\"0\" width=\"100%\" cellspacing=\"0\" cellpadding=\"0\">\n<tbody>\n<tr>\n<td valign=\"top\">\n<table class=\"m_-3928960254036559303mcnCaptionBottomContent\" border=\"0\" cellspacing=\"0\" cellpadding=\"0\" align=\"left\">\n<tbody>\n<tr>\n<td align=\"center\" valign=\"top\"><img decoding=\"async\" class=\"m_-3928960254036559303mcnImage CToWUd a6T\" tabindex=\"0\" src=\"https:\/\/ci3.googleusercontent.com\/meips\/ADKq_Na_x6SeFYQUakToYsgEsIw4xildX_e0P6MpuW77rDPr2TzFVhmbQy0KiepEne0PcnWC4SJ1KK1rZQHlYOk_EVPhflBb2UCETOT_CZCS_k-M37KLqciKj8yHFo2PSOciJezraUp6kF-0AdDkyV1Bdeqeu3vTxjke49A=s0-d-e1-ft#https:\/\/mcusercontent.com\/57d5c37e4e968a84867b70545\/images\/3634cd9c-7519-1b37-b8d7-7ffbb07980bf.png\" alt=\"\" width=\"164\" data-bit=\"iit\" \/><\/td>\n<\/tr>\n<tr>\n<td class=\"m_-3928960254036559303mcnTextContent\" valign=\"top\" width=\"164\">\n<h4>Trobades de jurats i LIVE &#8216;Fam\u00edlies i lectura&#8217;<\/h4>\n<\/td>\n<\/tr>\n<\/tbody>\n<\/table>\n<\/td>\n<\/tr>\n<\/tbody>\n<\/table>\n<table border=\"0\" width=\"100%\" cellspacing=\"0\" cellpadding=\"0\">\n<tbody>\n<tr>\n<td valign=\"top\">\n<table class=\"m_-3928960254036559303mcnTextContentContainer\" border=\"0\" width=\"100%\" cellspacing=\"0\" cellpadding=\"0\" align=\"left\">\n<tbody>\n<tr>\n<td class=\"m_-3928960254036559303mcnTextContent\" valign=\"top\">Un any m\u00e9s, tornen les\u00a0<strong>Trobades de jurats<\/strong>! Una oportunitat \u00fanica perqu\u00e8\u00a0<strong>infants i joves es trobin amb els autors\u00a0<\/strong>dels llibres\u00a0que estan llegint<strong>\u00a0<\/strong>(i en alguns casos amb els\u00a0<strong>editors<\/strong>\u00a0o\u00a0<strong>traductors<\/strong>) i puguin escoltar-los i fer-los preguntes per afinar les seves les valoracions. A banda de l&#8217;acostament als creadors, les trobades celebrades en els anys anteriors han evidenciat\u00a0la\u00a0<strong>for\u00e7a de la trobada de la comunitat lectora\u00a0<\/strong>entre els nens i nenes.<\/p>\n<p>Enguany, doncs, durant el mes d&#8217;<strong>abril<\/strong>, celebrarem\u00a0<strong>Trobades de jurats a Barcelona i Manresa.<\/strong><\/p>\n<p>Per \u00faltim, us\u00a0animem a\u00a0<strong>recuperar el LIVE<\/strong>\u00a0que vam emetre dijous passat per YouTube sobre\u00a0<strong>com acompanyar la lectura des de casa<\/strong>.<\/td>\n<\/tr>\n<\/tbody>\n<\/table>\n<\/td>\n<\/tr>\n<\/tbody>\n<\/table>\n<table border=\"0\" width=\"100%\" cellspacing=\"0\" cellpadding=\"0\">\n<tbody>\n<tr>\n<td valign=\"top\">\n<table class=\"m_-3928960254036559303mcnTextContentContainer\" border=\"0\" width=\"100%\" cellspacing=\"0\" cellpadding=\"0\" align=\"left\">\n<tbody>\n<tr>\n<td class=\"m_-3928960254036559303mcnTextContent\" valign=\"top\">\n<div><a href=\"https:\/\/ibbycat.us18.list-manage.com\/track\/click?u=57d5c37e4e968a84867b70545&amp;id=422ef85fb0&amp;e=b5322266cb\" target=\"_blank\" rel=\"noopener\" data-saferedirecturl=\"https:\/\/www.google.com\/url?q=https:\/\/ibbycat.us18.list-manage.com\/track\/click?u%3D57d5c37e4e968a84867b70545%26id%3D422ef85fb0%26e%3Db5322266cb&amp;source=gmail&amp;ust=1706775375710000&amp;usg=AOvVaw3IQ8lOIYB6THF4CQoljmam\"><strong>Llegir la not\u00edcia sobre les Trobades de jurats &gt;&gt;<\/strong><\/a><\/div>\n<\/td>\n<\/tr>\n<\/tbody>\n<\/table>\n<\/td>\n<\/tr>\n<\/tbody>\n<\/table>\n<table border=\"0\" width=\"100%\" cellspacing=\"0\" cellpadding=\"0\">\n<tbody>\n<tr>\n<td valign=\"top\">\n<table class=\"m_-3928960254036559303mcnTextContentContainer\" border=\"0\" width=\"100%\" cellspacing=\"0\" cellpadding=\"0\" align=\"left\">\n<tbody>\n<tr>\n<td class=\"m_-3928960254036559303mcnTextContent\" valign=\"top\">\n<div><a href=\"https:\/\/ibbycat.us18.list-manage.com\/track\/click?u=57d5c37e4e968a84867b70545&amp;id=01d83c40e5&amp;e=b5322266cb\" target=\"_blank\" rel=\"noopener\" data-saferedirecturl=\"https:\/\/www.google.com\/url?q=https:\/\/ibbycat.us18.list-manage.com\/track\/click?u%3D57d5c37e4e968a84867b70545%26id%3D01d83c40e5%26e%3Db5322266cb&amp;source=gmail&amp;ust=1706775375710000&amp;usg=AOvVaw0Fwo9C0B1s1A6GAmVmGgcV\"><strong>Recuperar el LIVE\u00a0&#8216;Fam\u00edlies i lectura: qu\u00e8 podem fer?&#8217; &gt;&gt;<\/strong><\/a><\/div>\n<\/td>\n<\/tr>\n<\/tbody>\n<\/table>\n<\/td>\n<\/tr>\n<\/tbody>\n<\/table>\n<\/td>\n<\/tr>\n<\/tbody>\n<\/table>\n<table class=\"m_-3928960254036559303columnWrapper\" border=\"0\" width=\"200\" cellspacing=\"0\" cellpadding=\"0\" align=\"left\">\n<tbody>\n<tr>\n<td class=\"m_-3928960254036559303columnContainer\" valign=\"top\">\n<table border=\"0\" width=\"100%\" cellspacing=\"0\" cellpadding=\"0\">\n<tbody>\n<tr>\n<td valign=\"top\">\n<table class=\"m_-3928960254036559303mcnCaptionBottomContent\" border=\"0\" cellspacing=\"0\" cellpadding=\"0\" align=\"left\">\n<tbody>\n<tr>\n<td align=\"center\" valign=\"top\"><img decoding=\"async\" class=\"m_-3928960254036559303mcnImage CToWUd a6T\" tabindex=\"0\" src=\"https:\/\/ci3.googleusercontent.com\/meips\/ADKq_NYqhUpTtS__yNPndsH6miuMwBu_8cbZ7pl8hnJJ90Tb1flZcKh6843zKFyFJGvFR1DiCXdR61Phq1XPEWhHSoMufKW_-p1wED7Gdfdr8SZumzfTpDf0v1Fu25R0RRD46MC_a3kVUjr160NvGGW021xpNvte-xtfHGc=s0-d-e1-ft#https:\/\/mcusercontent.com\/57d5c37e4e968a84867b70545\/images\/3b537a13-4f64-da98-5afe-e8a52c1365c9.png\" alt=\"\" width=\"164\" data-bit=\"iit\" \/><\/td>\n<\/tr>\n<tr>\n<td class=\"m_-3928960254036559303mcnTextContent\" valign=\"top\" width=\"164\">\n<header>\n<h4><\/h4>\n<h4>Elena Odriozola, a la shortlist del Premi Andersen 2024<\/h4>\n<\/header>\n<\/td>\n<\/tr>\n<\/tbody>\n<\/table>\n<\/td>\n<\/tr>\n<\/tbody>\n<\/table>\n<table border=\"0\" width=\"100%\" cellspacing=\"0\" cellpadding=\"0\">\n<tbody>\n<tr>\n<td valign=\"top\">\n<table class=\"m_-3928960254036559303mcnTextContentContainer\" border=\"0\" width=\"100%\" cellspacing=\"0\" cellpadding=\"0\" align=\"left\">\n<tbody>\n<tr>\n<td class=\"m_-3928960254036559303mcnTextContent\" valign=\"top\">Fa uns dies es va donar a con\u00e8ixer la llista curta dels finalistes a optar al\u00a0<strong>Premi Hans Christian Andersen 2024<\/strong>, entre els quals figura el nom de l&#8217;autora basca\u00a0<strong>Elena Odriozola<\/strong>, en la categoria d&#8217;Il\u00b7lustraci\u00f3.<\/p>\n<p>El\u00a0<strong>Premi Andersen\u00a0<\/strong>\u00e9s<strong>\u00a0<\/strong>el\u00a0<strong>reconeixement m\u00e9s important a nivell internacional<\/strong>,\u00a0i per aix\u00f2 tamb\u00e9 se&#8217;l coneix com el \u201cNobel de la Literatura Infantil\u201d.\u00a0El\u00a0concedeix l\u2019I<strong>BBY des de l\u2019any 1956<\/strong>, amb el patrocini de la reina Margarida II de Dinamarca, i el\u00a0<strong>guardonat<\/strong>\u00a0es donar\u00e0 a con\u00e8ixer el\u00a0<strong>9 d\u2019abril de 2024<\/strong>, a la\u00a0<strong>Fira del Llibre de Bolonya<\/strong>.<\/p>\n<p>Des de l&#8217;IBBYcat, celebrem aquesta gran not\u00edcia i us convidem a visitar l&#8217;<strong>exposici\u00f3<\/strong>\u00a0de l&#8217;autora a\u00a0<strong>Barcelona<\/strong>\u00a0(fins al 19\/02).<\/td>\n<\/tr>\n<\/tbody>\n<\/table>\n<\/td>\n<\/tr>\n<\/tbody>\n<\/table>\n<table border=\"0\" width=\"100%\" cellspacing=\"0\" cellpadding=\"0\">\n<tbody>\n<tr>\n<td valign=\"top\">\n<table class=\"m_-3928960254036559303mcnTextContentContainer\" border=\"0\" width=\"100%\" cellspacing=\"0\" cellpadding=\"0\" align=\"left\">\n<tbody>\n<tr>\n<td class=\"m_-3928960254036559303mcnTextContent\" valign=\"top\">\n<div><a href=\"https:\/\/ibbycat.us18.list-manage.com\/track\/click?u=57d5c37e4e968a84867b70545&amp;id=f0e8a88f85&amp;e=b5322266cb\" target=\"_blank\" rel=\"noopener\" data-saferedirecturl=\"https:\/\/www.google.com\/url?q=https:\/\/ibbycat.us18.list-manage.com\/track\/click?u%3D57d5c37e4e968a84867b70545%26id%3Df0e8a88f85%26e%3Db5322266cb&amp;source=gmail&amp;ust=1706775375710000&amp;usg=AOvVaw23kz3bk22If0DU0mW69z0X\"><strong>Llegir la not\u00edcia &gt;&gt;<\/strong><\/a><\/div>\n<\/td>\n<\/tr>\n<\/tbody>\n<\/table>\n<\/td>\n<\/tr>\n<\/tbody>\n<\/table>\n<table border=\"0\" width=\"100%\" cellspacing=\"0\" cellpadding=\"0\">\n<tbody>\n<tr>\n<td valign=\"top\">\n<table class=\"m_-3928960254036559303mcnTextContentContainer\" border=\"0\" width=\"100%\" cellspacing=\"0\" cellpadding=\"0\" align=\"left\">\n<tbody>\n<tr>\n<td class=\"m_-3928960254036559303mcnTextContent\" valign=\"top\">\n<div><a href=\"https:\/\/ibbycat.us18.list-manage.com\/track\/click?u=57d5c37e4e968a84867b70545&amp;id=fa880f307f&amp;e=b5322266cb\" target=\"_blank\" rel=\"noopener\" data-saferedirecturl=\"https:\/\/www.google.com\/url?q=https:\/\/ibbycat.us18.list-manage.com\/track\/click?u%3D57d5c37e4e968a84867b70545%26id%3Dfa880f307f%26e%3Db5322266cb&amp;source=gmail&amp;ust=1706775375710000&amp;usg=AOvVaw1JcL7Y75-uOuxEFoXJ6KlO\"><strong>Agenda: Exposici\u00f3 d&#8217;Elena Odriozola &gt;&gt;<\/strong><\/a><\/div>\n<\/td>\n<\/tr>\n<\/tbody>\n<\/table>\n<\/td>\n<\/tr>\n<\/tbody>\n<\/table>\n<\/td>\n<\/tr>\n<\/tbody>\n<\/table>\n","protected":false},"excerpt":{"rendered":"<p>M\u00f3n IBBYcat Cada quinze dies, us acostem tota l&#8217;actualitat\u00a0dels\u00a0projectes,\u00a0programes,\u00a0seleccions,\u00a0candidatures\u00a0i\u00a0altres \u00e0mbits d&#8217;acci\u00f3\u00a0de la nostra entitat, a trav\u00e9s dels quals treballem per preservar el\u00a0dret fonamental\u00a0de tots els infants i joves a\u00a0ser\u00a0lectors\u00a0i per vetllar per una\u00a0LIJ catalana\u00a0de la\u00a0m\u00e9s alta qualitat. XX JORNADA FARISTOL Cr\u00edtica, an\u00e0lisi i mediaci\u00f3\u00a0LIJ Amb aquest cartell, obra de la il\u00b7lustradora Cinta Fosch, us anunciem [&hellip;]<\/p>\n","protected":false},"author":1,"featured_media":21323,"comment_status":"open","ping_status":"closed","sticky":false,"template":"","format":"standard","meta":{"_bbp_topic_count":0,"_bbp_reply_count":0,"_bbp_total_topic_count":0,"_bbp_total_reply_count":0,"_bbp_voice_count":0,"_bbp_anonymous_reply_count":0,"_bbp_topic_count_hidden":0,"_bbp_reply_count_hidden":0,"_bbp_forum_subforum_count":0,"site-sidebar-layout":"default","site-content-layout":"","ast-site-content-layout":"","site-content-style":"default","site-sidebar-style":"default","ast-global-header-display":"","ast-banner-title-visibility":"","ast-main-header-display":"","ast-hfb-above-header-display":"","ast-hfb-below-header-display":"","ast-hfb-mobile-header-display":"","site-post-title":"","ast-breadcrumbs-content":"","ast-featured-img":"","footer-sml-layout":"","theme-transparent-header-meta":"","adv-header-id-meta":"","stick-header-meta":"","header-above-stick-meta":"","header-main-stick-meta":"","header-below-stick-meta":"","astra-migrate-meta-layouts":"default","ast-page-background-enabled":"default","ast-page-background-meta":{"desktop":{"background-color":"var(--ast-global-color-4)","background-image":"","background-repeat":"repeat","background-position":"center center","background-size":"auto","background-attachment":"scroll","background-type":"","background-media":"","overlay-type":"","overlay-color":"","overlay-opacity":"","overlay-gradient":""},"tablet":{"background-color":"","background-image":"","background-repeat":"repeat","background-position":"center center","background-size":"auto","background-attachment":"scroll","background-type":"","background-media":"","overlay-type":"","overlay-color":"","overlay-opacity":"","overlay-gradient":""},"mobile":{"background-color":"","background-image":"","background-repeat":"repeat","background-position":"center center","background-size":"auto","background-attachment":"scroll","background-type":"","background-media":"","overlay-type":"","overlay-color":"","overlay-opacity":"","overlay-gradient":""}},"ast-content-background-meta":{"desktop":{"background-color":"var(--ast-global-color-5)","background-image":"","background-repeat":"repeat","background-position":"center center","background-size":"auto","background-attachment":"scroll","background-type":"","background-media":"","overlay-type":"","overlay-color":"","overlay-opacity":"","overlay-gradient":""},"tablet":{"background-color":"var(--ast-global-color-5)","background-image":"","background-repeat":"repeat","background-position":"center center","background-size":"auto","background-attachment":"scroll","background-type":"","background-media":"","overlay-type":"","overlay-color":"","overlay-opacity":"","overlay-gradient":""},"mobile":{"background-color":"var(--ast-global-color-5)","background-image":"","background-repeat":"repeat","background-position":"center center","background-size":"auto","background-attachment":"scroll","background-type":"","background-media":"","overlay-type":"","overlay-color":"","overlay-opacity":"","overlay-gradient":""}},"footnotes":""},"categories":[1,29],"tags":[],"class_list":["post-21322","post","type-post","status-publish","format-standard","has-post-thumbnail","hentry","category-general","category-portada"],"post_mailing_queue_ids":[],"_links":{"self":[{"href":"https:\/\/serveiseducatius.xtec.cat\/vallesoriental4\/wp-json\/wp\/v2\/posts\/21322","targetHints":{"allow":["GET"]}}],"collection":[{"href":"https:\/\/serveiseducatius.xtec.cat\/vallesoriental4\/wp-json\/wp\/v2\/posts"}],"about":[{"href":"https:\/\/serveiseducatius.xtec.cat\/vallesoriental4\/wp-json\/wp\/v2\/types\/post"}],"author":[{"embeddable":true,"href":"https:\/\/serveiseducatius.xtec.cat\/vallesoriental4\/wp-json\/wp\/v2\/users\/1"}],"replies":[{"embeddable":true,"href":"https:\/\/serveiseducatius.xtec.cat\/vallesoriental4\/wp-json\/wp\/v2\/comments?post=21322"}],"version-history":[{"count":6,"href":"https:\/\/serveiseducatius.xtec.cat\/vallesoriental4\/wp-json\/wp\/v2\/posts\/21322\/revisions"}],"predecessor-version":[{"id":21331,"href":"https:\/\/serveiseducatius.xtec.cat\/vallesoriental4\/wp-json\/wp\/v2\/posts\/21322\/revisions\/21331"}],"wp:featuredmedia":[{"embeddable":true,"href":"https:\/\/serveiseducatius.xtec.cat\/vallesoriental4\/wp-json\/wp\/v2\/media\/21323"}],"wp:attachment":[{"href":"https:\/\/serveiseducatius.xtec.cat\/vallesoriental4\/wp-json\/wp\/v2\/media?parent=21322"}],"wp:term":[{"taxonomy":"category","embeddable":true,"href":"https:\/\/serveiseducatius.xtec.cat\/vallesoriental4\/wp-json\/wp\/v2\/categories?post=21322"},{"taxonomy":"post_tag","embeddable":true,"href":"https:\/\/serveiseducatius.xtec.cat\/vallesoriental4\/wp-json\/wp\/v2\/tags?post=21322"}],"curies":[{"name":"wp","href":"https:\/\/api.w.org\/{rel}","templated":true}]}}