{"id":2035,"date":"2014-01-08T08:40:19","date_gmt":"2014-01-08T08:40:19","guid":{"rendered":"http:\/\/crpvalltenes.wordpress.com\/?p=2035"},"modified":"2014-01-08T08:40:19","modified_gmt":"2014-01-08T08:40:19","slug":"introduccio-al-tractament-amb-pares-i-infants-treballant-des-del-vincle","status":"publish","type":"post","link":"https:\/\/serveiseducatius.xtec.cat\/vallesoriental4\/general\/introduccio-al-tractament-amb-pares-i-infants-treballant-des-del-vincle\/","title":{"rendered":"INTRODUCCI\u00d3 AL TRACTAMENT AMB PARES I INFANTS: TREBALLANT DES DEL VINCLE"},"content":{"rendered":"<p><!--[if gte mso 9]&gt;--><\/p>\n<p class=\"MsoNormal\"><span class=\"gd\"><span style=\"font-family:'Arial', 'sans-serif';\">L\u2019Associaci\u00f3 Catalana de Psicoter\u00e0pia Psicoanal\u00edtica<\/span> convida a <strong>La Confer\u00e8ncia del segon dijous<\/strong>, el 9 de gener de 2014, a les 21.30h a la seu de l\u2019ACPP, amb el t\u00edtol: Introcucci\u00f3 al tractament amb pares i infants: Treballant des del vincle.<\/span><\/p>\n<p class=\"MsoNormal\"><span class=\"gd\"><a href=\"http:\/\/crpvalltenes.files.wordpress.com\/2014\/01\/acpp.jpeg\"><img loading=\"lazy\" decoding=\"async\" class=\"aligncenter size-full wp-image-2036\" alt=\"acpp\" src=\"http:\/\/crpvalltenes.files.wordpress.com\/2014\/01\/acpp.jpeg\" width=\"247\" height=\"48\" \/><\/a>Per m\u00e9s informaci\u00f3 d&#8217;aquesta confer\u00e8ncia aix\u00ed com de properes, cal mirar els enlla\u00e7os seg\u00fcents:<\/span><\/p>\n<p class=\"MsoNormal\"><a href=\"http:\/\/crpvalltenes.files.wordpress.com\/2014\/01\/conv-conferc3a8ncia-neus-homs-9-gener-2013.pdf\">conv. confer\u00e8ncia Neus Homs, 9 gener 2013<\/a><\/p>\n<p class=\"MsoNormal\"><span class=\"gd\"><a href=\"http:\/\/crpvalltenes.files.wordpress.com\/2014\/01\/calendari-conferencies-2ns_2013-14.pdf\">Calendari CONFERENCIES 2ns_2013-14<\/a><\/span><\/p>\n<p class=\"MsoNormal\"><span class=\"gd\">\u00a0 <\/span><\/p>\n","protected":false},"excerpt":{"rendered":"<p>L\u2019Associaci\u00f3 Catalana de Psicoter\u00e0pia Psicoanal\u00edtica convida a La Confer\u00e8ncia del segon dijous, el 9 de gener de 2014, a les 21.30h a la seu de l\u2019ACPP, amb el t\u00edtol: Introcucci\u00f3 al tractament amb pares i infants: Treballant des del vincle. Per m\u00e9s informaci\u00f3 d&#8217;aquesta confer\u00e8ncia aix\u00ed com de properes, cal mirar els enlla\u00e7os seg\u00fcents: conv. [&hellip;]<\/p>\n","protected":false},"author":1,"featured_media":0,"comment_status":"open","ping_status":"open","sticky":false,"template":"","format":"standard","meta":{"_bbp_topic_count":0,"_bbp_reply_count":0,"_bbp_total_topic_count":0,"_bbp_total_reply_count":0,"_bbp_voice_count":0,"_bbp_anonymous_reply_count":0,"_bbp_topic_count_hidden":0,"_bbp_reply_count_hidden":0,"_bbp_forum_subforum_count":0,"site-sidebar-layout":"default","site-content-layout":"","ast-site-content-layout":"","site-content-style":"default","site-sidebar-style":"default","ast-global-header-display":"","ast-banner-title-visibility":"","ast-main-header-display":"","ast-hfb-above-header-display":"","ast-hfb-below-header-display":"","ast-hfb-mobile-header-display":"","site-post-title":"","ast-breadcrumbs-content":"","ast-featured-img":"","footer-sml-layout":"","theme-transparent-header-meta":"","adv-header-id-meta":"","stick-header-meta":"","header-above-stick-meta":"","header-main-stick-meta":"","header-below-stick-meta":"","astra-migrate-meta-layouts":"default","ast-page-background-enabled":"default","ast-page-background-meta":{"desktop":{"background-color":"var(--ast-global-color-4)","background-image":"","background-repeat":"repeat","background-position":"center center","background-size":"auto","background-attachment":"scroll","background-type":"","background-media":"","overlay-type":"","overlay-color":"","overlay-opacity":"","overlay-gradient":""},"tablet":{"background-color":"","background-image":"","background-repeat":"repeat","background-position":"center center","background-size":"auto","background-attachment":"scroll","background-type":"","background-media":"","overlay-type":"","overlay-color":"","overlay-opacity":"","overlay-gradient":""},"mobile":{"background-color":"","background-image":"","background-repeat":"repeat","background-position":"center center","background-size":"auto","background-attachment":"scroll","background-type":"","background-media":"","overlay-type":"","overlay-color":"","overlay-opacity":"","overlay-gradient":""}},"ast-content-background-meta":{"desktop":{"background-color":"var(--ast-global-color-5)","background-image":"","background-repeat":"repeat","background-position":"center center","background-size":"auto","background-attachment":"scroll","background-type":"","background-media":"","overlay-type":"","overlay-color":"","overlay-opacity":"","overlay-gradient":""},"tablet":{"background-color":"var(--ast-global-color-5)","background-image":"","background-repeat":"repeat","background-position":"center center","background-size":"auto","background-attachment":"scroll","background-type":"","background-media":"","overlay-type":"","overlay-color":"","overlay-opacity":"","overlay-gradient":""},"mobile":{"background-color":"var(--ast-global-color-5)","background-image":"","background-repeat":"repeat","background-position":"center center","background-size":"auto","background-attachment":"scroll","background-type":"","background-media":"","overlay-type":"","overlay-color":"","overlay-opacity":"","overlay-gradient":""}},"footnotes":""},"categories":[1],"tags":[],"class_list":["post-2035","post","type-post","status-publish","format-standard","hentry","category-general"],"post_mailing_queue_ids":[],"_links":{"self":[{"href":"https:\/\/serveiseducatius.xtec.cat\/vallesoriental4\/wp-json\/wp\/v2\/posts\/2035","targetHints":{"allow":["GET"]}}],"collection":[{"href":"https:\/\/serveiseducatius.xtec.cat\/vallesoriental4\/wp-json\/wp\/v2\/posts"}],"about":[{"href":"https:\/\/serveiseducatius.xtec.cat\/vallesoriental4\/wp-json\/wp\/v2\/types\/post"}],"author":[{"embeddable":true,"href":"https:\/\/serveiseducatius.xtec.cat\/vallesoriental4\/wp-json\/wp\/v2\/users\/1"}],"replies":[{"embeddable":true,"href":"https:\/\/serveiseducatius.xtec.cat\/vallesoriental4\/wp-json\/wp\/v2\/comments?post=2035"}],"version-history":[{"count":0,"href":"https:\/\/serveiseducatius.xtec.cat\/vallesoriental4\/wp-json\/wp\/v2\/posts\/2035\/revisions"}],"wp:attachment":[{"href":"https:\/\/serveiseducatius.xtec.cat\/vallesoriental4\/wp-json\/wp\/v2\/media?parent=2035"}],"wp:term":[{"taxonomy":"category","embeddable":true,"href":"https:\/\/serveiseducatius.xtec.cat\/vallesoriental4\/wp-json\/wp\/v2\/categories?post=2035"},{"taxonomy":"post_tag","embeddable":true,"href":"https:\/\/serveiseducatius.xtec.cat\/vallesoriental4\/wp-json\/wp\/v2\/tags?post=2035"}],"curies":[{"name":"wp","href":"https:\/\/api.w.org\/{rel}","templated":true}]}}