{"id":19946,"date":"2023-09-13T16:11:00","date_gmt":"2023-09-13T14:11:00","guid":{"rendered":"https:\/\/serveiseducatius.xtec.cat\/vallesoriental4\/?p=19946"},"modified":"2023-09-13T16:11:00","modified_gmt":"2023-09-13T14:11:00","slug":"formacio-23-24-aprenentatge-entre-iguals-i-jornada-llegim-en-parella","status":"publish","type":"post","link":"https:\/\/serveiseducatius.xtec.cat\/vallesoriental4\/portada\/formacio-23-24-aprenentatge-entre-iguals-i-jornada-llegim-en-parella\/","title":{"rendered":"Formaci\u00f3 23-24 aprenentatge entre iguals i Jornada &#8216;Llegim en parella&#8217;"},"content":{"rendered":"<p style=\"font-weight: 400;\"><a href=\"https:\/\/serveiseducatius.xtec.cat\/vallesoriental4\/wp-content\/uploads\/usu1133\/2023\/09\/baixa.png\"><img loading=\"lazy\" decoding=\"async\" class=\"size-full wp-image-19947 alignleft\" src=\"https:\/\/serveiseducatius.xtec.cat\/vallesoriental4\/wp-content\/uploads\/usu1133\/2023\/09\/baixa.png\" alt=\"\" width=\"222\" height=\"228\" \/><\/a><\/p>\n<p style=\"font-weight: 400;\">Ens adrecem a vosaltres des del Grup de Recerca sobre Aprenentatge entre Iguals (GRAI) de la Universitat Aut\u00f2noma de Barcelona, per tal de fer-vos arribar la proposta formativa d\u2019aquest curs 2023-24, en l\u2019\u00e0mbit de l\u2019aprenentatge entre iguals.<\/p>\n<p style=\"font-weight: 400;\">L\u2019objectiu principal de la proposta formativa \u00e9s contribuir a la millora de la comunicaci\u00f3 oral, comprensi\u00f3 lectora i expressi\u00f3 escrita en catal\u00e0, aix\u00ed com al desenvolupament del raonament i el discurs matem\u00e0tic a partir dels\u00a0<a href=\"https:\/\/view.genial.ly\/628b66cdb997e300120d8a88\/interactive-content-programes-grai\" data-saferedirecturl=\"https:\/\/www.google.com\/url?q=https:\/\/view.genial.ly\/628b66cdb997e300120d8a88\/interactive-content-programes-grai&amp;source=gmail&amp;ust=1694673944975000&amp;usg=AOvVaw3AV_L3852UfsaJEFE5CyMq\"><strong>programes<\/strong><\/a>\u00a0<em>Llegim i escrivim en parella\u00a0<\/em>i<em>\u00a0(En)Raonem en parella.<\/em><\/p>\n<p style=\"font-weight: 400;\">Oferim tres itineraris:<\/p>\n<ul style=\"font-weight: 400;\">\n<li><a href=\"https:\/\/grupsderecerca.uab.cat\/grai\/content\/enraonem-en-parella\" data-saferedirecturl=\"https:\/\/www.google.com\/url?q=https:\/\/grupsderecerca.uab.cat\/grai\/content\/enraonem-en-parella&amp;source=gmail&amp;ust=1694673944975000&amp;usg=AOvVaw0JJdsCuF3mjNK7GTfrI-Gc\"><strong><em>(En)Raonem en parella<\/em><\/strong><\/a>, per a la resoluci\u00f3 cooperativa de problemes matem\u00e0tics.<\/li>\n<li><a href=\"https:\/\/grupsderecerca.uab.cat\/grai\/content\/llegim-en-parella-0\" data-saferedirecturl=\"https:\/\/www.google.com\/url?q=https:\/\/grupsderecerca.uab.cat\/grai\/content\/llegim-en-parella-0&amp;source=gmail&amp;ust=1694673944975000&amp;usg=AOvVaw3WZmdzVz8R4hlpaMKzXcJr\"><strong><em>Llegim en parella<\/em><\/strong><\/a>, per a la millora de la comunicaci\u00f3 oral i comprensi\u00f3 lectora en catal\u00e0.<\/li>\n<li><a href=\"https:\/\/grupsderecerca.uab.cat\/grai\/content\/llegim-en-parella-0\" data-saferedirecturl=\"https:\/\/www.google.com\/url?q=https:\/\/grupsderecerca.uab.cat\/grai\/content\/llegim-en-parella-0&amp;source=gmail&amp;ust=1694673944975000&amp;usg=AOvVaw3WZmdzVz8R4hlpaMKzXcJr\"><strong><em>Llegim i escrivim en parella<\/em><\/strong><\/a>, per a la millora de la comunicaci\u00f3 oral, comprensi\u00f3 lectora i expressi\u00f3 escrita en catal\u00e0, amb un \u00e8mfasi especial en la compet\u00e8ncia escrita.<\/li>\n<\/ul>\n<p style=\"font-weight: 400;\">Trobareu m\u00e9s informaci\u00f3 sobre la proposta\u00a0<a href=\"https:\/\/aprenentatgeentreiguals.blogspot.com\/2023\/09\/formacio-grai-23-24-aprenentatge-entre.html\" data-saferedirecturl=\"https:\/\/www.google.com\/url?q=https:\/\/aprenentatgeentreiguals.blogspot.com\/2023\/09\/formacio-grai-23-24-aprenentatge-entre.html&amp;source=gmail&amp;ust=1694673944975000&amp;usg=AOvVaw1wTcHYksksxRkpipbmnqB5\"><strong>aqu\u00ed<\/strong><\/a>.<\/p>\n<p style=\"font-weight: 400;\">Hem habilitat\u00a0<a href=\"https:\/\/forms.gle\/c8SCSXuCaJoYMtL47\" data-saferedirecturl=\"https:\/\/www.google.com\/url?q=https:\/\/forms.gle\/c8SCSXuCaJoYMtL47&amp;source=gmail&amp;ust=1694673944975000&amp;usg=AOvVaw1d3YMhopwz7gq-72o4scWm\"><strong>aquest formulari<\/strong><\/a>\u00a0de preinscripci\u00f3 per als interessats, per tal de posar-nos-hi en contacte, resoldre els dubtes i confirmar la seva participaci\u00f3 en cas que aix\u00ed ho decideixin.<\/p>\n<p style=\"font-weight: 400;\">Finalment, ens fa molta il\u00b7lusi\u00f3 convidar-vos a la Jornada que hem organitzat conjuntament amb el Departament d\u2019Educaci\u00f3 el proper dimecres 20 de setembre a les 16h per a presentar les evid\u00e8ncies en comprensi\u00f3 lectora despr\u00e9s de 10 anys de desenvolupament del programa\u00a0<em>Llegim en parella<\/em>\u00a0a centres catalans:<\/p>\n<p style=\"font-weight: 400;\"><strong><a href=\"https:\/\/aplicacions.gestioeducativa.gencat.cat\/pls\/soloas\/inscripcionsnp?codi=9001860555&amp;curs=2023-2024\" data-saferedirecturl=\"https:\/\/www.google.com\/url?q=https:\/\/aplicacions.gestioeducativa.gencat.cat\/pls\/soloas\/inscripcionsnp?codi%3D9001860555%26curs%3D2023-2024&amp;source=gmail&amp;ust=1694673944975000&amp;usg=AOvVaw0PSFzrIyc2KGKgGFStIRtf\"><em>Llegim en parella:\u00a0<\/em>Evid\u00e8ncies en comprensi\u00f3 lectora despr\u00e9s de 10 anys de pr\u00e0ctiques<\/a><\/strong><\/p>\n<p style=\"font-weight: 400;\">Estarem encantats de poder-vos saludar i compartir amb vosaltres tota la feina feta al llarg dels anys gr\u00e0cies a l\u2019esfor\u00e7, dedicaci\u00f3 i professionalitat dels equips docents que han posat en pr\u00e0ctica el programa\u00a0<em>Llegim en parella<\/em>\u00a0i a qui estem molt agra\u00efts.<\/p>\n<p style=\"font-weight: 400;\">Si us decidiu a venir, cal que feu la inscripci\u00f3 a l\u2019enlla\u00e7 de l\u2019activitat (\u00e9s una activitat amb certificaci\u00f3 d\u2019assist\u00e8ncia).<\/p>\n<p style=\"font-weight: 400;\"><strong>Marta Flores<\/strong><\/p>\n<p style=\"font-weight: 400;\">Coordinadora Xarxes d&#8217;Aprenentatge entre Iguals del GRAI<\/p>\n<p style=\"font-weight: 400;\">\u00a0 \u00a0 \u00a0 \u00a0\u00a0\u00a0 <img loading=\"lazy\" decoding=\"async\" class=\"\" src=\"https:\/\/mail.google.com\/mail\/u\/0?ui=2&amp;ik=a3b2698d6a&amp;attid=0.1&amp;permmsgid=msg-f:1776636719179366514&amp;th=18a7e1aedd9a0072&amp;view=fimg&amp;fur=ip&amp;sz=s0-l75-ft&amp;attbid=ANGjdJ_Lm4rQAVj7bH_YyvNibib_PvfHqECCB7pDfj4_rg3DEMCToU1zdaHQfzajD5k8Li4Dn5LiWok_YooH8cPyZniMJaOJka8KyQ9Smu1M5OE1mnuB54mR4fqbT90&amp;disp=emb&amp;realattid=ii_l7ael1805\" alt=\"logo grai.png\" width=\"94\" height=\"94\" \/>\u00a0 <img loading=\"lazy\" decoding=\"async\" class=\"\" src=\"https:\/\/mail.google.com\/mail\/u\/0?ui=2&amp;ik=a3b2698d6a&amp;attid=0.2&amp;permmsgid=msg-f:1776636719179366514&amp;th=18a7e1aedd9a0072&amp;view=fimg&amp;fur=ip&amp;sz=s0-l75-ft&amp;attbid=ANGjdJ_xoha0VNO6F_GSxtWwDGS053DSslyBYqdUTN0DFbT6LMVU8t7dFLKfpJmWid7pXS-OcgFeCforFgByT52Xe8mvN6S5Czih_UVuSMF3GSRBRCIvac6bPCieIG0&amp;disp=emb&amp;realattid=ii_l7aeewfb0\" alt=\"Logo EnRaonem.png\" width=\"96\" height=\"96\" \/><img loading=\"lazy\" decoding=\"async\" class=\"\" src=\"https:\/\/mail.google.com\/mail\/u\/0?ui=2&amp;ik=a3b2698d6a&amp;attid=0.3&amp;permmsgid=msg-f:1776636719179366514&amp;th=18a7e1aedd9a0072&amp;view=fimg&amp;fur=ip&amp;sz=s0-l75-ft&amp;attbid=ANGjdJ93zeG_9m1Ag-0k0-X6yWSPUeRCwjmMIEr11YjmvG570iL__qArNYndwoy0OKt8ie2O9H_39F4VbABdVoQpmfnCdkr7gvszSuH_CJI8PIwEQEEFwsntWR9dSUE&amp;disp=emb&amp;realattid=ii_l7aef56t2\" alt=\"3b4b554a-6ba8-4f6b-89f7-17bd5c88d29b.png\" width=\"89\" height=\"89\" \/><\/p>\n<p style=\"font-weight: 400;\">\n","protected":false},"excerpt":{"rendered":"<p>Ens adrecem a vosaltres des del Grup de Recerca sobre Aprenentatge entre Iguals (GRAI) de la Universitat Aut\u00f2noma de Barcelona, per tal de fer-vos arribar la proposta formativa d\u2019aquest curs 2023-24, en l\u2019\u00e0mbit de l\u2019aprenentatge entre iguals. L\u2019objectiu principal de la proposta formativa \u00e9s contribuir a la millora de la comunicaci\u00f3 oral, comprensi\u00f3 lectora i [&hellip;]<\/p>\n","protected":false},"author":1,"featured_media":19947,"comment_status":"open","ping_status":"closed","sticky":false,"template":"","format":"standard","meta":{"_bbp_topic_count":0,"_bbp_reply_count":0,"_bbp_total_topic_count":0,"_bbp_total_reply_count":0,"_bbp_voice_count":0,"_bbp_anonymous_reply_count":0,"_bbp_topic_count_hidden":0,"_bbp_reply_count_hidden":0,"_bbp_forum_subforum_count":0,"site-sidebar-layout":"default","site-content-layout":"","ast-site-content-layout":"","site-content-style":"default","site-sidebar-style":"default","ast-global-header-display":"","ast-banner-title-visibility":"","ast-main-header-display":"","ast-hfb-above-header-display":"","ast-hfb-below-header-display":"","ast-hfb-mobile-header-display":"","site-post-title":"","ast-breadcrumbs-content":"","ast-featured-img":"","footer-sml-layout":"","theme-transparent-header-meta":"","adv-header-id-meta":"","stick-header-meta":"","header-above-stick-meta":"","header-main-stick-meta":"","header-below-stick-meta":"","astra-migrate-meta-layouts":"default","ast-page-background-enabled":"default","ast-page-background-meta":{"desktop":{"background-color":"var(--ast-global-color-4)","background-image":"","background-repeat":"repeat","background-position":"center center","background-size":"auto","background-attachment":"scroll","background-type":"","background-media":"","overlay-type":"","overlay-color":"","overlay-opacity":"","overlay-gradient":""},"tablet":{"background-color":"","background-image":"","background-repeat":"repeat","background-position":"center center","background-size":"auto","background-attachment":"scroll","background-type":"","background-media":"","overlay-type":"","overlay-color":"","overlay-opacity":"","overlay-gradient":""},"mobile":{"background-color":"","background-image":"","background-repeat":"repeat","background-position":"center center","background-size":"auto","background-attachment":"scroll","background-type":"","background-media":"","overlay-type":"","overlay-color":"","overlay-opacity":"","overlay-gradient":""}},"ast-content-background-meta":{"desktop":{"background-color":"var(--ast-global-color-5)","background-image":"","background-repeat":"repeat","background-position":"center center","background-size":"auto","background-attachment":"scroll","background-type":"","background-media":"","overlay-type":"","overlay-color":"","overlay-opacity":"","overlay-gradient":""},"tablet":{"background-color":"var(--ast-global-color-5)","background-image":"","background-repeat":"repeat","background-position":"center center","background-size":"auto","background-attachment":"scroll","background-type":"","background-media":"","overlay-type":"","overlay-color":"","overlay-opacity":"","overlay-gradient":""},"mobile":{"background-color":"var(--ast-global-color-5)","background-image":"","background-repeat":"repeat","background-position":"center center","background-size":"auto","background-attachment":"scroll","background-type":"","background-media":"","overlay-type":"","overlay-color":"","overlay-opacity":"","overlay-gradient":""}},"footnotes":""},"categories":[29],"tags":[],"class_list":["post-19946","post","type-post","status-publish","format-standard","has-post-thumbnail","hentry","category-portada"],"post_mailing_queue_ids":[],"_links":{"self":[{"href":"https:\/\/serveiseducatius.xtec.cat\/vallesoriental4\/wp-json\/wp\/v2\/posts\/19946","targetHints":{"allow":["GET"]}}],"collection":[{"href":"https:\/\/serveiseducatius.xtec.cat\/vallesoriental4\/wp-json\/wp\/v2\/posts"}],"about":[{"href":"https:\/\/serveiseducatius.xtec.cat\/vallesoriental4\/wp-json\/wp\/v2\/types\/post"}],"author":[{"embeddable":true,"href":"https:\/\/serveiseducatius.xtec.cat\/vallesoriental4\/wp-json\/wp\/v2\/users\/1"}],"replies":[{"embeddable":true,"href":"https:\/\/serveiseducatius.xtec.cat\/vallesoriental4\/wp-json\/wp\/v2\/comments?post=19946"}],"version-history":[{"count":2,"href":"https:\/\/serveiseducatius.xtec.cat\/vallesoriental4\/wp-json\/wp\/v2\/posts\/19946\/revisions"}],"predecessor-version":[{"id":19949,"href":"https:\/\/serveiseducatius.xtec.cat\/vallesoriental4\/wp-json\/wp\/v2\/posts\/19946\/revisions\/19949"}],"wp:featuredmedia":[{"embeddable":true,"href":"https:\/\/serveiseducatius.xtec.cat\/vallesoriental4\/wp-json\/wp\/v2\/media\/19947"}],"wp:attachment":[{"href":"https:\/\/serveiseducatius.xtec.cat\/vallesoriental4\/wp-json\/wp\/v2\/media?parent=19946"}],"wp:term":[{"taxonomy":"category","embeddable":true,"href":"https:\/\/serveiseducatius.xtec.cat\/vallesoriental4\/wp-json\/wp\/v2\/categories?post=19946"},{"taxonomy":"post_tag","embeddable":true,"href":"https:\/\/serveiseducatius.xtec.cat\/vallesoriental4\/wp-json\/wp\/v2\/tags?post=19946"}],"curies":[{"name":"wp","href":"https:\/\/api.w.org\/{rel}","templated":true}]}}