{"id":19869,"date":"2023-09-05T11:24:57","date_gmt":"2023-09-05T09:24:57","guid":{"rendered":"https:\/\/serveiseducatius.xtec.cat\/vallesoriental4\/?p=19869"},"modified":"2023-09-05T11:24:57","modified_gmt":"2023-09-05T09:24:57","slug":"1r-congres-de-psicologia-i-tecnologia-aplicada-a-la-salut-tea-i-vj","status":"publish","type":"post","link":"https:\/\/serveiseducatius.xtec.cat\/vallesoriental4\/portada\/1r-congres-de-psicologia-i-tecnologia-aplicada-a-la-salut-tea-i-vj\/","title":{"rendered":"1r Congr\u00e9s de Psicologia i Tecnologia aplicada a la Salut: TEA i VJ"},"content":{"rendered":"<p><a href=\"https:\/\/serveiseducatius.xtec.cat\/vallesoriental4\/wp-content\/uploads\/usu1133\/2023\/09\/Captura-2.png\"><img loading=\"lazy\" decoding=\"async\" class=\"wp-image-19871 alignleft\" src=\"https:\/\/serveiseducatius.xtec.cat\/vallesoriental4\/wp-content\/uploads\/usu1133\/2023\/09\/Captura-2.png\" alt=\"\" width=\"400\" height=\"403\" srcset=\"https:\/\/serveiseducatius.xtec.cat\/vallesoriental4\/wp-content\/uploads\/usu1133\/2023\/09\/Captura-2.png 776w, https:\/\/serveiseducatius.xtec.cat\/vallesoriental4\/wp-content\/uploads\/usu1133\/2023\/09\/Captura-2-298x300.png 298w, https:\/\/serveiseducatius.xtec.cat\/vallesoriental4\/wp-content\/uploads\/usu1133\/2023\/09\/Captura-2-150x150.png 150w, https:\/\/serveiseducatius.xtec.cat\/vallesoriental4\/wp-content\/uploads\/usu1133\/2023\/09\/Captura-2-768x774.png 768w\" sizes=\"auto, (max-width: 400px) 100vw, 400px\" \/><\/a>Us informem que <strong>Manresa acollir\u00e0, els dies 28, 29 i 30 de setembre, el<\/strong><br \/>\n<strong>1r Congr\u00e9s de Psicologia i Tecnologia aplicada a la Salut<\/strong><br \/>\n<strong>(@psicoteccongres)<\/strong>. L\u2019Ajuntament de Manresa hi dona suport i us convida<br \/>\na fer un cop d&#8217;ull al programa i que, si us sembla interessant, us hi<br \/>\ninscriviu. En aquesta primera edici\u00f3, el Congr\u00e9s estar\u00e0 dedicat al<br \/>\nTrastorn de l&#8217;Espectre Autista (TEA) i els videojocs.<\/p>\n<p>S&#8217;abordaran tant les problem\u00e0tiques i els riscos que es deriven de l&#8217;\u00fas<br \/>\ndels videojocs a la poblaci\u00f3 diagnosticada dins del TEA i a les persones<br \/>\nneurot\u00edpiques (NT), \u00e9s a dir, no diagnosticades de TEA o altres<br \/>\ntrastorns del neurodesenvolupament.<\/p>\n<p>Tamb\u00e9 s&#8217;abordaran les potencialitats i beneficis que aportin els<br \/>\nvideojocs per a tots aquests col\u00b7lectius, fent especial \u00e8mfasi en la<br \/>\nintegraci\u00f3 i inclusi\u00f3 social de les persones amb TEA en aquesta<br \/>\nsocietat.<\/p>\n<p>L\u2019esdeveniment, que es podr\u00e0 seguir en modalitat presencial i online,<br \/>\nneix per ser un referent als camps on es troben la tecnologia i la<br \/>\npsicologia i, en cada edici\u00f3, abordar\u00e0 tem\u00e0tiques diferents dins de les<br \/>\n\u00e0rees de la psicologia i la tecnologia.<\/p>\n<p>Podeu consultar els ponents i activitats, i inscriure-us aqu\u00ed:<\/p>\n<p><a href=\"https:\/\/psicotec-congres.com\/\" target=\"_blank\" rel=\"noopener noreferrer\" data-saferedirecturl=\"https:\/\/www.google.com\/url?q=https:\/\/psicotec-congres.com\/&amp;source=gmail&amp;ust=1693988054579000&amp;usg=AOvVaw3kjxr9I-WWUjeW1NfIJxct\">https:\/\/psicotec-congres.com\/<\/a><\/p>\n<p>Actualment, els professionals de l\u2019ensenyament que rebin aquesta<br \/>\ncomunicaci\u00f3, es beneficiaran del 10% de descompte en la inscripci\u00f3. Si<br \/>\nus sembla adequat, demanem, per tant, que feu extensiu aquest missatge<br \/>\nals centres d&#8217;ensenyament.<\/p>\n<p>El codi que cal introduir per obtenir el descompte \u00e9s:<\/p>\n<p>Per seguir el congr\u00e9s online: COPONLINE<br \/>\nPer seguir el congr\u00e9s presencialment: COPRESEN<\/p>\n<p>Els dos primers dies del congr\u00e9s (28 i 29 de setembre) estaran destinats<br \/>\na professionals dels \u00e0mbits de la salut i tamb\u00e9 l\u2019ensenyament, i el dia<br \/>\n30 de setembre tindr\u00e0 lloc una jornada adre\u00e7ada a fam\u00edlies (tant<br \/>\nd\u2019infants amb TEA com neurot\u00edpics).<\/p>\n","protected":false},"excerpt":{"rendered":"<p>Us informem que Manresa acollir\u00e0, els dies 28, 29 i 30 de setembre, el 1r Congr\u00e9s de Psicologia i Tecnologia aplicada a la Salut (@psicoteccongres). L\u2019Ajuntament de Manresa hi dona suport i us convida a fer un cop d&#8217;ull al programa i que, si us sembla interessant, us hi inscriviu. En aquesta primera edici\u00f3, el [&hellip;]<\/p>\n","protected":false},"author":1,"featured_media":19871,"comment_status":"open","ping_status":"closed","sticky":false,"template":"","format":"standard","meta":{"_bbp_topic_count":0,"_bbp_reply_count":0,"_bbp_total_topic_count":0,"_bbp_total_reply_count":0,"_bbp_voice_count":0,"_bbp_anonymous_reply_count":0,"_bbp_topic_count_hidden":0,"_bbp_reply_count_hidden":0,"_bbp_forum_subforum_count":0,"site-sidebar-layout":"default","site-content-layout":"","ast-site-content-layout":"","site-content-style":"default","site-sidebar-style":"default","ast-global-header-display":"","ast-banner-title-visibility":"","ast-main-header-display":"","ast-hfb-above-header-display":"","ast-hfb-below-header-display":"","ast-hfb-mobile-header-display":"","site-post-title":"","ast-breadcrumbs-content":"","ast-featured-img":"","footer-sml-layout":"","theme-transparent-header-meta":"","adv-header-id-meta":"","stick-header-meta":"","header-above-stick-meta":"","header-main-stick-meta":"","header-below-stick-meta":"","astra-migrate-meta-layouts":"default","ast-page-background-enabled":"default","ast-page-background-meta":{"desktop":{"background-color":"var(--ast-global-color-4)","background-image":"","background-repeat":"repeat","background-position":"center center","background-size":"auto","background-attachment":"scroll","background-type":"","background-media":"","overlay-type":"","overlay-color":"","overlay-opacity":"","overlay-gradient":""},"tablet":{"background-color":"","background-image":"","background-repeat":"repeat","background-position":"center center","background-size":"auto","background-attachment":"scroll","background-type":"","background-media":"","overlay-type":"","overlay-color":"","overlay-opacity":"","overlay-gradient":""},"mobile":{"background-color":"","background-image":"","background-repeat":"repeat","background-position":"center center","background-size":"auto","background-attachment":"scroll","background-type":"","background-media":"","overlay-type":"","overlay-color":"","overlay-opacity":"","overlay-gradient":""}},"ast-content-background-meta":{"desktop":{"background-color":"var(--ast-global-color-5)","background-image":"","background-repeat":"repeat","background-position":"center center","background-size":"auto","background-attachment":"scroll","background-type":"","background-media":"","overlay-type":"","overlay-color":"","overlay-opacity":"","overlay-gradient":""},"tablet":{"background-color":"var(--ast-global-color-5)","background-image":"","background-repeat":"repeat","background-position":"center center","background-size":"auto","background-attachment":"scroll","background-type":"","background-media":"","overlay-type":"","overlay-color":"","overlay-opacity":"","overlay-gradient":""},"mobile":{"background-color":"var(--ast-global-color-5)","background-image":"","background-repeat":"repeat","background-position":"center center","background-size":"auto","background-attachment":"scroll","background-type":"","background-media":"","overlay-type":"","overlay-color":"","overlay-opacity":"","overlay-gradient":""}},"footnotes":""},"categories":[598,29],"tags":[],"class_list":["post-19869","post","type-post","status-publish","format-standard","has-post-thumbnail","hentry","category-inclusio-a-les-aules","category-portada"],"post_mailing_queue_ids":[],"_links":{"self":[{"href":"https:\/\/serveiseducatius.xtec.cat\/vallesoriental4\/wp-json\/wp\/v2\/posts\/19869","targetHints":{"allow":["GET"]}}],"collection":[{"href":"https:\/\/serveiseducatius.xtec.cat\/vallesoriental4\/wp-json\/wp\/v2\/posts"}],"about":[{"href":"https:\/\/serveiseducatius.xtec.cat\/vallesoriental4\/wp-json\/wp\/v2\/types\/post"}],"author":[{"embeddable":true,"href":"https:\/\/serveiseducatius.xtec.cat\/vallesoriental4\/wp-json\/wp\/v2\/users\/1"}],"replies":[{"embeddable":true,"href":"https:\/\/serveiseducatius.xtec.cat\/vallesoriental4\/wp-json\/wp\/v2\/comments?post=19869"}],"version-history":[{"count":2,"href":"https:\/\/serveiseducatius.xtec.cat\/vallesoriental4\/wp-json\/wp\/v2\/posts\/19869\/revisions"}],"predecessor-version":[{"id":19872,"href":"https:\/\/serveiseducatius.xtec.cat\/vallesoriental4\/wp-json\/wp\/v2\/posts\/19869\/revisions\/19872"}],"wp:featuredmedia":[{"embeddable":true,"href":"https:\/\/serveiseducatius.xtec.cat\/vallesoriental4\/wp-json\/wp\/v2\/media\/19871"}],"wp:attachment":[{"href":"https:\/\/serveiseducatius.xtec.cat\/vallesoriental4\/wp-json\/wp\/v2\/media?parent=19869"}],"wp:term":[{"taxonomy":"category","embeddable":true,"href":"https:\/\/serveiseducatius.xtec.cat\/vallesoriental4\/wp-json\/wp\/v2\/categories?post=19869"},{"taxonomy":"post_tag","embeddable":true,"href":"https:\/\/serveiseducatius.xtec.cat\/vallesoriental4\/wp-json\/wp\/v2\/tags?post=19869"}],"curies":[{"name":"wp","href":"https:\/\/api.w.org\/{rel}","templated":true}]}}