{"id":19399,"date":"2023-05-25T12:59:04","date_gmt":"2023-05-25T10:59:04","guid":{"rendered":"https:\/\/serveiseducatius.xtec.cat\/vallesoriental4\/?p=19399"},"modified":"2023-05-25T13:17:17","modified_gmt":"2023-05-25T11:17:17","slug":"curs-per-a-docents-ods-i-educacio-per-a-la-sostenibilitat","status":"publish","type":"post","link":"https:\/\/serveiseducatius.xtec.cat\/vallesoriental4\/portada\/curs-per-a-docents-ods-i-educacio-per-a-la-sostenibilitat\/","title":{"rendered":"Curs per a docents: ODS i educaci\u00f3 per a la sostenibilitat"},"content":{"rendered":"<p>&nbsp;<\/p>\n<p><a href=\"https:\/\/serveiseducatius.xtec.cat\/vallesoriental4\/wp-content\/uploads\/usu1133\/2023\/05\/concepto-dia-educacion-ambiental-300x284-1.jpg\"><img loading=\"lazy\" decoding=\"async\" class=\"size-full wp-image-19401 alignleft\" src=\"https:\/\/serveiseducatius.xtec.cat\/vallesoriental4\/wp-content\/uploads\/usu1133\/2023\/05\/concepto-dia-educacion-ambiental-300x284-1.jpg\" alt=\"\" width=\"300\" height=\"284\" \/><\/a><\/p>\n<p>Ens plau enviar-vos la informaci\u00f3 d\u2019un nou curs organitzat pel Col\u00b7legi d\u2019Ambient\u00f2legs de Catalunya (COAMB), aquest cop dirigit a docents i reconegut pel Departament d\u2019Educaci\u00f3. Aquest curs es titula\u00a0<a href=\"https:\/\/www.coamb.cat\/curs\/ods-i-educacio-per-a-la-sostenibilitat-per-crear-situacions-daprenentatge-el-nou-curriculum-com-a-oportunitat\/\" target=\"_blank\" rel=\"noopener noreferrer\" data-saferedirecturl=\"https:\/\/www.google.com\/url?q=https:\/\/www.coamb.cat\/curs\/ods-i-educacio-per-a-la-sostenibilitat-per-crear-situacions-daprenentatge-el-nou-curriculum-com-a-oportunitat\/&amp;source=gmail&amp;ust=1685087152785000&amp;usg=AOvVaw2kDU7GJ-vWH0F99SQe3ye9\">\u201cODS i educaci\u00f3 per a la sostenibilitat per crear situacions d\u2019aprenentatge. El nou curr\u00edculum com a oportunitat\u201d<\/a>.<\/p>\n<p>Aquest curs aborda de manera pr\u00e0ctica la incorporaci\u00f3 de l\u2019Educaci\u00f3 per a la Sostenibilitat i els Objectius de Desenvolupament Sostenible a la doc\u00e8ncia, aportant eines, recursos pedag\u00f2gics i bones pr\u00e0ctiques per a crear situacions d\u2019aprenentatge centrades en el vector del curr\u00edculum Ciutadania democr\u00e0tica i consci\u00e8ncia global i que promoguin el desenvolupament de compet\u00e8ncies en sostenibilitat entre l\u2019alumnat.<\/p>\n<p>El curs consta de\u00a0<strong>30 hores lectives<\/strong>, de les quals 20 corresponen a sessions i 10 de treball aut\u00f2nom. T\u00e9 format semipresencial: 5 sessions per videoconfer\u00e8ncia s\u00edncrona i sessi\u00f3 de cloenda presencial. Del 3 al 13 de juliol en horari de mat\u00ed<\/p>\n<p>Destinataris: aquest curs est\u00e0 adre\u00e7at a\u00a0<strong>docents d\u2019educaci\u00f3 b\u00e0sica (prim\u00e0ria i secund\u00e0ria obligat\u00f2ria)<\/strong>\u00a0i \u00e9s obert a diferents disciplines.<\/p>\n<p>Podeu veure el fullet\u00f3 amb la informaci\u00f3 detallada en el seg\u00fcent\u00a0<a href=\"https:\/\/www.coamb.cat\/wp-content\/uploads\/2023\/05\/Curs-docents-2023-sostenibilitat-i-ods.pdf\" target=\"_blank\" rel=\"noopener noreferrer\" data-saferedirecturl=\"https:\/\/www.google.com\/url?q=https:\/\/www.coamb.cat\/wp-content\/uploads\/2023\/05\/Curs-docents-2023-sostenibilitat-i-ods.pdf&amp;source=gmail&amp;ust=1685087152785000&amp;usg=AOvVaw3UKAEnM0yMoYn1jEwr12i9\">enlla\u00e7<\/a>.<\/p>\n<p>Les inscripcions es poden realitzar fins el 31 de maig a trav\u00e9s de la\u00a0<a href=\"https:\/\/aplicacions.gestioeducativa.gencat.cat\/pls\/soloas\/pk_for_mod_ins.p_for_pre_cons_activitats?p_any=2022-2023&amp;p_codi=9002280545\" target=\"_blank\" rel=\"noopener noreferrer\" data-saferedirecturl=\"https:\/\/www.google.com\/url?q=https:\/\/aplicacions.gestioeducativa.gencat.cat\/pls\/soloas\/pk_for_mod_ins.p_for_pre_cons_activitats?p_any%3D2022-2023%26p_codi%3D9002280545&amp;source=gmail&amp;ust=1685087152785000&amp;usg=AOvVaw3nJuzQd3B6IwURYrs-KBDO\">XTEC<\/a>, dins la oferta de formaci\u00f3 d\u2019estiu.<\/p>\n<p><img loading=\"lazy\" decoding=\"async\" class=\"\" src=\"https:\/\/www.coamb.cat\/wp-content\/uploads\/logo-COAMB-horitzontal1.jpg\" alt=\"COAMB\" width=\"392\" height=\"98\" \/><\/p>\n","protected":false},"excerpt":{"rendered":"<p>&nbsp; Ens plau enviar-vos la informaci\u00f3 d\u2019un nou curs organitzat pel Col\u00b7legi d\u2019Ambient\u00f2legs de Catalunya (COAMB), aquest cop dirigit a docents i reconegut pel Departament d\u2019Educaci\u00f3. Aquest curs es titula\u00a0\u201cODS i educaci\u00f3 per a la sostenibilitat per crear situacions d\u2019aprenentatge. El nou curr\u00edculum com a oportunitat\u201d. Aquest curs aborda de manera pr\u00e0ctica la incorporaci\u00f3 de [&hellip;]<\/p>\n","protected":false},"author":1,"featured_media":19401,"comment_status":"open","ping_status":"closed","sticky":false,"template":"","format":"standard","meta":{"_bbp_topic_count":0,"_bbp_reply_count":0,"_bbp_total_topic_count":0,"_bbp_total_reply_count":0,"_bbp_voice_count":0,"_bbp_anonymous_reply_count":0,"_bbp_topic_count_hidden":0,"_bbp_reply_count_hidden":0,"_bbp_forum_subforum_count":0,"site-sidebar-layout":"default","site-content-layout":"","ast-site-content-layout":"","site-content-style":"default","site-sidebar-style":"default","ast-global-header-display":"","ast-banner-title-visibility":"","ast-main-header-display":"","ast-hfb-above-header-display":"","ast-hfb-below-header-display":"","ast-hfb-mobile-header-display":"","site-post-title":"","ast-breadcrumbs-content":"","ast-featured-img":"","footer-sml-layout":"","theme-transparent-header-meta":"","adv-header-id-meta":"","stick-header-meta":"","header-above-stick-meta":"","header-main-stick-meta":"","header-below-stick-meta":"","astra-migrate-meta-layouts":"default","ast-page-background-enabled":"default","ast-page-background-meta":{"desktop":{"background-color":"var(--ast-global-color-4)","background-image":"","background-repeat":"repeat","background-position":"center center","background-size":"auto","background-attachment":"scroll","background-type":"","background-media":"","overlay-type":"","overlay-color":"","overlay-opacity":"","overlay-gradient":""},"tablet":{"background-color":"","background-image":"","background-repeat":"repeat","background-position":"center center","background-size":"auto","background-attachment":"scroll","background-type":"","background-media":"","overlay-type":"","overlay-color":"","overlay-opacity":"","overlay-gradient":""},"mobile":{"background-color":"","background-image":"","background-repeat":"repeat","background-position":"center center","background-size":"auto","background-attachment":"scroll","background-type":"","background-media":"","overlay-type":"","overlay-color":"","overlay-opacity":"","overlay-gradient":""}},"ast-content-background-meta":{"desktop":{"background-color":"var(--ast-global-color-5)","background-image":"","background-repeat":"repeat","background-position":"center center","background-size":"auto","background-attachment":"scroll","background-type":"","background-media":"","overlay-type":"","overlay-color":"","overlay-opacity":"","overlay-gradient":""},"tablet":{"background-color":"var(--ast-global-color-5)","background-image":"","background-repeat":"repeat","background-position":"center center","background-size":"auto","background-attachment":"scroll","background-type":"","background-media":"","overlay-type":"","overlay-color":"","overlay-opacity":"","overlay-gradient":""},"mobile":{"background-color":"var(--ast-global-color-5)","background-image":"","background-repeat":"repeat","background-position":"center center","background-size":"auto","background-attachment":"scroll","background-type":"","background-media":"","overlay-type":"","overlay-color":"","overlay-opacity":"","overlay-gradient":""}},"footnotes":""},"categories":[681,29],"tags":[],"class_list":["post-19399","post","type-post","status-publish","format-standard","has-post-thumbnail","hentry","category-ciencies","category-portada"],"post_mailing_queue_ids":[],"_links":{"self":[{"href":"https:\/\/serveiseducatius.xtec.cat\/vallesoriental4\/wp-json\/wp\/v2\/posts\/19399","targetHints":{"allow":["GET"]}}],"collection":[{"href":"https:\/\/serveiseducatius.xtec.cat\/vallesoriental4\/wp-json\/wp\/v2\/posts"}],"about":[{"href":"https:\/\/serveiseducatius.xtec.cat\/vallesoriental4\/wp-json\/wp\/v2\/types\/post"}],"author":[{"embeddable":true,"href":"https:\/\/serveiseducatius.xtec.cat\/vallesoriental4\/wp-json\/wp\/v2\/users\/1"}],"replies":[{"embeddable":true,"href":"https:\/\/serveiseducatius.xtec.cat\/vallesoriental4\/wp-json\/wp\/v2\/comments?post=19399"}],"version-history":[{"count":3,"href":"https:\/\/serveiseducatius.xtec.cat\/vallesoriental4\/wp-json\/wp\/v2\/posts\/19399\/revisions"}],"predecessor-version":[{"id":19406,"href":"https:\/\/serveiseducatius.xtec.cat\/vallesoriental4\/wp-json\/wp\/v2\/posts\/19399\/revisions\/19406"}],"wp:featuredmedia":[{"embeddable":true,"href":"https:\/\/serveiseducatius.xtec.cat\/vallesoriental4\/wp-json\/wp\/v2\/media\/19401"}],"wp:attachment":[{"href":"https:\/\/serveiseducatius.xtec.cat\/vallesoriental4\/wp-json\/wp\/v2\/media?parent=19399"}],"wp:term":[{"taxonomy":"category","embeddable":true,"href":"https:\/\/serveiseducatius.xtec.cat\/vallesoriental4\/wp-json\/wp\/v2\/categories?post=19399"},{"taxonomy":"post_tag","embeddable":true,"href":"https:\/\/serveiseducatius.xtec.cat\/vallesoriental4\/wp-json\/wp\/v2\/tags?post=19399"}],"curies":[{"name":"wp","href":"https:\/\/api.w.org\/{rel}","templated":true}]}}