{"id":19217,"date":"2023-05-04T10:57:48","date_gmt":"2023-05-04T08:57:48","guid":{"rendered":"https:\/\/serveiseducatius.xtec.cat\/vallesoriental4\/?p=19217"},"modified":"2023-05-04T10:57:48","modified_gmt":"2023-05-04T08:57:48","slug":"jornades-sobre-autisme-per-una-educacio-inclusiva-real-reconeguda-pel-departament-deducacio","status":"publish","type":"post","link":"https:\/\/serveiseducatius.xtec.cat\/vallesoriental4\/portada\/jornades-sobre-autisme-per-una-educacio-inclusiva-real-reconeguda-pel-departament-deducacio\/","title":{"rendered":"Jornades sobre autisme: &#8220;Per una educaci\u00f3 inclusiva real&#8221;. Reconeguda pel Departament d&#8217;Educaci\u00f3"},"content":{"rendered":"<p><a href=\"https:\/\/serveiseducatius.xtec.cat\/vallesoriental4\/wp-content\/uploads\/usu1133\/2023\/05\/JORNADA-EDUCACIO-INCLUSIVA.jpg\"><img loading=\"lazy\" decoding=\"async\" class=\"wp-image-19220 alignleft\" src=\"https:\/\/serveiseducatius.xtec.cat\/vallesoriental4\/wp-content\/uploads\/usu1133\/2023\/05\/JORNADA-EDUCACIO-INCLUSIVA-1024x1024.jpg\" alt=\"\" width=\"390\" height=\"390\" srcset=\"https:\/\/serveiseducatius.xtec.cat\/vallesoriental4\/wp-content\/uploads\/usu1133\/2023\/05\/JORNADA-EDUCACIO-INCLUSIVA-1024x1024.jpg 1024w, https:\/\/serveiseducatius.xtec.cat\/vallesoriental4\/wp-content\/uploads\/usu1133\/2023\/05\/JORNADA-EDUCACIO-INCLUSIVA-300x300.jpg 300w, https:\/\/serveiseducatius.xtec.cat\/vallesoriental4\/wp-content\/uploads\/usu1133\/2023\/05\/JORNADA-EDUCACIO-INCLUSIVA-150x150.jpg 150w, https:\/\/serveiseducatius.xtec.cat\/vallesoriental4\/wp-content\/uploads\/usu1133\/2023\/05\/JORNADA-EDUCACIO-INCLUSIVA-768x768.jpg 768w, https:\/\/serveiseducatius.xtec.cat\/vallesoriental4\/wp-content\/uploads\/usu1133\/2023\/05\/JORNADA-EDUCACIO-INCLUSIVA.jpg 1080w\" sizes=\"auto, (max-width: 390px) 100vw, 390px\" \/><\/a><\/p>\n<p>Soc Cristina Vila Pe\u00f1uelas, soci\u00f2loga i creadora de l&#8217;<em>Associaci\u00f3 Cultivant Igualtat<\/em>\u00a0i tamb\u00e9 soc mare d&#8217;una noia de 15 anys autista. Des de l&#8217;entitat treballem temes de\u00a0<strong>coeducaci\u00f3 i prevenci\u00f3 de viol\u00e8ncies masclistes amb mirada interseccional<\/strong>\u00a0a trav\u00e9s d&#8217;un projecte que es diu\u00a0<a href=\"https:\/\/cambiaelcuento.com\/\">Canvia el conte.<\/a><\/p>\n<p>Estem organitzant una\u00a0<a href=\"https:\/\/cambiaelcuento.com\/mujeres-autistas\/jornada-formativa-per-una-educacio-inclusiva-real-autisme-i-genere\/\">jornada<\/a>\u00a0sobre autisme\u00a0<strong>\u201cPer una educaci\u00f3 inclusiva real\u201d\u00a0<\/strong>que realitzarem el\u00a0<strong>20 i 27 de maig<\/strong>\u00a0(<strong>presencial<\/strong>\u00a0&#8211;\u00a0<strong>Centre Cultural La Merc\u00e8, Girona<\/strong>&#8211; i<strong>\u00a0en l\u00ednia<\/strong>) i comptem amb una\u00a0<strong>subvenci\u00f3 d&#8217;Igualtat i Feminismes<\/strong>\u00a0i de<strong>\u00a0Diputaci\u00f3 de Girona.<\/strong><\/p>\n<p><strong>El projecte sorgeix d&#8217;aquest v\u00eddeo gravat a L&#8217;<a href=\"https:\/\/www.celracultura.cat\/ca\/teatre-lateneu-de-celra.html\">Ateneu de Celr\u00e0<\/a>\u00a0per visibilitzar l&#8217;autisme en noies:<a href=\"https:\/\/www.youtube.com\/watch?v=N8ykPQd8ENM\">\u00a0&#8220;Nosaltres tamb\u00e9 podem volar&#8221;.<\/a>\u00a0<\/strong>Al final de la jornada del dissabte, farem la representaci\u00f3 teatral de les\u00a0<em>Aneguetes<\/em>\u00a0a c\u00e0rrec de noies autistes que explicaran com viuen des de dins l&#8217;espectre i algunes de les actrius i actors de &#8220;Canvia el conte&#8221; (<a href=\"https:\/\/www.agt.cat\/soci\/llorente-saguer\/\">Ovidi Llorente<\/a>\u00a0i\u00a0<a href=\"https:\/\/www.instagram.com\/malopeix\/\">Ma L\u00f3pez<\/a>)<\/p>\n<div>\n<div class=\"ast-oembed-container \" style=\"height: 100%;\"><iframe loading=\"lazy\" title=\"La patita tambi\u00e9n puede volar - #CambiaElCuento - Ni\u00f1as TEA\" width=\"500\" height=\"281\" src=\"https:\/\/www.youtube.com\/embed\/N8ykPQd8ENM?feature=oembed\" frameborder=\"0\" allow=\"accelerometer; autoplay; clipboard-write; encrypted-media; gyroscope; picture-in-picture; web-share\" referrerpolicy=\"strict-origin-when-cross-origin\" allowfullscreen><\/iframe><\/div>\n<p><strong>PER QU\u00c8 FEM AQUESTA JORNADA?<\/strong><\/p>\n<p><strong><em>L\u2019alumnat autista -i sobretot noies- acaba abandonant la formaci\u00f3 postobligat\u00f2ria per les barreres que es troben perqu\u00e8 no tenen ni les adaptacions ni els suports necessaris.<\/em><\/strong><\/p>\n<p><strong>Per qu\u00e8 moltes vegades desconeixem qu\u00e8 \u00e9s l\u2019autisme i com podem garantir la igualtat d\u2019oportunitats en els centres educatius?\u00a0<\/strong><\/p>\n<p>Existeixen tantes preguntes, dubtes i interrogants que esperem resoldre\u2019ls aportant <strong>continguts, metodologies i eines que ajudin a construir espais educatius m\u00e9s inclusius i equitatius.\u00a0<\/strong><\/p>\n<\/div>\n<div>\n<p><strong>COM PODEM GARANTIR LA IGUALTAT D&#8217;OPORTUNITATS A L&#8217;EDUCACI\u00d3?<\/strong><\/p>\n<p>Parlarem de la <strong>detecci\u00f3 de l\u2019autisme<\/strong>\u00a0en les diferents etapes educatives i amb\u00a0<strong>mirada de g\u00e8nere<\/strong>, de l\u2019<strong>adaptaci\u00f3 curricular des de dins i fora de l&#8217;espectre<\/strong>, de la\u00a0<strong>prevenci\u00f3 de l\u2019assetjament escola<\/strong>r i de la\u00a0<strong>viol\u00e8ncia masclista<\/strong>, i un llarg etc\u00e8tera.<\/p>\n<p><strong>QUI SERAN LES PERSONES PONENTS?<\/strong><\/p>\n<p>A c\u00e0rrec de Sara Codina\u00a0<a href=\"https:\/\/www.instagram.com\/mujeryautista\/\">(Mujer y Autista<\/a>), Marisa Mart\u00ednez (<a href=\"https:\/\/www.instagram.com\/lamichiautista\/\">La Michi Autista<\/a>), Carles Vallv\u00e9 de\u00a0<a href=\"https:\/\/blog.socasperger.cat\/\">Soc Asperger<\/a>, Helena Rivera Psic\u00f2loga (CSMIJ), Jordi Sunyer (Director de Joan XXIII), Maga Paiva (<a href=\"https:\/\/www.instagram.com\/clubneurokids\/\">Terapeuta Ocupacional<\/a>), Anna Rigat, Judith Rabat i Jordi Sunyol de l&#8217;Escola d&#8217;Educaci\u00f3 Especial de Joan XXIII), Laura de Batlle (<a href=\"https:\/\/www.teacompanyem.cat\/\">TEAcompanyem<\/a>), Hugo Rovira de Saralegui de\u00a0<a href=\"https:\/\/dixit.gencat.cat\/web\/.content\/home\/04recursos\/03dixit_tv\/01ressenyes\/2021\/20210331_suports_aprenentatge_estudiants_problemes_salut_mental\/presentacio_la_foixarda_fundacio_drissa.pdf\">La Foixarda<\/a>, de Carmen Molina de\u00a0<a href=\"https:\/\/cepama.es\/\">CEPAMA<\/a>\u00a0entre d\u2019altres professionals i persones autistes parlant en primera persona.<\/p>\n<p><strong>A QUI VAN ADRE\u00c7ADES?<\/strong><\/p>\n<p>A\u00a0<strong>fam\u00edlies<\/strong>\u00a0i a\u00a0<strong>docents<\/strong>\u00a0de Prim\u00e0ria, Secund\u00e0ria, Cicles Formatius, Universitats, etc.<\/p>\n<p><strong>PROGRAMA COMPLET I INSCRIPCIONS<\/strong><\/p>\n<p><strong>Per veure el programa complet o realitzar la inscripci\u00f3, poden trobar-lo\u00a0<\/strong><a href=\"https:\/\/cambiaelcuento.com\/mujeres-autistas\/jornada-formativa-per-una-educacio-inclusiva-real-autisme-i-genere\/\"><strong>aqu\u00ed<\/strong><\/a><strong>\u00a0<\/strong><\/p>\n<p><strong>Reconeguda pel Departament d&#8217;Educaci\u00f3 (12 hores)<\/strong><\/p>\n<p>M\u00e9s informaci\u00f3 a la\u00a0<a href=\"https:\/\/cambiaelcuento.com\/mujeres-autistas\/jornada-formativa-per-una-educacio-inclusiva-real-autisme-i-genere\/\">web.<\/a><\/p>\n<p>&nbsp;<\/p>\n<p>&nbsp;<\/p>\n<\/div>\n","protected":false},"excerpt":{"rendered":"<p>Soc Cristina Vila Pe\u00f1uelas, soci\u00f2loga i creadora de l&#8217;Associaci\u00f3 Cultivant Igualtat\u00a0i tamb\u00e9 soc mare d&#8217;una noia de 15 anys autista. Des de l&#8217;entitat treballem temes de\u00a0coeducaci\u00f3 i prevenci\u00f3 de viol\u00e8ncies masclistes amb mirada interseccional\u00a0a trav\u00e9s d&#8217;un projecte que es diu\u00a0Canvia el conte. Estem organitzant una\u00a0jornada\u00a0sobre autisme\u00a0\u201cPer una educaci\u00f3 inclusiva real\u201d\u00a0que realitzarem el\u00a020 i 27 de [&hellip;]<\/p>\n","protected":false},"author":1,"featured_media":19220,"comment_status":"open","ping_status":"closed","sticky":false,"template":"","format":"standard","meta":{"_bbp_topic_count":0,"_bbp_reply_count":0,"_bbp_total_topic_count":0,"_bbp_total_reply_count":0,"_bbp_voice_count":0,"_bbp_anonymous_reply_count":0,"_bbp_topic_count_hidden":0,"_bbp_reply_count_hidden":0,"_bbp_forum_subforum_count":0,"site-sidebar-layout":"default","site-content-layout":"","ast-site-content-layout":"","site-content-style":"default","site-sidebar-style":"default","ast-global-header-display":"","ast-banner-title-visibility":"","ast-main-header-display":"","ast-hfb-above-header-display":"","ast-hfb-below-header-display":"","ast-hfb-mobile-header-display":"","site-post-title":"","ast-breadcrumbs-content":"","ast-featured-img":"","footer-sml-layout":"","theme-transparent-header-meta":"","adv-header-id-meta":"","stick-header-meta":"","header-above-stick-meta":"","header-main-stick-meta":"","header-below-stick-meta":"","astra-migrate-meta-layouts":"default","ast-page-background-enabled":"default","ast-page-background-meta":{"desktop":{"background-color":"var(--ast-global-color-4)","background-image":"","background-repeat":"repeat","background-position":"center center","background-size":"auto","background-attachment":"scroll","background-type":"","background-media":"","overlay-type":"","overlay-color":"","overlay-opacity":"","overlay-gradient":""},"tablet":{"background-color":"","background-image":"","background-repeat":"repeat","background-position":"center center","background-size":"auto","background-attachment":"scroll","background-type":"","background-media":"","overlay-type":"","overlay-color":"","overlay-opacity":"","overlay-gradient":""},"mobile":{"background-color":"","background-image":"","background-repeat":"repeat","background-position":"center center","background-size":"auto","background-attachment":"scroll","background-type":"","background-media":"","overlay-type":"","overlay-color":"","overlay-opacity":"","overlay-gradient":""}},"ast-content-background-meta":{"desktop":{"background-color":"var(--ast-global-color-5)","background-image":"","background-repeat":"repeat","background-position":"center center","background-size":"auto","background-attachment":"scroll","background-type":"","background-media":"","overlay-type":"","overlay-color":"","overlay-opacity":"","overlay-gradient":""},"tablet":{"background-color":"var(--ast-global-color-5)","background-image":"","background-repeat":"repeat","background-position":"center center","background-size":"auto","background-attachment":"scroll","background-type":"","background-media":"","overlay-type":"","overlay-color":"","overlay-opacity":"","overlay-gradient":""},"mobile":{"background-color":"var(--ast-global-color-5)","background-image":"","background-repeat":"repeat","background-position":"center center","background-size":"auto","background-attachment":"scroll","background-type":"","background-media":"","overlay-type":"","overlay-color":"","overlay-opacity":"","overlay-gradient":""}},"footnotes":""},"categories":[792,598,29],"tags":[],"class_list":["post-19217","post","type-post","status-publish","format-standard","has-post-thumbnail","hentry","category-aquiproubullying","category-inclusio-a-les-aules","category-portada"],"post_mailing_queue_ids":[],"_links":{"self":[{"href":"https:\/\/serveiseducatius.xtec.cat\/vallesoriental4\/wp-json\/wp\/v2\/posts\/19217","targetHints":{"allow":["GET"]}}],"collection":[{"href":"https:\/\/serveiseducatius.xtec.cat\/vallesoriental4\/wp-json\/wp\/v2\/posts"}],"about":[{"href":"https:\/\/serveiseducatius.xtec.cat\/vallesoriental4\/wp-json\/wp\/v2\/types\/post"}],"author":[{"embeddable":true,"href":"https:\/\/serveiseducatius.xtec.cat\/vallesoriental4\/wp-json\/wp\/v2\/users\/1"}],"replies":[{"embeddable":true,"href":"https:\/\/serveiseducatius.xtec.cat\/vallesoriental4\/wp-json\/wp\/v2\/comments?post=19217"}],"version-history":[{"count":3,"href":"https:\/\/serveiseducatius.xtec.cat\/vallesoriental4\/wp-json\/wp\/v2\/posts\/19217\/revisions"}],"predecessor-version":[{"id":19224,"href":"https:\/\/serveiseducatius.xtec.cat\/vallesoriental4\/wp-json\/wp\/v2\/posts\/19217\/revisions\/19224"}],"wp:featuredmedia":[{"embeddable":true,"href":"https:\/\/serveiseducatius.xtec.cat\/vallesoriental4\/wp-json\/wp\/v2\/media\/19220"}],"wp:attachment":[{"href":"https:\/\/serveiseducatius.xtec.cat\/vallesoriental4\/wp-json\/wp\/v2\/media?parent=19217"}],"wp:term":[{"taxonomy":"category","embeddable":true,"href":"https:\/\/serveiseducatius.xtec.cat\/vallesoriental4\/wp-json\/wp\/v2\/categories?post=19217"},{"taxonomy":"post_tag","embeddable":true,"href":"https:\/\/serveiseducatius.xtec.cat\/vallesoriental4\/wp-json\/wp\/v2\/tags?post=19217"}],"curies":[{"name":"wp","href":"https:\/\/api.w.org\/{rel}","templated":true}]}}