{"id":18894,"date":"2023-03-28T10:29:25","date_gmt":"2023-03-28T08:29:25","guid":{"rendered":"https:\/\/serveiseducatius.xtec.cat\/vallesoriental4\/?p=18894"},"modified":"2023-03-28T10:29:25","modified_gmt":"2023-03-28T08:29:25","slug":"cursos-de-formacio-educacio-basica-infantil-primaria-secundaria-batxillerat-i-deducacio-al-llarg-de-la-vida","status":"publish","type":"post","link":"https:\/\/serveiseducatius.xtec.cat\/vallesoriental4\/portada\/cursos-de-formacio-educacio-basica-infantil-primaria-secundaria-batxillerat-i-deducacio-al-llarg-de-la-vida\/","title":{"rendered":"Cursos de formaci\u00f3 Educaci\u00f3 B\u00e0sica (Infantil-Prim\u00e0ria-Secund\u00e0ria), Batxillerat i d&#8217;Educaci\u00f3 al llarg de la vida"},"content":{"rendered":"<p lang=\"x-size-15\"><a href=\"https:\/\/serveiseducatius.xtec.cat\/vallesoriental4\/wp-content\/uploads\/usu1133\/2023\/03\/unnamed-4.jpg\"><img loading=\"lazy\" decoding=\"async\" class=\"alignnone size-full wp-image-18895\" src=\"https:\/\/serveiseducatius.xtec.cat\/vallesoriental4\/wp-content\/uploads\/usu1133\/2023\/03\/unnamed-4.jpg\" alt=\"\" width=\"733\" height=\"393\" srcset=\"https:\/\/serveiseducatius.xtec.cat\/vallesoriental4\/wp-content\/uploads\/usu1133\/2023\/03\/unnamed-4.jpg 733w, https:\/\/serveiseducatius.xtec.cat\/vallesoriental4\/wp-content\/uploads\/usu1133\/2023\/03\/unnamed-4-300x161.jpg 300w\" sizes=\"auto, (max-width: 733px) 100vw, 733px\" \/><\/a><\/p>\n<p class=\"m_-1671776905049474289size-15\" lang=\"x-size-15\">Les\u00a0<strong><a href=\"https:\/\/idp-iceub.cmail19.com\/t\/d-l-zklsuy-jykkskrju-r\/\" target=\"_blank\" rel=\"noopener\" data-saferedirecturl=\"https:\/\/www.google.com\/url?q=https:\/\/idp-iceub.cmail19.com\/t\/d-l-zklsuy-jykkskrju-r\/&amp;source=gmail&amp;ust=1680074263006000&amp;usg=AOvVaw2IaJMdiWB1negApNsNyCAC\">activit<\/a><a href=\"https:\/\/idp-iceub.cmail19.com\/t\/d-l-zklsuy-jykkskrju-r\/\" target=\"_blank\" rel=\"noopener\" data-saferedirecturl=\"https:\/\/www.google.com\/url?q=https:\/\/idp-iceub.cmail19.com\/t\/d-l-zklsuy-jykkskrju-r\/&amp;source=gmail&amp;ust=1680074263006000&amp;usg=AOvVaw2IaJMdiWB1negApNsNyCAC\">ats gratu\u00eftes coorganitzades<\/a><\/strong>\u00a0conjuntament amb el Departament d&#8217;Educaci\u00f3 que presentem a continuaci\u00f3 tenen com a eix vertebrador el desenvolupament curricular dels seg\u00fcents vectors:<\/p>\n<ul>\n<li class=\"m_-1671776905049474289size-15\" lang=\"x-size-15\">Universalitat<\/li>\n<li class=\"m_-1671776905049474289size-15\" lang=\"x-size-15\">Perspectiva de g\u00e8nere<\/li>\n<li class=\"m_-1671776905049474289size-15\" lang=\"x-size-15\">Aprenentatge competencial<\/li>\n<li class=\"m_-1671776905049474289size-15\" lang=\"x-size-15\">Ciutadania democr\u00e0tica i consci\u00e8ncia global<\/li>\n<li class=\"m_-1671776905049474289size-15\" lang=\"x-size-15\">Benestar Emocional<\/li>\n<li class=\"m_-1671776905049474289size-15\" lang=\"x-size-15\">Educaci\u00f3 de qualitat de les lleng\u00fces (angl\u00e8s i catal\u00e0)<\/li>\n<\/ul>\n<p class=\"m_-1671776905049474289size-15\" lang=\"x-size-15\">Amb la finalitat que aquestes activitats formatives siguin accessibles a totes les persones del pa\u00eds, s\u2019han dissenyat de manera que la major part siguin en l\u00ednia, modalitat s\u00edncrona i\/o as\u00edncrona-tutoritzada, excepte tres que es realitzaran de forma presencial.<\/p>\n<p class=\"m_-1671776905049474289size-15\" lang=\"x-size-15\">Hem intentat cercar la conjunci\u00f3 entre els \u201csabers\u201d de la recerca i de la Universitat i els \u201csabers\u201d de la pr\u00e0ctica representats per docents de centres educatius i grups de treball de l\u2019IDP-ICE UB.<\/p>\n<p class=\"m_-1671776905049474289size-15\" lang=\"x-size-15\">Per altra banda, tamb\u00e9 us presentem un nou cicle de\u00a0<strong><a href=\"https:\/\/idp-iceub.cmail19.com\/t\/d-l-zklsuy-jykkskrju-y\/\" target=\"_blank\" rel=\"noopener\" data-saferedirecturl=\"https:\/\/www.google.com\/url?q=https:\/\/idp-iceub.cmail19.com\/t\/d-l-zklsuy-jykkskrju-y\/&amp;source=gmail&amp;ust=1680074263006000&amp;usg=AOvVaw3vYF5Xb42272yxmLAi9dBT\">CONFER\u00c8NCIES EN L\u00cdNIA<\/a>,<\/strong>\u00a0on podreu trobar en format encapsulat i gratu\u00eft propostes formatives f\u00e0cilment traslladables a l\u2019aula.<\/p>\n<p class=\"m_-1671776905049474289size-15\" lang=\"x-size-15\">Aquestes formacions s\u2019adrecen al professorat d\u2019educaci\u00f3 b\u00e0sica (Infantil-Prim\u00e0ria-Secund\u00e0ria)<wbr \/>, de batxillerat i de centres de formaci\u00f3 d\u2019adults de Catalunya.<\/p>\n<p class=\"m_-1671776905049474289size-15\" lang=\"x-size-15\">Finalment, us recordem que encara queden places disponibles al taller d&#8217;<strong><a href=\"https:\/\/idp-iceub.cmail19.com\/t\/d-l-zklsuy-jykkskrju-i\/\" target=\"_blank\" rel=\"noopener\" data-saferedirecturl=\"https:\/\/www.google.com\/url?q=https:\/\/idp-iceub.cmail19.com\/t\/d-l-zklsuy-jykkskrju-i\/&amp;source=gmail&amp;ust=1680074263006000&amp;usg=AOvVaw3XeXi9nkXd-p0PxBH8H4yw\">iniciaci\u00f3 Bosquescuela<\/a><\/strong>\u00a0i a la confer\u00e8ncia\u00a0<strong><a href=\"https:\/\/idp-iceub.cmail19.com\/t\/d-l-zklsuy-jykkskrju-d\/\" target=\"_blank\" rel=\"noopener\" data-saferedirecturl=\"https:\/\/www.google.com\/url?q=https:\/\/idp-iceub.cmail19.com\/t\/d-l-zklsuy-jykkskrju-d\/&amp;source=gmail&amp;ust=1680074263006000&amp;usg=AOvVaw2_HRejNL9JPzWs1cYPwUdX\">Pedagogia Relacional Fontal<\/a><\/strong>.<\/p>\n<p lang=\"x-size-15\"><strong>Institut Desenvolupament Professional (IDP-ICE)<\/strong><br \/>\n<strong>Formaci\u00f3 permanent del professorat<br \/>\nSecci\u00f3 d&#8217;Infantil, Prim\u00e0ria, Secund\u00e0ria i Formaci\u00f3 Professional<\/strong><\/p>\n<p lang=\"x-size-15\"><img loading=\"lazy\" decoding=\"async\" class=\"\" src=\"https:\/\/ci5.googleusercontent.com\/proxy\/wpJlTzC7scgZhNjCGCovG8zRBmdXkiMC8AVZSDy5LCZhnfbJm60TinjP4IpzN9WM4TgcrWwjFK9dOefc1qPe_UuD5K6UhIWRaeqeugIPWkJ_NY_ZKkwCiEnbk1G3T6yGIw=s0-d-e1-ft#http:\/\/i1.cmail19.com\/ei\/d\/7D\/034\/45B\/215714\/csfinal\/AF-IDP-positiu-ver-ub.png\" width=\"191\" height=\"133\" \/><\/p>\n","protected":false},"excerpt":{"rendered":"<p>Les\u00a0activitats gratu\u00eftes coorganitzades\u00a0conjuntament amb el Departament d&#8217;Educaci\u00f3 que presentem a continuaci\u00f3 tenen com a eix vertebrador el desenvolupament curricular dels seg\u00fcents vectors: Universalitat Perspectiva de g\u00e8nere Aprenentatge competencial Ciutadania democr\u00e0tica i consci\u00e8ncia global Benestar Emocional Educaci\u00f3 de qualitat de les lleng\u00fces (angl\u00e8s i catal\u00e0) Amb la finalitat que aquestes activitats formatives siguin accessibles a totes [&hellip;]<\/p>\n","protected":false},"author":1,"featured_media":18895,"comment_status":"open","ping_status":"closed","sticky":false,"template":"","format":"standard","meta":{"_bbp_topic_count":0,"_bbp_reply_count":0,"_bbp_total_topic_count":0,"_bbp_total_reply_count":0,"_bbp_voice_count":0,"_bbp_anonymous_reply_count":0,"_bbp_topic_count_hidden":0,"_bbp_reply_count_hidden":0,"_bbp_forum_subforum_count":0,"site-sidebar-layout":"default","site-content-layout":"","ast-site-content-layout":"","site-content-style":"default","site-sidebar-style":"default","ast-global-header-display":"","ast-banner-title-visibility":"","ast-main-header-display":"","ast-hfb-above-header-display":"","ast-hfb-below-header-display":"","ast-hfb-mobile-header-display":"","site-post-title":"","ast-breadcrumbs-content":"","ast-featured-img":"","footer-sml-layout":"","theme-transparent-header-meta":"","adv-header-id-meta":"","stick-header-meta":"","header-above-stick-meta":"","header-main-stick-meta":"","header-below-stick-meta":"","astra-migrate-meta-layouts":"default","ast-page-background-enabled":"default","ast-page-background-meta":{"desktop":{"background-color":"var(--ast-global-color-4)","background-image":"","background-repeat":"repeat","background-position":"center center","background-size":"auto","background-attachment":"scroll","background-type":"","background-media":"","overlay-type":"","overlay-color":"","overlay-opacity":"","overlay-gradient":""},"tablet":{"background-color":"","background-image":"","background-repeat":"repeat","background-position":"center center","background-size":"auto","background-attachment":"scroll","background-type":"","background-media":"","overlay-type":"","overlay-color":"","overlay-opacity":"","overlay-gradient":""},"mobile":{"background-color":"","background-image":"","background-repeat":"repeat","background-position":"center center","background-size":"auto","background-attachment":"scroll","background-type":"","background-media":"","overlay-type":"","overlay-color":"","overlay-opacity":"","overlay-gradient":""}},"ast-content-background-meta":{"desktop":{"background-color":"var(--ast-global-color-5)","background-image":"","background-repeat":"repeat","background-position":"center center","background-size":"auto","background-attachment":"scroll","background-type":"","background-media":"","overlay-type":"","overlay-color":"","overlay-opacity":"","overlay-gradient":""},"tablet":{"background-color":"var(--ast-global-color-5)","background-image":"","background-repeat":"repeat","background-position":"center center","background-size":"auto","background-attachment":"scroll","background-type":"","background-media":"","overlay-type":"","overlay-color":"","overlay-opacity":"","overlay-gradient":""},"mobile":{"background-color":"var(--ast-global-color-5)","background-image":"","background-repeat":"repeat","background-position":"center center","background-size":"auto","background-attachment":"scroll","background-type":"","background-media":"","overlay-type":"","overlay-color":"","overlay-opacity":"","overlay-gradient":""}},"footnotes":""},"categories":[29],"tags":[],"class_list":["post-18894","post","type-post","status-publish","format-standard","has-post-thumbnail","hentry","category-portada"],"post_mailing_queue_ids":[],"_links":{"self":[{"href":"https:\/\/serveiseducatius.xtec.cat\/vallesoriental4\/wp-json\/wp\/v2\/posts\/18894","targetHints":{"allow":["GET"]}}],"collection":[{"href":"https:\/\/serveiseducatius.xtec.cat\/vallesoriental4\/wp-json\/wp\/v2\/posts"}],"about":[{"href":"https:\/\/serveiseducatius.xtec.cat\/vallesoriental4\/wp-json\/wp\/v2\/types\/post"}],"author":[{"embeddable":true,"href":"https:\/\/serveiseducatius.xtec.cat\/vallesoriental4\/wp-json\/wp\/v2\/users\/1"}],"replies":[{"embeddable":true,"href":"https:\/\/serveiseducatius.xtec.cat\/vallesoriental4\/wp-json\/wp\/v2\/comments?post=18894"}],"version-history":[{"count":1,"href":"https:\/\/serveiseducatius.xtec.cat\/vallesoriental4\/wp-json\/wp\/v2\/posts\/18894\/revisions"}],"predecessor-version":[{"id":18896,"href":"https:\/\/serveiseducatius.xtec.cat\/vallesoriental4\/wp-json\/wp\/v2\/posts\/18894\/revisions\/18896"}],"wp:featuredmedia":[{"embeddable":true,"href":"https:\/\/serveiseducatius.xtec.cat\/vallesoriental4\/wp-json\/wp\/v2\/media\/18895"}],"wp:attachment":[{"href":"https:\/\/serveiseducatius.xtec.cat\/vallesoriental4\/wp-json\/wp\/v2\/media?parent=18894"}],"wp:term":[{"taxonomy":"category","embeddable":true,"href":"https:\/\/serveiseducatius.xtec.cat\/vallesoriental4\/wp-json\/wp\/v2\/categories?post=18894"},{"taxonomy":"post_tag","embeddable":true,"href":"https:\/\/serveiseducatius.xtec.cat\/vallesoriental4\/wp-json\/wp\/v2\/tags?post=18894"}],"curies":[{"name":"wp","href":"https:\/\/api.w.org\/{rel}","templated":true}]}}