{"id":18860,"date":"2023-03-23T10:09:19","date_gmt":"2023-03-23T09:09:19","guid":{"rendered":"https:\/\/serveiseducatius.xtec.cat\/vallesoriental4\/?p=18860"},"modified":"2023-03-23T10:09:19","modified_gmt":"2023-03-23T09:09:19","slug":"16a-edicio-joves-i-mobilitat-ampliem-la-data-per-presentar-treballs-fins-al-30-dabril","status":"publish","type":"post","link":"https:\/\/serveiseducatius.xtec.cat\/vallesoriental4\/general\/16a-edicio-joves-i-mobilitat-ampliem-la-data-per-presentar-treballs-fins-al-30-dabril\/","title":{"rendered":"16a edici\u00f3 Joves i Mobilitat &#8211; Ampliem la data per presentar treballs fins al 30 d&#8217;abril!!!"},"content":{"rendered":"<p><a href=\"https:\/\/serveiseducatius.xtec.cat\/vallesoriental4\/wp-content\/uploads\/usu1133\/2023\/03\/unnamed-3.jpg\"><img loading=\"lazy\" decoding=\"async\" class=\"wp-image-18861 alignleft\" src=\"https:\/\/serveiseducatius.xtec.cat\/vallesoriental4\/wp-content\/uploads\/usu1133\/2023\/03\/unnamed-3-1024x732.jpg\" alt=\"\" width=\"305\" height=\"218\" srcset=\"https:\/\/serveiseducatius.xtec.cat\/vallesoriental4\/wp-content\/uploads\/usu1133\/2023\/03\/unnamed-3-1024x732.jpg 1024w, https:\/\/serveiseducatius.xtec.cat\/vallesoriental4\/wp-content\/uploads\/usu1133\/2023\/03\/unnamed-3-300x214.jpg 300w, https:\/\/serveiseducatius.xtec.cat\/vallesoriental4\/wp-content\/uploads\/usu1133\/2023\/03\/unnamed-3-768x549.jpg 768w, https:\/\/serveiseducatius.xtec.cat\/vallesoriental4\/wp-content\/uploads\/usu1133\/2023\/03\/unnamed-3-1536x1098.jpg 1536w, https:\/\/serveiseducatius.xtec.cat\/vallesoriental4\/wp-content\/uploads\/usu1133\/2023\/03\/unnamed-3.jpg 1968w\" sizes=\"auto, (max-width: 305px) 100vw, 305px\" \/><\/a><\/p>\n<p>&nbsp;<\/p>\n<p>&nbsp;<\/p>\n<p><strong>CONCURS EDUCATIU\u00a0\u00a0<\/strong><strong>JOVES I MOBILITAT\u00a0<\/strong><br \/>\n<strong>#16a EDICI\u00d3<\/strong><br \/>\n<strong>Les bicicletes, els \u00a0joves i les noves mobilitats\u00a0<\/strong><\/p>\n<p><img decoding=\"async\" class=\"aligncenter\" src=\"https:\/\/ci5.googleusercontent.com\/proxy\/rA4OygQTf4LLaWvIOgDJVKWvI65A9WlW22LWP9gD6ohQHPmv60UpaUKzG4mKKYyb7pkd2PqcB_O8oENIcfy-i6zSvUvupq0GcrMQsaI0LYdQkldI0XZFQx8YGj9jn_PjVBSFzN4MSM25me1w41MFM2tAjFrAXss7ERv-pnPbzGB6FiyORtPVgHG4FLjZn3eibXFcXeeowXzyqndx2RRhr9mwZlpmkc7hYkoQwGYpdt4l-3M9ixAHFRUzQpNejyWsvQnvfHOebD9rSJUsWQ3uy40YasFMZEYlm9iwzxHAXXJN9bSc_HLYhJiuBBsYvFkocfnXJ_opSGUDXnU4ICzPXqvaqT9-bIYoLfk-9t5ekrR2J-k5SvyNnFNqBKmFp36X2v9qCBQOK8wNO9k-k9YRbe1xZQykIOs2sjssDsOGBtK16bwYdq34-YLVm6zcQOBwDm-BrrXPZKbreGS8nTYfpO846knBauVVfwG_=s0-d-e1-ft#http:\/\/img.nicnacmail.com\/im\/2540145\/fbaafeba6555b38fd327e6f32d05177318555766fbbe9a0655348655823b120b.png?e=zjljLvaeagzKbcCAsn-_W19J6VelwnvSnlR8p9L5DBRTse6CHr0IFeupkVq62mtW5wLgPG9-W6W54RJ3OlptdgAoCY8aPvgVvoEIUIrc5Dqthtz4ECUFFICe4u0xpbO9JWoRo6FYVUjA9RWeZnFc6Mf4R3T_XHxNpsPlvScSem2V-LPSJUY0IQ0M0pa9YrqZW9b24l0B1AfRDlh13hXeiPa4D0JQXxH1FCFkvcvrAiE\" \/><\/p>\n<p><strong>S&#8217;ALLARGA EL TERMINI D&#8217;INSCRIPCI\u00d3<\/strong><\/p>\n<p>Ampliem fins al\u00a0<strong>30 d&#8217;abril<\/strong>\u00a0la data d&#8217;entrega dels treballs de la 16a edici\u00f3 del concurs\u00a0<strong>\u201cJoves i Mobilitat\u201d.<\/strong><\/p>\n<p>Aix\u00ed que encara sou a temps de presentar les propostes dels vostres alumnes sobre la tem\u00e0tica d&#8217;enguany: <strong>Les bicicletes, els joves i les noves mobilitats.<\/strong><\/p>\n<p>No us perdeu l&#8217;oportunitat de gaudir d&#8217;una estada a Port Aventura World i de molts m\u00e9s regals per als vostres alumnes.<\/p>\n<p><strong>Si hi sou a temps, per qu\u00e8 no participar-hi?<\/strong><\/p>\n<p>El\u00a0<strong>RACC<\/strong>\u00a0i el\u00a0<strong>Servei Catal\u00e0 de Tr\u00e0nsit<\/strong>\u00a0conviden els educadors a promoure actituds i valors de mobilitat segura, sostenible i responsable entre els joves de Catalunya<\/p>\n<p><strong>INSCRIPCI\u00d3 I PARTICIPACI\u00d3 GRATU\u00cfTES<\/strong><\/p>\n<p>Inscripci\u00f3 i presentaci\u00f3 dels treballs en aquet\u00a0<a href=\"https:\/\/www.jovesimobilitat.cat\/participa\/\">enlla\u00e7.<\/a><\/p>\n<p>Trobareu m\u00e9s informaci\u00f3 a la\u00a0<a href=\"https:\/\/www.jovesimobilitat.cat\/\">web.<\/a><\/p>\n<p>&nbsp;<\/p>\n<p><a href=\"https:\/\/serveiseducatius.xtec.cat\/vallesoriental4\/wp-content\/uploads\/usu1133\/2023\/03\/Captura-2.png\"><img loading=\"lazy\" decoding=\"async\" class=\"alignnone  wp-image-18865\" src=\"https:\/\/serveiseducatius.xtec.cat\/vallesoriental4\/wp-content\/uploads\/usu1133\/2023\/03\/Captura-2.png\" alt=\"\" width=\"610\" height=\"379\" srcset=\"https:\/\/serveiseducatius.xtec.cat\/vallesoriental4\/wp-content\/uploads\/usu1133\/2023\/03\/Captura-2.png 785w, https:\/\/serveiseducatius.xtec.cat\/vallesoriental4\/wp-content\/uploads\/usu1133\/2023\/03\/Captura-2-300x186.png 300w, https:\/\/serveiseducatius.xtec.cat\/vallesoriental4\/wp-content\/uploads\/usu1133\/2023\/03\/Captura-2-768x477.png 768w\" sizes=\"auto, (max-width: 610px) 100vw, 610px\" \/><\/a><\/p>\n","protected":false},"excerpt":{"rendered":"<p>&nbsp; &nbsp; CONCURS EDUCATIU\u00a0\u00a0JOVES I MOBILITAT\u00a0 #16a EDICI\u00d3 Les bicicletes, els \u00a0joves i les noves mobilitats\u00a0 S&#8217;ALLARGA EL TERMINI D&#8217;INSCRIPCI\u00d3 Ampliem fins al\u00a030 d&#8217;abril\u00a0la data d&#8217;entrega dels treballs de la 16a edici\u00f3 del concurs\u00a0\u201cJoves i Mobilitat\u201d. Aix\u00ed que encara sou a temps de presentar les propostes dels vostres alumnes sobre la tem\u00e0tica d&#8217;enguany: Les bicicletes, [&hellip;]<\/p>\n","protected":false},"author":1,"featured_media":18861,"comment_status":"open","ping_status":"closed","sticky":false,"template":"","format":"standard","meta":{"_bbp_topic_count":0,"_bbp_reply_count":0,"_bbp_total_topic_count":0,"_bbp_total_reply_count":0,"_bbp_voice_count":0,"_bbp_anonymous_reply_count":0,"_bbp_topic_count_hidden":0,"_bbp_reply_count_hidden":0,"_bbp_forum_subforum_count":0,"site-sidebar-layout":"default","site-content-layout":"","ast-site-content-layout":"","site-content-style":"default","site-sidebar-style":"default","ast-global-header-display":"","ast-banner-title-visibility":"","ast-main-header-display":"","ast-hfb-above-header-display":"","ast-hfb-below-header-display":"","ast-hfb-mobile-header-display":"","site-post-title":"","ast-breadcrumbs-content":"","ast-featured-img":"","footer-sml-layout":"","theme-transparent-header-meta":"","adv-header-id-meta":"","stick-header-meta":"","header-above-stick-meta":"","header-main-stick-meta":"","header-below-stick-meta":"","astra-migrate-meta-layouts":"default","ast-page-background-enabled":"default","ast-page-background-meta":{"desktop":{"background-color":"var(--ast-global-color-4)","background-image":"","background-repeat":"repeat","background-position":"center center","background-size":"auto","background-attachment":"scroll","background-type":"","background-media":"","overlay-type":"","overlay-color":"","overlay-opacity":"","overlay-gradient":""},"tablet":{"background-color":"","background-image":"","background-repeat":"repeat","background-position":"center center","background-size":"auto","background-attachment":"scroll","background-type":"","background-media":"","overlay-type":"","overlay-color":"","overlay-opacity":"","overlay-gradient":""},"mobile":{"background-color":"","background-image":"","background-repeat":"repeat","background-position":"center center","background-size":"auto","background-attachment":"scroll","background-type":"","background-media":"","overlay-type":"","overlay-color":"","overlay-opacity":"","overlay-gradient":""}},"ast-content-background-meta":{"desktop":{"background-color":"var(--ast-global-color-5)","background-image":"","background-repeat":"repeat","background-position":"center center","background-size":"auto","background-attachment":"scroll","background-type":"","background-media":"","overlay-type":"","overlay-color":"","overlay-opacity":"","overlay-gradient":""},"tablet":{"background-color":"var(--ast-global-color-5)","background-image":"","background-repeat":"repeat","background-position":"center center","background-size":"auto","background-attachment":"scroll","background-type":"","background-media":"","overlay-type":"","overlay-color":"","overlay-opacity":"","overlay-gradient":""},"mobile":{"background-color":"var(--ast-global-color-5)","background-image":"","background-repeat":"repeat","background-position":"center center","background-size":"auto","background-attachment":"scroll","background-type":"","background-media":"","overlay-type":"","overlay-color":"","overlay-opacity":"","overlay-gradient":""}},"footnotes":""},"categories":[1,29],"tags":[],"class_list":["post-18860","post","type-post","status-publish","format-standard","has-post-thumbnail","hentry","category-general","category-portada"],"post_mailing_queue_ids":[],"_links":{"self":[{"href":"https:\/\/serveiseducatius.xtec.cat\/vallesoriental4\/wp-json\/wp\/v2\/posts\/18860","targetHints":{"allow":["GET"]}}],"collection":[{"href":"https:\/\/serveiseducatius.xtec.cat\/vallesoriental4\/wp-json\/wp\/v2\/posts"}],"about":[{"href":"https:\/\/serveiseducatius.xtec.cat\/vallesoriental4\/wp-json\/wp\/v2\/types\/post"}],"author":[{"embeddable":true,"href":"https:\/\/serveiseducatius.xtec.cat\/vallesoriental4\/wp-json\/wp\/v2\/users\/1"}],"replies":[{"embeddable":true,"href":"https:\/\/serveiseducatius.xtec.cat\/vallesoriental4\/wp-json\/wp\/v2\/comments?post=18860"}],"version-history":[{"count":3,"href":"https:\/\/serveiseducatius.xtec.cat\/vallesoriental4\/wp-json\/wp\/v2\/posts\/18860\/revisions"}],"predecessor-version":[{"id":18866,"href":"https:\/\/serveiseducatius.xtec.cat\/vallesoriental4\/wp-json\/wp\/v2\/posts\/18860\/revisions\/18866"}],"wp:featuredmedia":[{"embeddable":true,"href":"https:\/\/serveiseducatius.xtec.cat\/vallesoriental4\/wp-json\/wp\/v2\/media\/18861"}],"wp:attachment":[{"href":"https:\/\/serveiseducatius.xtec.cat\/vallesoriental4\/wp-json\/wp\/v2\/media?parent=18860"}],"wp:term":[{"taxonomy":"category","embeddable":true,"href":"https:\/\/serveiseducatius.xtec.cat\/vallesoriental4\/wp-json\/wp\/v2\/categories?post=18860"},{"taxonomy":"post_tag","embeddable":true,"href":"https:\/\/serveiseducatius.xtec.cat\/vallesoriental4\/wp-json\/wp\/v2\/tags?post=18860"}],"curies":[{"name":"wp","href":"https:\/\/api.w.org\/{rel}","templated":true}]}}