{"id":18802,"date":"2023-03-14T10:26:15","date_gmt":"2023-03-14T09:26:15","guid":{"rendered":"https:\/\/serveiseducatius.xtec.cat\/vallesoriental4\/?p=18802"},"modified":"2023-03-14T10:26:15","modified_gmt":"2023-03-14T09:26:15","slug":"invitacio-acte-activem-nos-pel-catala-28-de-marc-de-2023-la-farga-de-lhospitalet-de-llobregat","status":"publish","type":"post","link":"https:\/\/serveiseducatius.xtec.cat\/vallesoriental4\/general\/invitacio-acte-activem-nos-pel-catala-28-de-marc-de-2023-la-farga-de-lhospitalet-de-llobregat\/","title":{"rendered":"Invitaci\u00f3 acte Activem-nos pel catal\u00e0 &#8211; 28 de mar\u00e7 de 2023 &#8211; La Farga de l&#8217;Hospitalet de Llobregat"},"content":{"rendered":"<p>Us\u00a0 adjuntem, la <strong>invitaci\u00f3<\/strong>\u00a0de l\u2019Hble. Sr. Josep Gonz\u00e0lez-Cambray, conseller d\u2019Educaci\u00f3 de la Generalitat de Catalunya. L&#8217;acte\u00a0tindr\u00e0 lloc\u00a0<strong>dimarts<\/strong>\u00a0<strong>28 de mar\u00e7 de 2023 a les 16.00<\/strong>\u00a0(recepci\u00f3 i acc\u00e9s a partir de les 15.30 h).\u00a0Aquest acte va especialment adre\u00e7at a recon\u00e8ixer i visibilitzar la tasca dels centres del\u00a0<strong>Programa d&#8217;impuls de la llengua catalana en els centres educatius<\/strong>, per\u00f2 tamb\u00e9 est\u00e0 dirigit a qualsevol centre interessat en l\u2019impuls de la llengua catalana a l\u2019\u00e0mbit educatiu.<\/p>\n<p><img loading=\"lazy\" decoding=\"async\" class=\" wp-image-18809 alignleft\" src=\"https:\/\/serveiseducatius.xtec.cat\/vallesoriental4\/wp-content\/uploads\/usu1133\/2023\/03\/conseller-300x145.png\" alt=\"\" width=\"416\" height=\"201\" srcset=\"https:\/\/serveiseducatius.xtec.cat\/vallesoriental4\/wp-content\/uploads\/usu1133\/2023\/03\/conseller-300x145.png 300w, https:\/\/serveiseducatius.xtec.cat\/vallesoriental4\/wp-content\/uploads\/usu1133\/2023\/03\/conseller-1024x496.png 1024w, https:\/\/serveiseducatius.xtec.cat\/vallesoriental4\/wp-content\/uploads\/usu1133\/2023\/03\/conseller-768x372.png 768w, https:\/\/serveiseducatius.xtec.cat\/vallesoriental4\/wp-content\/uploads\/usu1133\/2023\/03\/conseller-1536x744.png 1536w, https:\/\/serveiseducatius.xtec.cat\/vallesoriental4\/wp-content\/uploads\/usu1133\/2023\/03\/conseller.png 1562w\" sizes=\"auto, (max-width: 416px) 100vw, 416px\" \/><\/p>\n<p>Hi intervindran el Molt Honorable President de la Generalitat de Catalunya, Sr. Pere Aragon\u00e8s, i l\u2019Honorable Conseller d\u2019Educaci\u00f3, Sr. Josep G. Cambray.<\/p>\n<p>Tamb\u00e9 hi intervindr\u00e0 el director general d&#8217;Innovaci\u00f3, Digitalitzaci\u00f3, Curr\u00edculum i Lleng\u00fces del Departament d&#8217;Educaci\u00f3, Sr. Joan Cuevas, que definir\u00e0 els objectius i l&#8217;estructura dels programes d&#8217;acceleraci\u00f3 de l\u2019\u00fas del catal\u00e0 per al curs 2023-2024. Posteriorment, comptarem amb la presentaci\u00f3 d\u2019experi\u00e8ncies reeixides de promoci\u00f3 de catal\u00e0 en centres educatius i una mostra d\u2019entitats que ofereixen activitats de foment de la llengua catalana en l&#8217;\u00e0mbit escolar.<\/p>\n<p>&nbsp;<\/p>\n<p>&nbsp;<\/p>\n<p><strong>PROGRAMA PROVISIONAL:<\/strong><\/p>\n<p>15.30 h Recepci\u00f3 i acc\u00e9s a la sala<\/p>\n<p>16.00 h Actuaci\u00f3 musical a c\u00e0rrec de Pau Llonch i l\u2019alumnat de l\u2019escola Mansuet de Collbat\u00f3<\/p>\n<p>16.10 h Benvinguda i parlaments institucionals<\/p>\n<p>16.35 h Din\u00e0mica d\u2019an\u00e0lisi d\u2019usos ling\u00fc\u00edstics i fites<\/p>\n<p>17.10 h Presentaci\u00f3 de bones pr\u00e0ctiques d\u2019usos ling\u00fc\u00edstics a centres educatius<\/p>\n<p>17.50 h Tancament de l&#8217;acte<\/p>\n<p>18.00 h Fira d\u2019entitats i espai informal de trobada on es servir\u00e0 un petit refrigeri.<\/p>\n<p>Per assistir-hi presencialment, us demanem que us inscriviu mitjan\u00e7ant aquest\u00a0<a href=\"https:\/\/form.typeform.com\/to\/o6rHZfrt\" data-saferedirecturl=\"https:\/\/www.google.com\/url?q=https:\/\/form.typeform.com\/to\/o6rHZfrt&amp;source=gmail&amp;ust=1678867466372000&amp;usg=AOvVaw2Tm6cV9C3lukPVkEsRfvEm\">formulari<\/a>, at\u00e8s que l&#8217;aforament \u00e9s limitat.<\/p>\n<p><img loading=\"lazy\" decoding=\"async\" class=\"size-full wp-image-18811 alignleft\" src=\"https:\/\/serveiseducatius.xtec.cat\/vallesoriental4\/wp-content\/uploads\/usu1133\/2023\/03\/departament.png\" alt=\"\" width=\"219\" height=\"48\" \/><\/p>\n<p>&nbsp;<\/p>\n<p>&nbsp;<\/p>\n<p>&nbsp;<\/p>\n","protected":false},"excerpt":{"rendered":"<p>Us\u00a0 adjuntem, la invitaci\u00f3\u00a0de l\u2019Hble. Sr. Josep Gonz\u00e0lez-Cambray, conseller d\u2019Educaci\u00f3 de la Generalitat de Catalunya. L&#8217;acte\u00a0tindr\u00e0 lloc\u00a0dimarts\u00a028 de mar\u00e7 de 2023 a les 16.00\u00a0(recepci\u00f3 i acc\u00e9s a partir de les 15.30 h).\u00a0Aquest acte va especialment adre\u00e7at a recon\u00e8ixer i visibilitzar la tasca dels centres del\u00a0Programa d&#8217;impuls de la llengua catalana en els centres educatius, per\u00f2 [&hellip;]<\/p>\n","protected":false},"author":1,"featured_media":18811,"comment_status":"open","ping_status":"closed","sticky":false,"template":"","format":"standard","meta":{"_bbp_topic_count":0,"_bbp_reply_count":0,"_bbp_total_topic_count":0,"_bbp_total_reply_count":0,"_bbp_voice_count":0,"_bbp_anonymous_reply_count":0,"_bbp_topic_count_hidden":0,"_bbp_reply_count_hidden":0,"_bbp_forum_subforum_count":0,"site-sidebar-layout":"default","site-content-layout":"","ast-site-content-layout":"","site-content-style":"default","site-sidebar-style":"default","ast-global-header-display":"","ast-banner-title-visibility":"","ast-main-header-display":"","ast-hfb-above-header-display":"","ast-hfb-below-header-display":"","ast-hfb-mobile-header-display":"","site-post-title":"","ast-breadcrumbs-content":"","ast-featured-img":"","footer-sml-layout":"","theme-transparent-header-meta":"","adv-header-id-meta":"","stick-header-meta":"","header-above-stick-meta":"","header-main-stick-meta":"","header-below-stick-meta":"","astra-migrate-meta-layouts":"default","ast-page-background-enabled":"default","ast-page-background-meta":{"desktop":{"background-color":"var(--ast-global-color-4)","background-image":"","background-repeat":"repeat","background-position":"center center","background-size":"auto","background-attachment":"scroll","background-type":"","background-media":"","overlay-type":"","overlay-color":"","overlay-opacity":"","overlay-gradient":""},"tablet":{"background-color":"","background-image":"","background-repeat":"repeat","background-position":"center center","background-size":"auto","background-attachment":"scroll","background-type":"","background-media":"","overlay-type":"","overlay-color":"","overlay-opacity":"","overlay-gradient":""},"mobile":{"background-color":"","background-image":"","background-repeat":"repeat","background-position":"center center","background-size":"auto","background-attachment":"scroll","background-type":"","background-media":"","overlay-type":"","overlay-color":"","overlay-opacity":"","overlay-gradient":""}},"ast-content-background-meta":{"desktop":{"background-color":"var(--ast-global-color-5)","background-image":"","background-repeat":"repeat","background-position":"center center","background-size":"auto","background-attachment":"scroll","background-type":"","background-media":"","overlay-type":"","overlay-color":"","overlay-opacity":"","overlay-gradient":""},"tablet":{"background-color":"var(--ast-global-color-5)","background-image":"","background-repeat":"repeat","background-position":"center center","background-size":"auto","background-attachment":"scroll","background-type":"","background-media":"","overlay-type":"","overlay-color":"","overlay-opacity":"","overlay-gradient":""},"mobile":{"background-color":"var(--ast-global-color-5)","background-image":"","background-repeat":"repeat","background-position":"center center","background-size":"auto","background-attachment":"scroll","background-type":"","background-media":"","overlay-type":"","overlay-color":"","overlay-opacity":"","overlay-gradient":""}},"footnotes":""},"categories":[1,29],"tags":[],"class_list":["post-18802","post","type-post","status-publish","format-standard","has-post-thumbnail","hentry","category-general","category-portada"],"post_mailing_queue_ids":[],"_links":{"self":[{"href":"https:\/\/serveiseducatius.xtec.cat\/vallesoriental4\/wp-json\/wp\/v2\/posts\/18802","targetHints":{"allow":["GET"]}}],"collection":[{"href":"https:\/\/serveiseducatius.xtec.cat\/vallesoriental4\/wp-json\/wp\/v2\/posts"}],"about":[{"href":"https:\/\/serveiseducatius.xtec.cat\/vallesoriental4\/wp-json\/wp\/v2\/types\/post"}],"author":[{"embeddable":true,"href":"https:\/\/serveiseducatius.xtec.cat\/vallesoriental4\/wp-json\/wp\/v2\/users\/1"}],"replies":[{"embeddable":true,"href":"https:\/\/serveiseducatius.xtec.cat\/vallesoriental4\/wp-json\/wp\/v2\/comments?post=18802"}],"version-history":[{"count":3,"href":"https:\/\/serveiseducatius.xtec.cat\/vallesoriental4\/wp-json\/wp\/v2\/posts\/18802\/revisions"}],"predecessor-version":[{"id":18819,"href":"https:\/\/serveiseducatius.xtec.cat\/vallesoriental4\/wp-json\/wp\/v2\/posts\/18802\/revisions\/18819"}],"wp:featuredmedia":[{"embeddable":true,"href":"https:\/\/serveiseducatius.xtec.cat\/vallesoriental4\/wp-json\/wp\/v2\/media\/18811"}],"wp:attachment":[{"href":"https:\/\/serveiseducatius.xtec.cat\/vallesoriental4\/wp-json\/wp\/v2\/media?parent=18802"}],"wp:term":[{"taxonomy":"category","embeddable":true,"href":"https:\/\/serveiseducatius.xtec.cat\/vallesoriental4\/wp-json\/wp\/v2\/categories?post=18802"},{"taxonomy":"post_tag","embeddable":true,"href":"https:\/\/serveiseducatius.xtec.cat\/vallesoriental4\/wp-json\/wp\/v2\/tags?post=18802"}],"curies":[{"name":"wp","href":"https:\/\/api.w.org\/{rel}","templated":true}]}}