{"id":18778,"date":"2023-03-07T10:33:32","date_gmt":"2023-03-07T09:33:32","guid":{"rendered":"https:\/\/serveiseducatius.xtec.cat\/vallesoriental4\/?p=18778"},"modified":"2023-03-07T10:33:32","modified_gmt":"2023-03-07T09:33:32","slug":"jornades-argo-adrecades-a-professorat-geografia-matematiques-i-biociencies","status":"publish","type":"post","link":"https:\/\/serveiseducatius.xtec.cat\/vallesoriental4\/portada\/jornades-argo-adrecades-a-professorat-geografia-matematiques-i-biociencies\/","title":{"rendered":"Jornades ARG\u00d3 adre\u00e7ades a professorat: Geografia, Matem\u00e0tiques i Bioci\u00e8ncies"},"content":{"rendered":"<p><img loading=\"lazy\" decoding=\"async\" class=\"size-medium wp-image-18779 alignleft\" src=\"https:\/\/serveiseducatius.xtec.cat\/vallesoriental4\/wp-content\/uploads\/usu1133\/2023\/03\/unnamed-9-300x120.png\" alt=\"\" width=\"300\" height=\"120\" srcset=\"https:\/\/serveiseducatius.xtec.cat\/vallesoriental4\/wp-content\/uploads\/usu1133\/2023\/03\/unnamed-9-300x120.png 300w, https:\/\/serveiseducatius.xtec.cat\/vallesoriental4\/wp-content\/uploads\/usu1133\/2023\/03\/unnamed-9.png 339w\" sizes=\"auto, (max-width: 300px) 100vw, 300px\" \/><\/p>\n<p>&nbsp;<\/p>\n<p style=\"font-weight: 400;\"><strong>\u00daLTIMS DIES PER A LA INSCRIPCI\u00d3:<\/strong><\/p>\n<p style=\"font-weight: 400;\"><strong>Globalitzaci\u00f3, depend\u00e8ncia o oportunitat? Propostes de geografia econ\u00f2mica a l&#8217;aula<\/strong><\/p>\n<p style=\"font-weight: 400;\"><strong>Dates:<\/strong>\u00a011, 13 i 20 de mar\u00e7 de 2023<\/p>\n<p style=\"font-weight: 400;\">Podeu consultar tota la informaci\u00f3 i accedir a la inscripci\u00f3 en\u00a0<a href=\"https:\/\/www.uab.cat\/web\/programa-argo\/programa-argo-professorat\/geografia-i-eines-digitals-a-laula-1345878828432.html\" data-saferedirecturl=\"https:\/\/www.google.com\/url?q=https:\/\/www.uab.cat\/web\/programa-argo\/programa-argo-professorat\/geografia-i-eines-digitals-a-laula-1345878828432.html&amp;source=gmail&amp;ust=1678266505786000&amp;usg=AOvVaw3z0tRv6N8f2Yy1shm70BUH\">aquest enlla\u00e7<\/a>.<\/p>\n<p style=\"font-weight: 400;\"><strong>\u00a0<\/strong><strong>NOVES JORNADES:<\/strong><\/p>\n<h4>XII Jornada Les matem\u00e0tiques entre la secund\u00e0ria i la universitat<\/h4>\n<p style=\"line-height: 115%;\"><strong>Lloc<\/strong>:\u00a0Sala d&#8217;Actes de la\u00a0<a href=\"https:\/\/www.uab.cat\/ciencies\/\" data-saferedirecturl=\"https:\/\/www.google.com\/url?q=https:\/\/www.uab.cat\/ciencies\/&amp;source=gmail&amp;ust=1678266505786000&amp;usg=AOvVaw1mivAdNlzbDYgzHDDXcC53\">Facultat de Ci\u00e8ncies\u00a0 de la UAB<\/a><br \/>\n<strong>Dates<\/strong>:\u00a020 d\u2019abril i 4 de maig de 2023<\/p>\n<p style=\"line-height: 115%;\"><strong>Horari:<\/strong>\u00a0de 16:30 a 20:00 h<br \/>\n<strong>Preu<\/strong>:\u00a05 euros<\/p>\n<p style=\"line-height: 115%;\">Podeu consultar tota la informaci\u00f3 i accedir a la inscripci\u00f3 en\u00a0<a href=\"https:\/\/www.uab.cat\/web\/programa-argo\/programa-argo-professorat\/Matematiques-1345882357298.html\" data-saferedirecturl=\"https:\/\/www.google.com\/url?q=https:\/\/www.uab.cat\/web\/programa-argo\/programa-argo-professorat\/Matematiques-1345882357298.html&amp;source=gmail&amp;ust=1678266505786000&amp;usg=AOvVaw36CrVz0QHXNEoVSkmIj0rP\">aquest enlla\u00e7<\/a>.<\/p>\n<h4>Micropl\u00e0stics i els seus efectes sobre organismes vius<\/h4>\n<p style=\"margin-bottom: .0001pt; line-height: 115%;\"><strong>Lloc:\u00a0<\/strong>Sala d\u2019Actes de la Facultat de Bioci\u00e8ncies<\/p>\n<p style=\"margin-top: 0cm; line-height: 115%;\"><strong>Data:\u00a0<\/strong>dimarts 18 i 25 d\u2019abril de 2023<\/p>\n<p style=\"margin-top: 0cm; line-height: 115%;\">\n<p style=\"margin-bottom: .0001pt; line-height: 115%;\"><strong>Horari:\u00a0<\/strong>de 17:00 a 19:30 h<\/p>\n<p style=\"margin-top: 0cm; line-height: 115%;\"><strong>Preu:\u00a0<\/strong>5\u20ac<\/p>\n<p>Podeu consultar tota la informaci\u00f3 i accedir a la inscripci\u00f3 en\u00a0<a href=\"https:\/\/www.uab.cat\/web\/programa-argo\/programa-argo-professorat\/Biociencies-1345882574213.html\" data-saferedirecturl=\"https:\/\/www.google.com\/url?q=https:\/\/www.uab.cat\/web\/programa-argo\/programa-argo-professorat\/Biociencies-1345882574213.html&amp;source=gmail&amp;ust=1678266505786000&amp;usg=AOvVaw1As-6SaX9UWegxleF7xMdJ\">aquest enlla\u00e7<\/a>.<\/p>\n<p style=\"font-weight: 400;\">Us hi esperem!<\/p>\n<p style=\"font-weight: 400;\">\n<p style=\"font-weight: 400;\">\n<p style=\"font-weight: 400;\"><strong>Institut de Ci\u00e8ncies de l&#8217;Educaci\u00f3 (ICE)<br \/>\nUniversitat Aut\u00f2noma de Barcelona &#8211; Ed. A<br \/>\nPla\u00e7a Acad\u00e8mica<br \/>\n08193 Bellaterra (Cerdanyola del Vall\u00e8s)<br \/>\nTel. 935812393<\/strong><\/p>\n<p style=\"font-weight: 400;\"><a href=\"https:\/\/eur02.safelinks.protection.outlook.com\/?url=https%3A%2F%2Fwww.uab.cat%2Fserveis%2Finstitut-de-ciencies-de-leducacio-ice%2F&amp;data=04%7C01%7Cnuria.martin.satorres%40uab.cat%7Cc8b018fb99744d318f1208d9daac6264%7C6b514c2923914831b77484f35c45bf01%7C0%7C0%7C637781256906065395%7CUnknown%7CTWFpbGZsb3d8eyJWIjoiMC4wLjAwMDAiLCJQIjoiV2luMzIiLCJBTiI6Ik1haWwiLCJXVCI6Mn0%3D%7C2000&amp;sdata=Y64LXpoVC%2FQgjTCmhss9pkeJcu5CPdBsVQQkLXqAH8c%3D&amp;reserved=0\" data-saferedirecturl=\"https:\/\/www.google.com\/url?q=https:\/\/eur02.safelinks.protection.outlook.com\/?url%3Dhttps%253A%252F%252Fwww.uab.cat%252Fserveis%252Finstitut-de-ciencies-de-leducacio-ice%252F%26data%3D04%257C01%257Cnuria.martin.satorres%2540uab.cat%257Cc8b018fb99744d318f1208d9daac6264%257C6b514c2923914831b77484f35c45bf01%257C0%257C0%257C637781256906065395%257CUnknown%257CTWFpbGZsb3d8eyJWIjoiMC4wLjAwMDAiLCJQIjoiV2luMzIiLCJBTiI6Ik1haWwiLCJXVCI6Mn0%253D%257C2000%26sdata%3DY64LXpoVC%252FQgjTCmhss9pkeJcu5CPdBsVQQkLXqAH8c%253D%26reserved%3D0&amp;source=gmail&amp;ust=1678266505786000&amp;usg=AOvVaw18YIdR1-1hdOX0FFiboLNv\"><strong>https:\/\/www.uab.cat\/serveis\/institut-de-ciencies-de-leducacio-ice<\/strong><\/a><\/p>\n","protected":false},"excerpt":{"rendered":"<p>&nbsp; \u00daLTIMS DIES PER A LA INSCRIPCI\u00d3: Globalitzaci\u00f3, depend\u00e8ncia o oportunitat? Propostes de geografia econ\u00f2mica a l&#8217;aula Dates:\u00a011, 13 i 20 de mar\u00e7 de 2023 Podeu consultar tota la informaci\u00f3 i accedir a la inscripci\u00f3 en\u00a0aquest enlla\u00e7. \u00a0NOVES JORNADES: XII Jornada Les matem\u00e0tiques entre la secund\u00e0ria i la universitat Lloc:\u00a0Sala d&#8217;Actes de la\u00a0Facultat de Ci\u00e8ncies\u00a0 [&hellip;]<\/p>\n","protected":false},"author":1,"featured_media":18779,"comment_status":"open","ping_status":"closed","sticky":false,"template":"","format":"standard","meta":{"_bbp_topic_count":0,"_bbp_reply_count":0,"_bbp_total_topic_count":0,"_bbp_total_reply_count":0,"_bbp_voice_count":0,"_bbp_anonymous_reply_count":0,"_bbp_topic_count_hidden":0,"_bbp_reply_count_hidden":0,"_bbp_forum_subforum_count":0,"site-sidebar-layout":"default","site-content-layout":"","ast-site-content-layout":"","site-content-style":"default","site-sidebar-style":"default","ast-global-header-display":"","ast-banner-title-visibility":"","ast-main-header-display":"","ast-hfb-above-header-display":"","ast-hfb-below-header-display":"","ast-hfb-mobile-header-display":"","site-post-title":"","ast-breadcrumbs-content":"","ast-featured-img":"","footer-sml-layout":"","theme-transparent-header-meta":"","adv-header-id-meta":"","stick-header-meta":"","header-above-stick-meta":"","header-main-stick-meta":"","header-below-stick-meta":"","astra-migrate-meta-layouts":"default","ast-page-background-enabled":"default","ast-page-background-meta":{"desktop":{"background-color":"var(--ast-global-color-4)","background-image":"","background-repeat":"repeat","background-position":"center center","background-size":"auto","background-attachment":"scroll","background-type":"","background-media":"","overlay-type":"","overlay-color":"","overlay-opacity":"","overlay-gradient":""},"tablet":{"background-color":"","background-image":"","background-repeat":"repeat","background-position":"center center","background-size":"auto","background-attachment":"scroll","background-type":"","background-media":"","overlay-type":"","overlay-color":"","overlay-opacity":"","overlay-gradient":""},"mobile":{"background-color":"","background-image":"","background-repeat":"repeat","background-position":"center center","background-size":"auto","background-attachment":"scroll","background-type":"","background-media":"","overlay-type":"","overlay-color":"","overlay-opacity":"","overlay-gradient":""}},"ast-content-background-meta":{"desktop":{"background-color":"var(--ast-global-color-5)","background-image":"","background-repeat":"repeat","background-position":"center center","background-size":"auto","background-attachment":"scroll","background-type":"","background-media":"","overlay-type":"","overlay-color":"","overlay-opacity":"","overlay-gradient":""},"tablet":{"background-color":"var(--ast-global-color-5)","background-image":"","background-repeat":"repeat","background-position":"center center","background-size":"auto","background-attachment":"scroll","background-type":"","background-media":"","overlay-type":"","overlay-color":"","overlay-opacity":"","overlay-gradient":""},"mobile":{"background-color":"var(--ast-global-color-5)","background-image":"","background-repeat":"repeat","background-position":"center center","background-size":"auto","background-attachment":"scroll","background-type":"","background-media":"","overlay-type":"","overlay-color":"","overlay-opacity":"","overlay-gradient":""}},"footnotes":""},"categories":[29],"tags":[],"class_list":["post-18778","post","type-post","status-publish","format-standard","has-post-thumbnail","hentry","category-portada"],"post_mailing_queue_ids":[],"_links":{"self":[{"href":"https:\/\/serveiseducatius.xtec.cat\/vallesoriental4\/wp-json\/wp\/v2\/posts\/18778","targetHints":{"allow":["GET"]}}],"collection":[{"href":"https:\/\/serveiseducatius.xtec.cat\/vallesoriental4\/wp-json\/wp\/v2\/posts"}],"about":[{"href":"https:\/\/serveiseducatius.xtec.cat\/vallesoriental4\/wp-json\/wp\/v2\/types\/post"}],"author":[{"embeddable":true,"href":"https:\/\/serveiseducatius.xtec.cat\/vallesoriental4\/wp-json\/wp\/v2\/users\/1"}],"replies":[{"embeddable":true,"href":"https:\/\/serveiseducatius.xtec.cat\/vallesoriental4\/wp-json\/wp\/v2\/comments?post=18778"}],"version-history":[{"count":3,"href":"https:\/\/serveiseducatius.xtec.cat\/vallesoriental4\/wp-json\/wp\/v2\/posts\/18778\/revisions"}],"predecessor-version":[{"id":18783,"href":"https:\/\/serveiseducatius.xtec.cat\/vallesoriental4\/wp-json\/wp\/v2\/posts\/18778\/revisions\/18783"}],"wp:featuredmedia":[{"embeddable":true,"href":"https:\/\/serveiseducatius.xtec.cat\/vallesoriental4\/wp-json\/wp\/v2\/media\/18779"}],"wp:attachment":[{"href":"https:\/\/serveiseducatius.xtec.cat\/vallesoriental4\/wp-json\/wp\/v2\/media?parent=18778"}],"wp:term":[{"taxonomy":"category","embeddable":true,"href":"https:\/\/serveiseducatius.xtec.cat\/vallesoriental4\/wp-json\/wp\/v2\/categories?post=18778"},{"taxonomy":"post_tag","embeddable":true,"href":"https:\/\/serveiseducatius.xtec.cat\/vallesoriental4\/wp-json\/wp\/v2\/tags?post=18778"}],"curies":[{"name":"wp","href":"https:\/\/api.w.org\/{rel}","templated":true}]}}