{"id":18774,"date":"2023-03-07T10:27:04","date_gmt":"2023-03-07T09:27:04","guid":{"rendered":"https:\/\/serveiseducatius.xtec.cat\/vallesoriental4\/?p=18774"},"modified":"2023-03-07T10:27:04","modified_gmt":"2023-03-07T09:27:04","slug":"convocatoria-premi-que-es-per-a-tu-europa","status":"publish","type":"post","link":"https:\/\/serveiseducatius.xtec.cat\/vallesoriental4\/general\/convocatoria-premi-que-es-per-a-tu-europa\/","title":{"rendered":"Convocat\u00f2ria premi &#8220;Qu\u00e8 \u00e9s per a tu Europa?"},"content":{"rendered":"<p><img loading=\"lazy\" decoding=\"async\" class=\"size-medium wp-image-18775 alignleft\" src=\"https:\/\/serveiseducatius.xtec.cat\/vallesoriental4\/wp-content\/uploads\/usu1133\/2023\/03\/image-2-300x267.png\" alt=\"\" width=\"300\" height=\"267\" srcset=\"https:\/\/serveiseducatius.xtec.cat\/vallesoriental4\/wp-content\/uploads\/usu1133\/2023\/03\/image-2-300x267.png 300w, https:\/\/serveiseducatius.xtec.cat\/vallesoriental4\/wp-content\/uploads\/usu1133\/2023\/03\/image-2.png 625w\" sizes=\"auto, (max-width: 300px) 100vw, 300px\" \/><\/p>\n<p>La Fundaci\u00f3 Catalunya Europa, en col\u00b7laboraci\u00f3 amb el Departament d\u2019Educaci\u00f3, convoca la tercera edici\u00f3 del premi<strong><em>\u00a0&#8220;Qu\u00e8 \u00e9s per a tu Europa?&#8221;<\/em><\/strong>\u00a0amb el prop\u00f2sit d&#8217;acostar Europa i els valors europeus als joves a trav\u00e9s de la fotografia, el v\u00eddeo i projectes art\u00edstics innovadors.<\/p>\n<p>Est\u00e0 adre\u00e7at a l&#8217;alumnat de segon cicle de secund\u00e0ria, batxillerat i cicles formatius de grau mitj\u00e0 o superior. Les bases dels premis les trobareu\u00a0<a href=\"https:\/\/secure-web.cisco.com\/1c1MrePKmHc_XFC57KDm-JC1Q06KsgxVJMXSmWoAmp5LiS8Bo1eomt_nHquaiaiA-4jnVvWCJXcgGVV_6phbXVPcTnpwsYd7VskDycPTqsGLr0HZToKFBoBOHSu-anx6mU8eYPJxeFqDeZyvaWXCbeg7wTulXlwbFv8Cash9V-Lo52F7K8f7-LJih_UhTi6VuJdve8pa0V1BpaIi813pCWul8fafzMAahx47UTxZHoGoyfv3IdbwEMzfEUVcJqdQpSJiOcKrpn6AQaRC5wc9BojnCJH0riASVzhDvkp_9oQKe4HokHqYiZ5yjpVwKvMzYM6I1bpiD7b9kCn82IYqyfuhYG9t9rDAU6oj8Vlmm0L52zgx3C-M5GU6daHFgp4hD_7bD0abZSw-pp_yamH7d5FqL4fiSuD1dcEJZXPAFpSXJE61wXme4AUrW69ELXZ_-cDGpkQ-xc6duM0ekXPGsF7yD4ZhFgkrFLmT2Z5Up1yDmaVZaef29QDbWCLsnwD3M\/https%3A%2F%2Fwww.catalunyaeuropa.net%2Fadmin%2Fassets%2Fuploads%2Ffiles%2F25a94-bases-premi-que-e-s-per-a-tu-europa-2023.pdf\">aqu\u00ed<\/a>. Podeu formalitzar les inscripcions i les autoritzacions en aquest\u00a0<a href=\"https:\/\/www.catalunyaeuropa.net\/admin\/assets\/uploads\/files\/43dc5-sol-licitud-i-annexes-premi-europa-jove-2023.pdf\">enlla\u00e7<\/a>.<\/p>\n<p>Us recordem que els alumnes menors de 14 anys hauran d\u2019adjuntar una autoritzaci\u00f3 del pare\/mare o tutor i els majors de 14 anys adjuntaran l\u2019autoritzaci\u00f3 personal signada.<\/p>\n<p>&nbsp;<\/p>\n<p>&nbsp;<\/p>\n<p>Per m\u00e9s informaci\u00f3 podeu consultar la p\u00e0gina\u00a0<a href=\"https:\/\/www.catalunyaeuropa.net\/ca\/fundacio\/actualitat\/271\/convocat-el-premi-qu%C3%A8-%C3%A9s-per-a-tu-europa-2023.html\">web<\/a>\u00a0de la fundaci\u00f3.<\/p>\n<p>&nbsp;<\/p>\n","protected":false},"excerpt":{"rendered":"<p>La Fundaci\u00f3 Catalunya Europa, en col\u00b7laboraci\u00f3 amb el Departament d\u2019Educaci\u00f3, convoca la tercera edici\u00f3 del premi\u00a0&#8220;Qu\u00e8 \u00e9s per a tu Europa?&#8221;\u00a0amb el prop\u00f2sit d&#8217;acostar Europa i els valors europeus als joves a trav\u00e9s de la fotografia, el v\u00eddeo i projectes art\u00edstics innovadors. Est\u00e0 adre\u00e7at a l&#8217;alumnat de segon cicle de secund\u00e0ria, batxillerat i cicles formatius [&hellip;]<\/p>\n","protected":false},"author":1,"featured_media":18775,"comment_status":"open","ping_status":"closed","sticky":false,"template":"","format":"standard","meta":{"_bbp_topic_count":0,"_bbp_reply_count":0,"_bbp_total_topic_count":0,"_bbp_total_reply_count":0,"_bbp_voice_count":0,"_bbp_anonymous_reply_count":0,"_bbp_topic_count_hidden":0,"_bbp_reply_count_hidden":0,"_bbp_forum_subforum_count":0,"site-sidebar-layout":"default","site-content-layout":"","ast-site-content-layout":"","site-content-style":"default","site-sidebar-style":"default","ast-global-header-display":"","ast-banner-title-visibility":"","ast-main-header-display":"","ast-hfb-above-header-display":"","ast-hfb-below-header-display":"","ast-hfb-mobile-header-display":"","site-post-title":"","ast-breadcrumbs-content":"","ast-featured-img":"","footer-sml-layout":"","theme-transparent-header-meta":"","adv-header-id-meta":"","stick-header-meta":"","header-above-stick-meta":"","header-main-stick-meta":"","header-below-stick-meta":"","astra-migrate-meta-layouts":"default","ast-page-background-enabled":"default","ast-page-background-meta":{"desktop":{"background-color":"var(--ast-global-color-4)","background-image":"","background-repeat":"repeat","background-position":"center center","background-size":"auto","background-attachment":"scroll","background-type":"","background-media":"","overlay-type":"","overlay-color":"","overlay-opacity":"","overlay-gradient":""},"tablet":{"background-color":"","background-image":"","background-repeat":"repeat","background-position":"center center","background-size":"auto","background-attachment":"scroll","background-type":"","background-media":"","overlay-type":"","overlay-color":"","overlay-opacity":"","overlay-gradient":""},"mobile":{"background-color":"","background-image":"","background-repeat":"repeat","background-position":"center center","background-size":"auto","background-attachment":"scroll","background-type":"","background-media":"","overlay-type":"","overlay-color":"","overlay-opacity":"","overlay-gradient":""}},"ast-content-background-meta":{"desktop":{"background-color":"var(--ast-global-color-5)","background-image":"","background-repeat":"repeat","background-position":"center center","background-size":"auto","background-attachment":"scroll","background-type":"","background-media":"","overlay-type":"","overlay-color":"","overlay-opacity":"","overlay-gradient":""},"tablet":{"background-color":"var(--ast-global-color-5)","background-image":"","background-repeat":"repeat","background-position":"center center","background-size":"auto","background-attachment":"scroll","background-type":"","background-media":"","overlay-type":"","overlay-color":"","overlay-opacity":"","overlay-gradient":""},"mobile":{"background-color":"var(--ast-global-color-5)","background-image":"","background-repeat":"repeat","background-position":"center center","background-size":"auto","background-attachment":"scroll","background-type":"","background-media":"","overlay-type":"","overlay-color":"","overlay-opacity":"","overlay-gradient":""}},"footnotes":""},"categories":[1,29],"tags":[],"class_list":["post-18774","post","type-post","status-publish","format-standard","has-post-thumbnail","hentry","category-general","category-portada"],"post_mailing_queue_ids":[],"_links":{"self":[{"href":"https:\/\/serveiseducatius.xtec.cat\/vallesoriental4\/wp-json\/wp\/v2\/posts\/18774","targetHints":{"allow":["GET"]}}],"collection":[{"href":"https:\/\/serveiseducatius.xtec.cat\/vallesoriental4\/wp-json\/wp\/v2\/posts"}],"about":[{"href":"https:\/\/serveiseducatius.xtec.cat\/vallesoriental4\/wp-json\/wp\/v2\/types\/post"}],"author":[{"embeddable":true,"href":"https:\/\/serveiseducatius.xtec.cat\/vallesoriental4\/wp-json\/wp\/v2\/users\/1"}],"replies":[{"embeddable":true,"href":"https:\/\/serveiseducatius.xtec.cat\/vallesoriental4\/wp-json\/wp\/v2\/comments?post=18774"}],"version-history":[{"count":2,"href":"https:\/\/serveiseducatius.xtec.cat\/vallesoriental4\/wp-json\/wp\/v2\/posts\/18774\/revisions"}],"predecessor-version":[{"id":18777,"href":"https:\/\/serveiseducatius.xtec.cat\/vallesoriental4\/wp-json\/wp\/v2\/posts\/18774\/revisions\/18777"}],"wp:featuredmedia":[{"embeddable":true,"href":"https:\/\/serveiseducatius.xtec.cat\/vallesoriental4\/wp-json\/wp\/v2\/media\/18775"}],"wp:attachment":[{"href":"https:\/\/serveiseducatius.xtec.cat\/vallesoriental4\/wp-json\/wp\/v2\/media?parent=18774"}],"wp:term":[{"taxonomy":"category","embeddable":true,"href":"https:\/\/serveiseducatius.xtec.cat\/vallesoriental4\/wp-json\/wp\/v2\/categories?post=18774"},{"taxonomy":"post_tag","embeddable":true,"href":"https:\/\/serveiseducatius.xtec.cat\/vallesoriental4\/wp-json\/wp\/v2\/tags?post=18774"}],"curies":[{"name":"wp","href":"https:\/\/api.w.org\/{rel}","templated":true}]}}