{"id":18771,"date":"2023-03-07T10:19:16","date_gmt":"2023-03-07T09:19:16","guid":{"rendered":"https:\/\/serveiseducatius.xtec.cat\/vallesoriental4\/?p=18771"},"modified":"2023-03-07T10:19:16","modified_gmt":"2023-03-07T09:19:16","slug":"xxi-jornada-adana-tea-a-ledat-adulta-26-maig-presencial-i-virtual","status":"publish","type":"post","link":"https:\/\/serveiseducatius.xtec.cat\/vallesoriental4\/general\/xxi-jornada-adana-tea-a-ledat-adulta-26-maig-presencial-i-virtual\/","title":{"rendered":"XXI Jornada Adana: TEA a l&#8217;edat adulta, 26 maig, presencial i virtual"},"content":{"rendered":"<p><img loading=\"lazy\" decoding=\"async\" class=\" wp-image-18772 alignleft\" src=\"https:\/\/serveiseducatius.xtec.cat\/vallesoriental4\/wp-content\/uploads\/usu1133\/2023\/03\/unnamed-8-212x300.png\" alt=\"\" width=\"302\" height=\"427\" srcset=\"https:\/\/serveiseducatius.xtec.cat\/vallesoriental4\/wp-content\/uploads\/usu1133\/2023\/03\/unnamed-8-212x300.png 212w, https:\/\/serveiseducatius.xtec.cat\/vallesoriental4\/wp-content\/uploads\/usu1133\/2023\/03\/unnamed-8-724x1024.png 724w, https:\/\/serveiseducatius.xtec.cat\/vallesoriental4\/wp-content\/uploads\/usu1133\/2023\/03\/unnamed-8-768x1086.png 768w, https:\/\/serveiseducatius.xtec.cat\/vallesoriental4\/wp-content\/uploads\/usu1133\/2023\/03\/unnamed-8-1086x1536.png 1086w, https:\/\/serveiseducatius.xtec.cat\/vallesoriental4\/wp-content\/uploads\/usu1133\/2023\/03\/unnamed-8-1448x2048.png 1448w, https:\/\/serveiseducatius.xtec.cat\/vallesoriental4\/wp-content\/uploads\/usu1133\/2023\/03\/unnamed-8.png 1587w\" sizes=\"auto, (max-width: 302px) 100vw, 302px\" \/><\/p>\n<p>&nbsp;<\/p>\n<p><img loading=\"lazy\" decoding=\"async\" class=\"CToWUd\" src=\"https:\/\/ci6.googleusercontent.com\/proxy\/gPaaa2bZcKyMzFj5SSeHikhLKj20S9UM171zW8_0BNiC71vrn7E0QzS735IxN0zMIsAg7iJsvANObfvI5dAouKB22qxAqVhZ8UT9zMz9Rac3sevOzr3Kv6G37Bia=s0-d-e1-ft#https:\/\/static.xx.fbcdn.net\/images\/emoji.php\/v9\/ta5\/1.5\/16\/1f449_1f3fb.png\" alt=\"\ud83d\udc49\ud83c\udffb\" width=\"16\" height=\"16\" data-bit=\"iit\" \/>Aquesta XXI Jornada de Fundaci\u00f3 Adana sobre TEA a l&#8217;edat adulta neix a partir de la inquietud de molts pacients, professionals, fam\u00edlies i associacions de pacients de nens i joves amb Trastorn de l&#8217;Espectre de l&#8217;Autisme que, preocupats pel futur, reivindiquen un suport i acompanyament tamb\u00e9 a l&#8217;etapa adulta, ja que el TEA \u00e9s una condici\u00f3 cr\u00f2nica i complexa que acompanya la persona al llarg de tota la vida. A m\u00e9s, hem volgut recollir l&#8217;inter\u00e8s que es va generar sobre aquest tema entre els assistents i els mateixos ponents a la nostra jornada del passat any, en qu\u00e8 es van abordar ja diverses q\u00fcestions referents a la transici\u00f3 a l&#8217;adultesa.<\/p>\n<p><img loading=\"lazy\" decoding=\"async\" class=\"CToWUd\" src=\"https:\/\/ci6.googleusercontent.com\/proxy\/LQmTU04O8Oes9wpQCjIpaXvcjAypxH0EXWtZUQMC1xNBhqIJbSMpYrtuobLfxY2fMcIMA70a7bEHAEeygFkdZswFzv6tVG1VxSigYgj3bTZ5XKNTqGOsQrI7IEmEnQmp64tQk1ZcDQ=s0-d-e1-ft#https:\/\/static.xx.fbcdn.net\/images\/emoji.php\/v9\/tff\/1.5\/16\/1f64b_1f3fc_200d_2640.png\" alt=\"\ud83d\ude4b\ud83c\udffc\u200d\u2640\ufe0f\" width=\"16\" height=\"16\" data-bit=\"iit\" \/>\u00a0Amb aquesta Jornada pretenem visibilitzar la realitat que viuen els adults amb TEA i compartir bones pr\u00e0ctiques per contribuir al seu correcte acompanyament des d&#8217;una perspectiva biopsicosocial.\u00a0Per tal de donar resposta a totes aquestes q\u00fcestions, comptarem amb professionals de refer\u00e8ncia que oferiran la informaci\u00f3 m\u00e9s actualitzada i contastada que ens ajudar\u00e0 a entendre la realitat de la persona adulta amb TEA i ens brindar\u00e0 algunes estrat\u00e8gies per poder ajudar-la efica\u00e7ment.<\/p>\n<p><strong>+Informaci\u00f3n:\u00a0<a href=\"mailto:bmena@fundacioadana.org\" target=\"_blank\" rel=\"noopener\">bmena@fundacioadana.org<\/a>\u00a0&#8211;\u00a093 241 19 79\u00a0<\/strong><\/p>\n<p><a class=\"m_257825812752637136mcnButton\" title=\"Dossier informatiu CAT\" href=\"https:\/\/fundacionadana.us6.list-manage.com\/track\/click?u=e1ec9f0b5e959270f34569def&amp;id=597d60cdc0&amp;e=b093099f5b\" target=\"_blank\" rel=\"noopener\" data-saferedirecturl=\"https:\/\/www.google.com\/url?q=https:\/\/fundacionadana.us6.list-manage.com\/track\/click?u%3De1ec9f0b5e959270f34569def%26id%3D597d60cdc0%26e%3Db093099f5b&amp;source=gmail&amp;ust=1678266500008000&amp;usg=AOvVaw3Y2g9naSX0wgaFA2ZegNTl\">Dossier informatiu CAT<\/a><\/p>\n<p><a class=\"m_257825812752637136mcnButton\" title=\"Inscripci\u00f3 presencial 50 \u20ac\" href=\"https:\/\/fundacionadana.us6.list-manage.com\/track\/click?u=e1ec9f0b5e959270f34569def&amp;id=b1096d7158&amp;e=b093099f5b\" target=\"_blank\" rel=\"noopener\" data-saferedirecturl=\"https:\/\/www.google.com\/url?q=https:\/\/fundacionadana.us6.list-manage.com\/track\/click?u%3De1ec9f0b5e959270f34569def%26id%3Db1096d7158%26e%3Db093099f5b&amp;source=gmail&amp;ust=1678266500008000&amp;usg=AOvVaw1XSqD8McrHqsJVpZ0qfAn6\">Inscripci\u00f3 presencial 50 \u20ac<\/a><\/p>\n<p><a class=\"m_257825812752637136mcnButton\" title=\"Inscripci\u00f3 virtual 35 \u20ac\" href=\"https:\/\/fundacionadana.us6.list-manage.com\/track\/click?u=e1ec9f0b5e959270f34569def&amp;id=3da6245f5d&amp;e=b093099f5b\" target=\"_blank\" rel=\"noopener\" data-saferedirecturl=\"https:\/\/www.google.com\/url?q=https:\/\/fundacionadana.us6.list-manage.com\/track\/click?u%3De1ec9f0b5e959270f34569def%26id%3D3da6245f5d%26e%3Db093099f5b&amp;source=gmail&amp;ust=1678266500008000&amp;usg=AOvVaw3kEkl8N1HiWuuthlGeDjmx\">Inscripci\u00f3 virtual 35 \u20ac<\/a><\/p>\n","protected":false},"excerpt":{"rendered":"<p>&nbsp; Aquesta XXI Jornada de Fundaci\u00f3 Adana sobre TEA a l&#8217;edat adulta neix a partir de la inquietud de molts pacients, professionals, fam\u00edlies i associacions de pacients de nens i joves amb Trastorn de l&#8217;Espectre de l&#8217;Autisme que, preocupats pel futur, reivindiquen un suport i acompanyament tamb\u00e9 a l&#8217;etapa adulta, ja que el TEA \u00e9s [&hellip;]<\/p>\n","protected":false},"author":1,"featured_media":18772,"comment_status":"open","ping_status":"closed","sticky":false,"template":"","format":"standard","meta":{"_bbp_topic_count":0,"_bbp_reply_count":0,"_bbp_total_topic_count":0,"_bbp_total_reply_count":0,"_bbp_voice_count":0,"_bbp_anonymous_reply_count":0,"_bbp_topic_count_hidden":0,"_bbp_reply_count_hidden":0,"_bbp_forum_subforum_count":0,"site-sidebar-layout":"default","site-content-layout":"","ast-site-content-layout":"","site-content-style":"default","site-sidebar-style":"default","ast-global-header-display":"","ast-banner-title-visibility":"","ast-main-header-display":"","ast-hfb-above-header-display":"","ast-hfb-below-header-display":"","ast-hfb-mobile-header-display":"","site-post-title":"","ast-breadcrumbs-content":"","ast-featured-img":"","footer-sml-layout":"","theme-transparent-header-meta":"","adv-header-id-meta":"","stick-header-meta":"","header-above-stick-meta":"","header-main-stick-meta":"","header-below-stick-meta":"","astra-migrate-meta-layouts":"default","ast-page-background-enabled":"default","ast-page-background-meta":{"desktop":{"background-color":"var(--ast-global-color-4)","background-image":"","background-repeat":"repeat","background-position":"center center","background-size":"auto","background-attachment":"scroll","background-type":"","background-media":"","overlay-type":"","overlay-color":"","overlay-opacity":"","overlay-gradient":""},"tablet":{"background-color":"","background-image":"","background-repeat":"repeat","background-position":"center center","background-size":"auto","background-attachment":"scroll","background-type":"","background-media":"","overlay-type":"","overlay-color":"","overlay-opacity":"","overlay-gradient":""},"mobile":{"background-color":"","background-image":"","background-repeat":"repeat","background-position":"center center","background-size":"auto","background-attachment":"scroll","background-type":"","background-media":"","overlay-type":"","overlay-color":"","overlay-opacity":"","overlay-gradient":""}},"ast-content-background-meta":{"desktop":{"background-color":"var(--ast-global-color-5)","background-image":"","background-repeat":"repeat","background-position":"center center","background-size":"auto","background-attachment":"scroll","background-type":"","background-media":"","overlay-type":"","overlay-color":"","overlay-opacity":"","overlay-gradient":""},"tablet":{"background-color":"var(--ast-global-color-5)","background-image":"","background-repeat":"repeat","background-position":"center center","background-size":"auto","background-attachment":"scroll","background-type":"","background-media":"","overlay-type":"","overlay-color":"","overlay-opacity":"","overlay-gradient":""},"mobile":{"background-color":"var(--ast-global-color-5)","background-image":"","background-repeat":"repeat","background-position":"center center","background-size":"auto","background-attachment":"scroll","background-type":"","background-media":"","overlay-type":"","overlay-color":"","overlay-opacity":"","overlay-gradient":""}},"footnotes":""},"categories":[598,1,29],"tags":[],"class_list":["post-18771","post","type-post","status-publish","format-standard","has-post-thumbnail","hentry","category-inclusio-a-les-aules","category-general","category-portada"],"post_mailing_queue_ids":[],"_links":{"self":[{"href":"https:\/\/serveiseducatius.xtec.cat\/vallesoriental4\/wp-json\/wp\/v2\/posts\/18771","targetHints":{"allow":["GET"]}}],"collection":[{"href":"https:\/\/serveiseducatius.xtec.cat\/vallesoriental4\/wp-json\/wp\/v2\/posts"}],"about":[{"href":"https:\/\/serveiseducatius.xtec.cat\/vallesoriental4\/wp-json\/wp\/v2\/types\/post"}],"author":[{"embeddable":true,"href":"https:\/\/serveiseducatius.xtec.cat\/vallesoriental4\/wp-json\/wp\/v2\/users\/1"}],"replies":[{"embeddable":true,"href":"https:\/\/serveiseducatius.xtec.cat\/vallesoriental4\/wp-json\/wp\/v2\/comments?post=18771"}],"version-history":[{"count":1,"href":"https:\/\/serveiseducatius.xtec.cat\/vallesoriental4\/wp-json\/wp\/v2\/posts\/18771\/revisions"}],"predecessor-version":[{"id":18773,"href":"https:\/\/serveiseducatius.xtec.cat\/vallesoriental4\/wp-json\/wp\/v2\/posts\/18771\/revisions\/18773"}],"wp:featuredmedia":[{"embeddable":true,"href":"https:\/\/serveiseducatius.xtec.cat\/vallesoriental4\/wp-json\/wp\/v2\/media\/18772"}],"wp:attachment":[{"href":"https:\/\/serveiseducatius.xtec.cat\/vallesoriental4\/wp-json\/wp\/v2\/media?parent=18771"}],"wp:term":[{"taxonomy":"category","embeddable":true,"href":"https:\/\/serveiseducatius.xtec.cat\/vallesoriental4\/wp-json\/wp\/v2\/categories?post=18771"},{"taxonomy":"post_tag","embeddable":true,"href":"https:\/\/serveiseducatius.xtec.cat\/vallesoriental4\/wp-json\/wp\/v2\/tags?post=18771"}],"curies":[{"name":"wp","href":"https:\/\/api.w.org\/{rel}","templated":true}]}}