{"id":18730,"date":"2023-03-02T10:05:13","date_gmt":"2023-03-02T09:05:13","guid":{"rendered":"https:\/\/serveiseducatius.xtec.cat\/vallesoriental4\/?p=18730"},"modified":"2023-03-02T10:05:13","modified_gmt":"2023-03-02T09:05:13","slug":"llibres-nandibu-per-a-descobrir-el-color-de-les-paraules-i-de-les-imatges","status":"publish","type":"post","link":"https:\/\/serveiseducatius.xtec.cat\/vallesoriental4\/general\/llibres-nandibu-per-a-descobrir-el-color-de-les-paraules-i-de-les-imatges\/","title":{"rendered":"Llibres Nandib\u00fa: per a descobrir el color de les paraules i de les imatges"},"content":{"rendered":"<p><strong><img loading=\"lazy\" decoding=\"async\" class=\" wp-image-18731 alignleft\" src=\"https:\/\/serveiseducatius.xtec.cat\/vallesoriental4\/wp-content\/uploads\/usu1133\/2023\/03\/contes-300x208.png\" alt=\"\" width=\"411\" height=\"285\" \/><br \/>\n<\/strong><\/p>\n<p>Us donem la benvinguda al butllet\u00ed mensual de Nandib\u00fa, el segell de literatura infantil i juvenil de Pag\u00e8s editors i Editorial Milenio!<\/p>\n<p>A Nandib\u00fa entenem que el llibre \u00e9s, abans que res, un instrument l\u00fadic, capa\u00e7 d\u2019atreure el lector i implicar-lo de manera activa.<\/p>\n<p>\u00c9s per aix\u00f2 que publiquem obres que contreuen indefectiblement un doble comprom\u00eds: amb la forma art\u00edstica i liter\u00e0ria, d\u2019una banda, i, de l\u2019altra, amb un contingut de qualitat, tractant tem\u00e0tiques sovint inc\u00f2modes de manera original, i deixant sempre espai a la lectura cr\u00edtica i a la interpretaci\u00f3 aut\u00f2noma dels joves lectors, fugint de l\u2019alli\u00e7onament i donant visibilitat a realitats dif\u00edcils, diverses i complexes.<\/p>\n<p>I aix\u00f2 precisament \u00e9s el que pretenem amb la publicaci\u00f3 de\u00a0<a href=\"https:\/\/40rlx.r.ag.d.sendibm3.com\/mk\/cl\/f\/xsrUoSlg23Wl0yHSjc_kfKn4xbhlaRa2mVn9Z2Pyv0U-8orVGsY6r07vb3rWxkvJUC3xulXBzfM01FzNnKWye98gEj3LemTIGAwzPrkDTIH5ReAVSnWjXOg3q5HXjR_QvbUb1PL8__iccYY-jC9UUn39jLBMytfLJ3VGO4CKI-ZEGpZHDP4YzSOiitm6cp3JBE3GqfFskTfPrEETQJIhAJ4VX8XNyjgM9j34N442II0UPbpqaf6g87rz7P8qdoJn1J6Iw5jwDyA8DjdchnfUl_h9GGRonsBc-QGgl5FAhvx6hruO4nyY8JLSwZVhnM-mZ7sRtyE5IlKwakly\"><em>Nen i jaguar<\/em><\/a>, una novel\u00b7la infantil de l\u2019escriptora gallega Andrea Maceiras, que ens ofereix una hist\u00f2ria preciosa en la que l\u2019aventura i la m\u00e0gia es posen al servei de la conscienciaci\u00f3 sobre la destrucci\u00f3 de l\u2019Amazones i les conseq\u00fc\u00e8ncies que han d\u2019afrontar els seus habitants. El relat ve acompanyat de les il\u00b7lustracions d\u2019Eva S\u00e1nchez i el trobareu disponible tant en castell\u00e0 (<a href=\"https:\/\/40rlx.r.ag.d.sendibm3.com\/mk\/cl\/f\/p0InS4QotEsf0uq6xl6FxXuUifEAafpzNmYhEhHll7tv54Ei2E3Vt3fa_BWr058iKLgIXii9XKDxXMhziq0GwtB3IPltzGHHQFzhD3aUHHReHtsqIOC_CylZnRPhsgLoNjD8lAof9V5OfALicuLeSru1IT5rD3kh0VG4ebFlV_CX3_EnlPVpcAakHtrtNmMDXyHG1BycYe7_4xFL_I9zx9twDuWcignMhyA_M4n8OjAFZLhK8LJnd9GXXJOl1JehfBbIWQPyMjfsO6A2JttSzO08zMu03rozAH1WenfxoPqo3dYOhQ-qhXPdNgVKYZucAh4PwSF6-W8V-HA\"><em>Ni\u00f1o y jaguar<\/em><\/a>) com en la traducci\u00f3 al catal\u00e0 d\u2019Anna Llisterri.<\/p>\n<p>Si encara no la coneixeu, us recomanem que feu un cop de vista a la col\u00b7lecci\u00f3 Petit Nandib\u00fa, perqu\u00e8 no para de cr\u00e9ixer! Despr\u00e9s de l\u2019<a href=\"https:\/\/40rlx.r.ag.d.sendibm3.com\/mk\/cl\/f\/cbGwIzGd9sCGnUeFZVf2SPCe0VphMVBkN78lyYwzmeGNVZBCQui3vY77uWhT7P3N2homOF0seZcwWOGVvibZAvIVQOpZGe07zfHiYr794DIQZdhi4rk4C6NdgJI_Zcjv-MTuDTmgerMrtVGZK5DwRAyi_lmPRvKl3rwMctmwTfdCUc6fQA4oVWB4dRe6Fay6MSBeOvMCZx2Gq1d4COtSWsQSudL4GC0rNzzC8WANeIsmIzQCtTcNwASgVQx44ubSI94IhC50kRPdr17X2Cehss30l87STffvZjkfsx7TGkcQE7J1Lp9kgJvpHs21Q9zuHyNyWDGvN9wbqiugf6Jlpf-0-jOS3TAyFBYMcSGm2g\"><em>Emma, la petita dragona d\u2019Orient<\/em><\/a>, ara s\u2019hi ha afegit\u00a0<a href=\"https:\/\/40rlx.r.ag.d.sendibm3.com\/mk\/cl\/f\/CvqZTvsgaoft4HvWMJeCfjjV8JUym1DfHPVWdsaItPNe1HRJBVdCPPEd6gZZxBnT8ugO13eqLafc1d5qvTTe5ZbNhC48G7woujvK8mOo8oavKGniTRtWiSnQcRnv4sxgdDZkJ2yTYJsx7RnbjOMTaMjl6leSQKD1oDnFpQf4hNFj_EblAosJZXgI4nt7IdPurekMgMC61mVHEMRrkrGLZDehL1EuACOQgxeRXkiLOtsEmUoZtdZGu5-I3Ee1f-sf7T3RnkuigzIoaVh7qBa2ORPAP95S4EMEqMFtm-tjaJkOqwd6RQ5Gi2Is0y60xM_Jay-WwJxXf17_nAJfFDxvXK_Umm5N\"><em>L\u2019Elefant amb ulleres<\/em><\/a>, un personatge que, a simple vista, no sembla pas que hagi de tenir cap qualitat extraordin\u00e0ria, per\u00f2 que en realitat posseeix una habilitat que el fa molt especial! Voleu descobrir quina \u00e9s\u2026?<\/p>\n<p>I ens fa feli\u00e7os presentar-vos una nova edici\u00f3 d\u2019<a href=\"https:\/\/40rlx.r.ag.d.sendibm3.com\/mk\/cl\/f\/A7j3iucd6YWXMzTlT0-hzs0Pdi6VRT5i-8LfQu1INARzEisfT7I_W0wI7KsJOvogkeOkl2BbJ5hFkKNO-enO3MkXdgs8mcTrEqcps84v-ZM-b2KzOyp8DnTmYCdtrKSeMQwMhue05KuWYkrvOVhDHOaKU_o08MGGwKzDt-ctDPzzNXDtePfyRrVkOW5snKuUh4K7nRGNTKHPjuTPCXzcqw2eNRFxo2YeAoSDrW0_2R2fRvzPi2hH0uBQObirDkkXS42IoSn7N-AyFzSy9A7GFuU--sLlILOSTFDRLlVrkPvK-ZaDJ-S2K0REJnBD6p6MPRA8QvOAaCmoViV0Ksv_\"><em>Olor de maduixa<\/em><\/a>, que, juntament amb la reedici\u00f3 del\u00a0<a href=\"https:\/\/40rlx.r.ag.d.sendibm3.com\/mk\/cl\/f\/Uo3qqlkxdfUst035RfhT-QD8I72thTbx1mqaZ_NXwizphiM98LpqND-1OvPZpZqSHGgQXkdB8pOqrrh5FHvhZWIBOjJfksxMwZdyosc-VdwraGgewkWqgxuSmVewgv8x6ct39nKXUTn_Hcd1QkaSpVZqyPtl__G8DVqamAq1z8TigPD9XxLfQj-ki0Nb-bbVZCBBdPm9TuINcRNb0HIjzji7237_zfwCC9KxqAVj-xYfIkYFiBXSsXN8y-jBywdE0eqrdvJIosFx5FXFr90HMzyDTiIqm4WBxpL-b4o1EhJdxS9U84yDQI5iPl-h0Qws6os2ztbt6dtQ5IIpxgY2AYqos-x2amLK3arP\"><em>Bestiolari de Joana Raspall<\/em><\/a>, volem que serveixi com a homenatge en el 110\u00e8 aniversari del naixement i el 10\u00e8 aniversari de la mort de l\u2019autora d\u2019una de les obres po\u00e8tiques m\u00e9s estimades i entranyables de les lletres catalanes de tots els temps: Joana Raspall.<\/p>\n<p>Ah, i ja hem estrenat compte propi de Nandib\u00fa a l&#8217;<a href=\"https:\/\/40rlx.r.ag.d.sendibm3.com\/mk\/cl\/f\/Fqm5xySUqFkLP_esuPxjGK_lZs467xKZGvKMt9L72zQmHuLPOG3slgF-eAYEWOZWQjHAPZOcWI8qIkaZkqffYSyUiLCR8S0rypKs3s-oa4EhZ5O1-S8T_uE74pn6g8jd4OwBGdufk47jaSKtBgG7KFGec1jcT7Zhkzv76-kJ6GpnIdF8UxO2W55WKBAAqTuEwc80Y2pumqA5xdAHnh1YOMrQph3Jfx1bpV7_PtfFCh0-28f4FtuzM4q9OcNU6OH285Dd3G9gdzucezw7Eiqu5lBZtRICLyws07Y6KKouBxZBmqcQJ_ty4XUwumjdLY4E-nbru-dFZSU1Pv02TGjcUwM\">Instagram<\/a>! Seguiu-nos!<\/p>\n<p>Ens llegim el mes que ve!<\/p>\n<p><strong>Oriol Roig Monturiol, editor de Nandib\u00fa<\/strong><\/p>\n<h3 class=\"m_-5683758193066042625default-heading3\">\u00a0Agenda d&#8217;activitats<\/h3>\n<p><img loading=\"lazy\" decoding=\"async\" class=\"size-medium wp-image-18732 alignleft\" src=\"https:\/\/serveiseducatius.xtec.cat\/vallesoriental4\/wp-content\/uploads\/usu1133\/2023\/03\/contes1-300x300.jpg\" alt=\"\" width=\"300\" height=\"300\" \/><\/p>\n<p>&nbsp;<\/p>\n<p>&nbsp;<\/p>\n<p>&nbsp;<\/p>\n<p>&nbsp;<\/p>\n<p>&nbsp;<\/p>\n<p>&nbsp;<\/p>\n<p>&nbsp;<\/p>\n<h3 class=\"m_-5683758193066042625default-heading3\">Els nostres llibres als mitjans de comunicaci\u00f3<\/h3>\n<p><img loading=\"lazy\" decoding=\"async\" class=\"size-medium wp-image-18733 alignleft\" src=\"https:\/\/serveiseducatius.xtec.cat\/vallesoriental4\/wp-content\/uploads\/usu1133\/2023\/03\/conte2-300x169.png\" alt=\"\" width=\"300\" height=\"169\" srcset=\"https:\/\/serveiseducatius.xtec.cat\/vallesoriental4\/wp-content\/uploads\/usu1133\/2023\/03\/conte2-300x169.png 300w, https:\/\/serveiseducatius.xtec.cat\/vallesoriental4\/wp-content\/uploads\/usu1133\/2023\/03\/conte2.png 600w\" sizes=\"auto, (max-width: 300px) 100vw, 300px\" \/><\/p>\n<p><i>Emma, la petita dragona d&#8217;Orient<\/i>,<\/p>\n<p>de Pep Molist i Marta Cabrol,<\/p>\n<p>a les revistes\u00a0<a href=\"https:\/\/40rlx.r.ag.d.sendibm3.com\/mk\/cl\/f\/xfRWYDV0IW5eUkXRoc56I9DGegZgfQX_APCMEp8_LILYKFKdU0EM71u57AzDih3PmQd5V1mn-ouoatOU8IvFg9B8-TcYLc-KrSbje-sntG6ikINEwImDY7gBOHqC_UQXZUAebsKIUyA6epyHV3PAemMqRdWA0KEw40zsSxgZWzT2q-FAP1kkah9wL0Ln2Jp3CBhFxRTmrVFf0IFt0v_JQew5M_nRUnQdaL2qNzRgdiwREaVleOV0jycn9jrzsgpF_9FHBxZovnDSHVsYGN4vWJKI-KWdotmVn0HTOTUwNR8PEHLPAKo9JhfcVpqeQn3vAC2bmxolc4VwG2vAgQ4vX2Gjw_46jpt96JuPEChGeAe1jJ6VHeNq3dO23l_SwdKzfAAeUr_eb-54\" target=\"_blank\" rel=\"noopener\" data-saferedirecturl=\"https:\/\/www.google.com\/url?q=https:\/\/40rlx.r.ag.d.sendibm3.com\/mk\/cl\/f\/xfRWYDV0IW5eUkXRoc56I9DGegZgfQX_APCMEp8_LILYKFKdU0EM71u57AzDih3PmQd5V1mn-ouoatOU8IvFg9B8-TcYLc-KrSbje-sntG6ikINEwImDY7gBOHqC_UQXZUAebsKIUyA6epyHV3PAemMqRdWA0KEw40zsSxgZWzT2q-FAP1kkah9wL0Ln2Jp3CBhFxRTmrVFf0IFt0v_JQew5M_nRUnQdaL2qNzRgdiwREaVleOV0jycn9jrzsgpF_9FHBxZovnDSHVsYGN4vWJKI-KWdotmVn0HTOTUwNR8PEHLPAKo9JhfcVpqeQn3vAC2bmxolc4VwG2vAgQ4vX2Gjw_46jpt96JuPEChGeAe1jJ6VHeNq3dO23l_SwdKzfAAeUr_eb-54&amp;source=gmail&amp;ust=1677831260578000&amp;usg=AOvVaw2raHSP7yTmeSnNmdnGsF0J\">Serra d&#8217;Or<\/a>\u00a0i\u00a0<a href=\"https:\/\/40rlx.r.ag.d.sendibm3.com\/mk\/cl\/f\/G98UloKcdxWpf2eoI1JzDTx-8JFy3NV5DddEYco6KcIjBGXARcYg1fLMT0HNbhMPvPdwmh5XDgnNzjDmZGRvSLeqLlMlU71x3eRspGbPJ8xRlbtasdyo-mmK4R6YDVpDozMWTAUPfL19ozqy6ds3cEjPG7LwEZnlBfbCJzMGr2zsX3r71Uf_qqXZ-2rnkvqDU-2LYMKlnE1yRy-gs9tBm3wfYfSzhyP1L8eGz7DUnQczvLozrC2cUxuFP8DNsnnZm494Igi1B5nByJ8lITmZpFMK8ztNbG1MJZ5U1iLdEfnXKa8HKfcbk5XziSQu_qXesP6_YL_6auYmIvfboXC76WUg1ybIH3b8pyiUuPXoiaBv4oN8Ug\" target=\"_blank\" rel=\"noopener\" data-saferedirecturl=\"https:\/\/www.google.com\/url?q=https:\/\/40rlx.r.ag.d.sendibm3.com\/mk\/cl\/f\/G98UloKcdxWpf2eoI1JzDTx-8JFy3NV5DddEYco6KcIjBGXARcYg1fLMT0HNbhMPvPdwmh5XDgnNzjDmZGRvSLeqLlMlU71x3eRspGbPJ8xRlbtasdyo-mmK4R6YDVpDozMWTAUPfL19ozqy6ds3cEjPG7LwEZnlBfbCJzMGr2zsX3r71Uf_qqXZ-2rnkvqDU-2LYMKlnE1yRy-gs9tBm3wfYfSzhyP1L8eGz7DUnQczvLozrC2cUxuFP8DNsnnZm494Igi1B5nByJ8lITmZpFMK8ztNbG1MJZ5U1iLdEfnXKa8HKfcbk5XziSQu_qXesP6_YL_6auYmIvfboXC76WUg1ybIH3b8pyiUuPXoiaBv4oN8Ug&amp;source=gmail&amp;ust=1677831260578000&amp;usg=AOvVaw17gJd3xVPn6wmNLqyEb5Vo\">Faristol<\/a>.<\/p>\n<p>&nbsp;<\/p>\n<p>&nbsp;<\/p>\n<p><img loading=\"lazy\" decoding=\"async\" class=\"size-medium wp-image-18734 alignleft\" src=\"https:\/\/serveiseducatius.xtec.cat\/vallesoriental4\/wp-content\/uploads\/usu1133\/2023\/03\/conte3-300x206.jpg\" alt=\"\" width=\"300\" height=\"206\" \/><\/p>\n<p>El conte\u00a0<i>L&#8217;elefant amb ulleres<\/i>,<\/p>\n<p>de Natasha Domanova,<\/p>\n<p>recomanat al bloc de\u00a0<a href=\"https:\/\/40rlx.r.ag.d.sendibm3.com\/mk\/cl\/f\/gqTFu2szJUvKT12RWKgjg6dJrrqiE-jjPXZT2rkqrJF0_L8wGXhsth_2S4ZqGa8ajs03AH9X3ciEXukJ-fcDi2fwbHomHoC4dcXevEvnrmSMQGapBUS8TkVpPGJUOTY30LtQEfVEBjzYHykB98cGy-M4S3bre3RRMOTbkiOvJ9y1Srom85GQ80VKc5G8Si3SaKjTVmbBP6atbLxtGnA6vcOl4PTWmniN_X_dprmXvAvhWqtUmmYbyfU2-3dLdIEJWrxPn_ADjKH8MRN-vhaC-l3gtinxksejIStxyeRa632fZnZhv2tj7XySz27RxljjJmLNTrcquTkbYk3yifpNX8yaWm3qYiR_ivMZTlW8wq7REZ77CGRtGK4FCw\" target=\"_blank\" rel=\"noopener\" data-saferedirecturl=\"https:\/\/www.google.com\/url?q=https:\/\/40rlx.r.ag.d.sendibm3.com\/mk\/cl\/f\/gqTFu2szJUvKT12RWKgjg6dJrrqiE-jjPXZT2rkqrJF0_L8wGXhsth_2S4ZqGa8ajs03AH9X3ciEXukJ-fcDi2fwbHomHoC4dcXevEvnrmSMQGapBUS8TkVpPGJUOTY30LtQEfVEBjzYHykB98cGy-M4S3bre3RRMOTbkiOvJ9y1Srom85GQ80VKc5G8Si3SaKjTVmbBP6atbLxtGnA6vcOl4PTWmniN_X_dprmXvAvhWqtUmmYbyfU2-3dLdIEJWrxPn_ADjKH8MRN-vhaC-l3gtinxksejIStxyeRa632fZnZhv2tj7XySz27RxljjJmLNTrcquTkbYk3yifpNX8yaWm3qYiR_ivMZTlW8wq7REZ77CGRtGK4FCw&amp;source=gmail&amp;ust=1677831260578000&amp;usg=AOvVaw2jKT4JzPC04LSb9wQX5R2k\">Jaume Centelles<\/a>\u00a0i<\/p>\n<p>al web\u00a0<a href=\"https:\/\/40rlx.r.ag.d.sendibm3.com\/mk\/cl\/f\/jcQm-JLJl6gg6ly75sDNd5vPmBw_GKFKLESte__rb8g1wug1KQm9qHETzOZZzbo9iP_NdkfwReeaslbymfzJijmLwKKuBvW87IH3r7slwaz_SUFidwBoiW6mYyW5X-WKyS6MJlyagQF_oMk4sUXKtTBtCUrImWL2Cf280Y9_bo1Xx6IxrRMeT3zSs3FvsbDf_kdBVqM5lIdM7TXp_Cx5i3Mo_0jzJMElRiTF2K7zYnR19kCHO4Ckki3AO4Og3iQSmevwXvRw8ayoNppAa2CnEF50V9wPMVuIy3DKnOwoMzkzJ5whQax1N3z2NkU2QPTXDAqbFFU\" target=\"_blank\" rel=\"noopener\" data-saferedirecturl=\"https:\/\/www.google.com\/url?q=https:\/\/40rlx.r.ag.d.sendibm3.com\/mk\/cl\/f\/jcQm-JLJl6gg6ly75sDNd5vPmBw_GKFKLESte__rb8g1wug1KQm9qHETzOZZzbo9iP_NdkfwReeaslbymfzJijmLwKKuBvW87IH3r7slwaz_SUFidwBoiW6mYyW5X-WKyS6MJlyagQF_oMk4sUXKtTBtCUrImWL2Cf280Y9_bo1Xx6IxrRMeT3zSs3FvsbDf_kdBVqM5lIdM7TXp_Cx5i3Mo_0jzJMElRiTF2K7zYnR19kCHO4Ckki3AO4Og3iQSmevwXvRw8ayoNppAa2CnEF50V9wPMVuIy3DKnOwoMzkzJ5whQax1N3z2NkU2QPTXDAqbFFU&amp;source=gmail&amp;ust=1677831260578000&amp;usg=AOvVaw1GeozC6Xc3mqoWJt6fEbI3\">Totnens.cat<\/a><\/p>\n<p>&nbsp;<\/p>\n<p>&nbsp;<\/p>\n<p><img loading=\"lazy\" decoding=\"async\" class=\"size-medium wp-image-18735 alignleft\" src=\"https:\/\/serveiseducatius.xtec.cat\/vallesoriental4\/wp-content\/uploads\/usu1133\/2023\/03\/conte4-300x169.png\" alt=\"\" width=\"300\" height=\"169\" srcset=\"https:\/\/serveiseducatius.xtec.cat\/vallesoriental4\/wp-content\/uploads\/usu1133\/2023\/03\/conte4-300x169.png 300w, https:\/\/serveiseducatius.xtec.cat\/vallesoriental4\/wp-content\/uploads\/usu1133\/2023\/03\/conte4.png 550w\" sizes=\"auto, (max-width: 300px) 100vw, 300px\" \/><\/p>\n<p>Ressenya a\u00a0<a href=\"https:\/\/40rlx.r.ag.d.sendibm3.com\/mk\/cl\/f\/dvVcwsrJUV0_V1K9swyiKRT35_eaDoXRpmAKTb7g4rH8JyQ4xwxQDGFakJXYG9OfvrNnZG5zaR4KLf8cjlUpG56PhC2EA1DxNkJ5jL8aEAxoEB0X_mXq1R1BhxTLSYMMm03UkKgxxlp8xWuAWG-X0GeHHlNUq447fK-Pr37dsKe21QQ14ejTRqbL8ALw8ZcLDEjHBbnQC3gDs7S7YuvYoNq5zYHJo_q55b2ZKIw9XHCp2bnJG8VqaL_fg0zz0Y_HyaEJLqABnkpg4z_YuHFYROv0dCmg5voK1LlUshvGAVvsf1hogBO8dlQFF6b8hjCWBEl4S6qfwEAe-i59Z6rPvyn6Hr8q3C0YpZlM\" target=\"_blank\" rel=\"noopener\" data-saferedirecturl=\"https:\/\/www.google.com\/url?q=https:\/\/40rlx.r.ag.d.sendibm3.com\/mk\/cl\/f\/dvVcwsrJUV0_V1K9swyiKRT35_eaDoXRpmAKTb7g4rH8JyQ4xwxQDGFakJXYG9OfvrNnZG5zaR4KLf8cjlUpG56PhC2EA1DxNkJ5jL8aEAxoEB0X_mXq1R1BhxTLSYMMm03UkKgxxlp8xWuAWG-X0GeHHlNUq447fK-Pr37dsKe21QQ14ejTRqbL8ALw8ZcLDEjHBbnQC3gDs7S7YuvYoNq5zYHJo_q55b2ZKIw9XHCp2bnJG8VqaL_fg0zz0Y_HyaEJLqABnkpg4z_YuHFYROv0dCmg5voK1LlUshvGAVvsf1hogBO8dlQFF6b8hjCWBEl4S6qfwEAe-i59Z6rPvyn6Hr8q3C0YpZlM&amp;source=gmail&amp;ust=1677831260578000&amp;usg=AOvVaw2w_y8Zs6OlFFojJwZe950j\">El Culturista<\/a>,<\/p>\n<p>l&#8217;agenda familiar de Barcelona,<\/p>\n<p>del llibre\u00a0<i>Un estiu de luxe<\/i>,<\/p>\n<p>de Marianne Kaurin.<\/p>\n<p>&nbsp;<\/p>\n<h3 class=\"m_-5683758193066042625default-heading3\">Sabies qu\u00e8\u2026?<\/h3>\n<p><a href=\"https:\/\/40rlx.r.ag.d.sendibm3.com\/mk\/cl\/f\/QIGgCV_qHkRYVWg7b7_WWjHLBmjW2nBb11_pkuaIMzwroSAhRTypmrGYXCW0fISw_uGnQcOQoG0nTFX60sMWR_x4RtH7ygA8lSM5_yNC_kvBDxSAM1YDYDtrgkAeXwLWpAK34AOnN6VDuVN1HLU9xoKbGsGv74U2Lfgajg0hg6eYiDFIt3uEH1-blIYn9-607gN2ojFGRJaZaw0UHxx1Yx-TOaokB_V9tU6my3QCR_E8Nz3t_Zbbv--bxVJy0G1aKcQ3UozGHdRxlMraNKOQW-MhxPKKTjd1yA0AZK6obw1PXGZB_N3yRg5rfNrYaepdm6WLEBPqUSFNTHWYCFq1xXJDQGJJQF0\" target=\"_blank\" rel=\"noopener\" data-saferedirecturl=\"https:\/\/www.google.com\/url?q=https:\/\/40rlx.r.ag.d.sendibm3.com\/mk\/cl\/f\/QIGgCV_qHkRYVWg7b7_WWjHLBmjW2nBb11_pkuaIMzwroSAhRTypmrGYXCW0fISw_uGnQcOQoG0nTFX60sMWR_x4RtH7ygA8lSM5_yNC_kvBDxSAM1YDYDtrgkAeXwLWpAK34AOnN6VDuVN1HLU9xoKbGsGv74U2Lfgajg0hg6eYiDFIt3uEH1-blIYn9-607gN2ojFGRJaZaw0UHxx1Yx-TOaokB_V9tU6my3QCR_E8Nz3t_Zbbv--bxVJy0G1aKcQ3UozGHdRxlMraNKOQW-MhxPKKTjd1yA0AZK6obw1PXGZB_N3yRg5rfNrYaepdm6WLEBPqUSFNTHWYCFq1xXJDQGJJQF0&amp;source=gmail&amp;ust=1677831260578000&amp;usg=AOvVaw28tsEtF8_5K1n1tr4K41hc\"><i>Els comences a comptar?<\/i>,<\/a>\u00a0l\u2019\u00e0lbum capiculat escrit per Ramon Besora i il\u00b7lustrat per Natasha Domanova, ha estat seleccionat per l\u2019IBBYcat com un dels millors llibres LIJ d\u2019autoria catalana publicats el 2022?!\u00a0\uf0e0\u00a0<a href=\"https:\/\/40rlx.r.ag.d.sendibm3.com\/mk\/cl\/f\/p1t3YYLW_cspwgsS76JZZzi3yMuXjcLzyyuyPIF-xONRBqOyOQa20WrWTN650msjqdLzRKWCoh-UlaU8I-yO53FbJMddBaMsdrflHbiyVz4Xws1Rv7_SZuUQsItIRNKMciS4NZCJyzCj-AxI8XuhNsI4ghqy4pos23GJgzriD75dgF4hedpvzBOiCyOZC6rbWErhw3y9_YF8CbkPpMO9Euu_PEHEFPzrux_3r4egjyZVGRU5whtCym9TwHrRIce-V5Ad15zbhqr0l3xGJPLfIbs9TvhtU3Ef0wCyqP0CrFNkP5yTkh8AjFJS652gLG1L3-z_9pwlfBPpCizmpi-UPsAjLQkdMDIgvY3cv7rAaWqTquAHtRzpdP99gBYZBrLOZFxsQQ\" target=\"_blank\" rel=\"noopener\" data-saferedirecturl=\"https:\/\/www.google.com\/url?q=https:\/\/40rlx.r.ag.d.sendibm3.com\/mk\/cl\/f\/p1t3YYLW_cspwgsS76JZZzi3yMuXjcLzyyuyPIF-xONRBqOyOQa20WrWTN650msjqdLzRKWCoh-UlaU8I-yO53FbJMddBaMsdrflHbiyVz4Xws1Rv7_SZuUQsItIRNKMciS4NZCJyzCj-AxI8XuhNsI4ghqy4pos23GJgzriD75dgF4hedpvzBOiCyOZC6rbWErhw3y9_YF8CbkPpMO9Euu_PEHEFPzrux_3r4egjyZVGRU5whtCym9TwHrRIce-V5Ad15zbhqr0l3xGJPLfIbs9TvhtU3Ef0wCyqP0CrFNkP5yTkh8AjFJS652gLG1L3-z_9pwlfBPpCizmpi-UPsAjLQkdMDIgvY3cv7rAaWqTquAHtRzpdP99gBYZBrLOZFxsQQ&amp;source=gmail&amp;ust=1677831260578000&amp;usg=AOvVaw3LTM63hvvGjysUY2yLm2gm\">L&#8217;IBBYcat anuncia els Millors llibres d&#8217;autoria catalana del 2022 &#8211; Ibbycat<\/a><\/p>\n<p>I que el llibre de l\u2019<a href=\"https:\/\/40rlx.r.ag.d.sendibm3.com\/mk\/cl\/f\/LrznE1nVjFpC5NoSbwAu_C65ZbTfaeXK6tiyrZwhtZuWLmXACJCUeyrUN3-fzOKoXdMmeGhkLHMcD-EWWpzi5LlU5cJs1MkfwvhW01-mi4f0qQckPBxLCltCpnWzJVahrlrU-nETOrIBz4-kACCUded6SL6Qqe1qmEaYzSecQlSGC8Kc8woovuved1U69fH42QQjPpchKgfQw03ej_bUjiod0OUaqg1oEwD0fuBHB_8cr6iqN_9g1RI8UGg_fxczn3eLGOaQR-ZU55-a14Dhevyiv0I6K63O8IbJjQt8VM1bPEvaRuC8tXaZMSYbmXybVSS-bFotaTMcaUjtailAUOI372Bfns8Ujnr7j4YTV9o\" target=\"_blank\" rel=\"noopener\" data-saferedirecturl=\"https:\/\/www.google.com\/url?q=https:\/\/40rlx.r.ag.d.sendibm3.com\/mk\/cl\/f\/LrznE1nVjFpC5NoSbwAu_C65ZbTfaeXK6tiyrZwhtZuWLmXACJCUeyrUN3-fzOKoXdMmeGhkLHMcD-EWWpzi5LlU5cJs1MkfwvhW01-mi4f0qQckPBxLCltCpnWzJVahrlrU-nETOrIBz4-kACCUded6SL6Qqe1qmEaYzSecQlSGC8Kc8woovuved1U69fH42QQjPpchKgfQw03ej_bUjiod0OUaqg1oEwD0fuBHB_8cr6iqN_9g1RI8UGg_fxczn3eLGOaQR-ZU55-a14Dhevyiv0I6K63O8IbJjQt8VM1bPEvaRuC8tXaZMSYbmXybVSS-bFotaTMcaUjtailAUOI372Bfns8Ujnr7j4YTV9o&amp;source=gmail&amp;ust=1677831260578000&amp;usg=AOvVaw25PrWSqGiFlZ3QSA95fjsu\"><i>Emma, la petita dragona d\u2019Orient<\/i>,<\/a>\u00a0amb il\u00b7lustracions de Marta Cabrol i text de Pep Molist, ha estat incl\u00f2s al cat\u00e0leg LIJ que l\u2019Institut Ramon Llull passejar\u00e0 per les fires internacionals d\u2019enguany?!\u00a0\uf0e0\u00a0<a href=\"https:\/\/40rlx.r.ag.d.sendibm3.com\/mk\/cl\/f\/OMO11QTvn86GtM7pHKuQEbnq2H4hz0LMavElAxh3-CwXLyXs4MpuxvGdwH8A6M_r5gFz8lD2OhTptVJnHsBaWUkLBL1Q2N2RqYRJ_K-80ptua_q1JVPpVz7IXjrqcuWzM5KMljYrLkmOAYwCZURvuIUaVGO2tIvbFddPHxq2RovfrKcbJXKLFfCQUnqcQAODzlH0bif8mboY-2Hn_2FOV-GpSXQSmiI00GAub5s8fzyoH3TW-TbOT7d_vxLHTs_RuBGKqHXDQ7Y8KYclMqtWAS0WCdWQQU9rumNFR8VV98s0Gd0czsItAjRkJ5cH4bhVzZC-eipe27qeFMYtIIPPrR1LtIWy8xVw9lvHt38G00M1b8yeJNaJ25W0lSlK7AoNJ232rYUr5lI3eN1R3MT9DzNWOandNSq5mwhy_uIddxpHtsgmfTfXn6zrJA\" target=\"_blank\" rel=\"noopener\" data-saferedirecturl=\"https:\/\/www.google.com\/url?q=https:\/\/40rlx.r.ag.d.sendibm3.com\/mk\/cl\/f\/OMO11QTvn86GtM7pHKuQEbnq2H4hz0LMavElAxh3-CwXLyXs4MpuxvGdwH8A6M_r5gFz8lD2OhTptVJnHsBaWUkLBL1Q2N2RqYRJ_K-80ptua_q1JVPpVz7IXjrqcuWzM5KMljYrLkmOAYwCZURvuIUaVGO2tIvbFddPHxq2RovfrKcbJXKLFfCQUnqcQAODzlH0bif8mboY-2Hn_2FOV-GpSXQSmiI00GAub5s8fzyoH3TW-TbOT7d_vxLHTs_RuBGKqHXDQ7Y8KYclMqtWAS0WCdWQQU9rumNFR8VV98s0Gd0czsItAjRkJ5cH4bhVzZC-eipe27qeFMYtIIPPrR1LtIWy8xVw9lvHt38G00M1b8yeJNaJ25W0lSlK7AoNJ232rYUr5lI3eN1R3MT9DzNWOandNSq5mwhy_uIddxpHtsgmfTfXn6zrJA&amp;source=gmail&amp;ust=1677831260578000&amp;usg=AOvVaw1_LN4N8wiWGAxSMlf1ETwF\">Literatura &#8211; Publicacions &#8211; Institut Ramon Llull<\/a><strong>\u00a0<\/strong><\/p>\n<p>&nbsp;<\/p>\n<p style=\"margin: 0cm; margin-bottom: .0001pt;\">Pag\u00e8s editors &#8211; Nandib\u00fa<\/p>\n<p style=\"margin: 0cm; margin-bottom: .0001pt;\">c\/ Sant Salvador, 8 \u00b7 25005 Lleida<\/p>\n<p style=\"margin: 0cm; margin-bottom: .0001pt;\">Tel. 973 23 66 11 \/\u00a0<a href=\"mailto:editorial@pageseditors.cat\" target=\"_blank\" rel=\"noopener\">editorial@pageseditors.cat<\/a><\/p>\n","protected":false},"excerpt":{"rendered":"<p>Us donem la benvinguda al butllet\u00ed mensual de Nandib\u00fa, el segell de literatura infantil i juvenil de Pag\u00e8s editors i Editorial Milenio! A Nandib\u00fa entenem que el llibre \u00e9s, abans que res, un instrument l\u00fadic, capa\u00e7 d\u2019atreure el lector i implicar-lo de manera activa. \u00c9s per aix\u00f2 que publiquem obres que contreuen indefectiblement un doble [&hellip;]<\/p>\n","protected":false},"author":1,"featured_media":0,"comment_status":"open","ping_status":"closed","sticky":false,"template":"","format":"standard","meta":{"_bbp_topic_count":0,"_bbp_reply_count":0,"_bbp_total_topic_count":0,"_bbp_total_reply_count":0,"_bbp_voice_count":0,"_bbp_anonymous_reply_count":0,"_bbp_topic_count_hidden":0,"_bbp_reply_count_hidden":0,"_bbp_forum_subforum_count":0,"site-sidebar-layout":"default","site-content-layout":"","ast-site-content-layout":"","site-content-style":"default","site-sidebar-style":"default","ast-global-header-display":"","ast-banner-title-visibility":"","ast-main-header-display":"","ast-hfb-above-header-display":"","ast-hfb-below-header-display":"","ast-hfb-mobile-header-display":"","site-post-title":"","ast-breadcrumbs-content":"","ast-featured-img":"","footer-sml-layout":"","theme-transparent-header-meta":"","adv-header-id-meta":"","stick-header-meta":"","header-above-stick-meta":"","header-main-stick-meta":"","header-below-stick-meta":"","astra-migrate-meta-layouts":"default","ast-page-background-enabled":"default","ast-page-background-meta":{"desktop":{"background-color":"var(--ast-global-color-4)","background-image":"","background-repeat":"repeat","background-position":"center center","background-size":"auto","background-attachment":"scroll","background-type":"","background-media":"","overlay-type":"","overlay-color":"","overlay-opacity":"","overlay-gradient":""},"tablet":{"background-color":"","background-image":"","background-repeat":"repeat","background-position":"center center","background-size":"auto","background-attachment":"scroll","background-type":"","background-media":"","overlay-type":"","overlay-color":"","overlay-opacity":"","overlay-gradient":""},"mobile":{"background-color":"","background-image":"","background-repeat":"repeat","background-position":"center center","background-size":"auto","background-attachment":"scroll","background-type":"","background-media":"","overlay-type":"","overlay-color":"","overlay-opacity":"","overlay-gradient":""}},"ast-content-background-meta":{"desktop":{"background-color":"var(--ast-global-color-5)","background-image":"","background-repeat":"repeat","background-position":"center center","background-size":"auto","background-attachment":"scroll","background-type":"","background-media":"","overlay-type":"","overlay-color":"","overlay-opacity":"","overlay-gradient":""},"tablet":{"background-color":"var(--ast-global-color-5)","background-image":"","background-repeat":"repeat","background-position":"center center","background-size":"auto","background-attachment":"scroll","background-type":"","background-media":"","overlay-type":"","overlay-color":"","overlay-opacity":"","overlay-gradient":""},"mobile":{"background-color":"var(--ast-global-color-5)","background-image":"","background-repeat":"repeat","background-position":"center center","background-size":"auto","background-attachment":"scroll","background-type":"","background-media":"","overlay-type":"","overlay-color":"","overlay-opacity":"","overlay-gradient":""}},"footnotes":""},"categories":[81,1,29],"tags":[],"class_list":["post-18730","post","type-post","status-publish","format-standard","hentry","category-biblioteca-escolar","category-general","category-portada"],"post_mailing_queue_ids":[],"_links":{"self":[{"href":"https:\/\/serveiseducatius.xtec.cat\/vallesoriental4\/wp-json\/wp\/v2\/posts\/18730","targetHints":{"allow":["GET"]}}],"collection":[{"href":"https:\/\/serveiseducatius.xtec.cat\/vallesoriental4\/wp-json\/wp\/v2\/posts"}],"about":[{"href":"https:\/\/serveiseducatius.xtec.cat\/vallesoriental4\/wp-json\/wp\/v2\/types\/post"}],"author":[{"embeddable":true,"href":"https:\/\/serveiseducatius.xtec.cat\/vallesoriental4\/wp-json\/wp\/v2\/users\/1"}],"replies":[{"embeddable":true,"href":"https:\/\/serveiseducatius.xtec.cat\/vallesoriental4\/wp-json\/wp\/v2\/comments?post=18730"}],"version-history":[{"count":1,"href":"https:\/\/serveiseducatius.xtec.cat\/vallesoriental4\/wp-json\/wp\/v2\/posts\/18730\/revisions"}],"predecessor-version":[{"id":18736,"href":"https:\/\/serveiseducatius.xtec.cat\/vallesoriental4\/wp-json\/wp\/v2\/posts\/18730\/revisions\/18736"}],"wp:attachment":[{"href":"https:\/\/serveiseducatius.xtec.cat\/vallesoriental4\/wp-json\/wp\/v2\/media?parent=18730"}],"wp:term":[{"taxonomy":"category","embeddable":true,"href":"https:\/\/serveiseducatius.xtec.cat\/vallesoriental4\/wp-json\/wp\/v2\/categories?post=18730"},{"taxonomy":"post_tag","embeddable":true,"href":"https:\/\/serveiseducatius.xtec.cat\/vallesoriental4\/wp-json\/wp\/v2\/tags?post=18730"}],"curies":[{"name":"wp","href":"https:\/\/api.w.org\/{rel}","templated":true}]}}