{"id":18720,"date":"2023-02-28T09:27:21","date_gmt":"2023-02-28T08:27:21","guid":{"rendered":"https:\/\/serveiseducatius.xtec.cat\/vallesoriental4\/?p=18720"},"modified":"2023-02-28T09:27:21","modified_gmt":"2023-02-28T08:27:21","slug":"els-ods-un-bon-context-per-dissenyar-situacions-daprenentatge-servei-educatiu-del-baix-llobregat-iv","status":"publish","type":"post","link":"https:\/\/serveiseducatius.xtec.cat\/vallesoriental4\/general\/els-ods-un-bon-context-per-dissenyar-situacions-daprenentatge-servei-educatiu-del-baix-llobregat-iv\/","title":{"rendered":"Els ODS: un bon context per dissenyar situacions d\u2019aprenentatge | Servei Educatiu del Baix Llobregat IV"},"content":{"rendered":"<p>&nbsp;<\/p>\n<p><img loading=\"lazy\" decoding=\"async\" class=\" wp-image-18722 alignleft\" src=\"https:\/\/serveiseducatius.xtec.cat\/vallesoriental4\/wp-content\/uploads\/usu1133\/2023\/02\/ODS-266x300.png\" alt=\"\" width=\"304\" height=\"343\" \/><\/p>\n<p>Des del\u00a0<a href=\"https:\/\/serveiseducatius.xtec.cat\/cesire\/\" target=\"_blank\" rel=\"noopener\">Cesire<\/a>\u00a0s\u2019ha preparat un cicle de\u00a0<strong>quatre confer\u00e8ncies<\/strong>\u00a0per mostrar exemples de contextualitzaci\u00f3 de les situacions d\u2019aprenentatge a partir d\u2019alguns ODS.<\/p>\n<p>En aquestes hi haur\u00e0 una part de presentaci\u00f3 de la situaci\u00f3 i tamb\u00e9 exemples de propostes did\u00e0ctiques per portar a l\u2019aula.<\/p>\n<p>Les confer\u00e8ncies s\u2019emetran al canal de\u00a0<a href=\"https:\/\/www.youtube.com\/@cesirecat\" target=\"_blank\" rel=\"noopener\">YouTube del CESIRE<\/a>\u00a0de\u00a0<strong>17\u201930 a 19\u201930 hores<\/strong>.<\/p>\n<ol>\n<li>Pseudoci\u00e8ncia i salut (22 de mar\u00e7)<\/li>\n<li>Agenda 2030: un bon context per treballar les ci\u00e8ncies socials (12 d\u2019abril)<\/li>\n<li>La contaminaci\u00f3 de l\u2019aire i la salut (19 d\u2019abril)<\/li>\n<li>Vida a la terra i evoluci\u00f3 (23 de maig)<\/li>\n<\/ol>\n<p><a href=\"https:\/\/aplicacions.gestioeducativa.gencat.cat\/pls\/soloas\/pk_for_mod_ins.p_for_detall_activitat?p_codi=9005090532&amp;p_curs=2022-2023&amp;p_es_inscr=S\" target=\"_blank\" rel=\"noopener\">\u270d\ufe0f\u00a0Inscripcions<\/a><\/p>\n<p><a href=\"https:\/\/serveiseducatius.xtec.cat\/cesire\/wp-content\/uploads\/usu2650\/2023\/02\/Copia-de-Blue-Simple-World-Environment-Day-Instagram-Story-1.pdf\" target=\"_blank\" rel=\"noopener\"><img loading=\"lazy\" decoding=\"async\" class=\"wp-image-9357 alignleft\" src=\"https:\/\/serveiseducatius.xtec.cat\/baixllobregat4\/wp-content\/uploads\/usu1181\/2020\/10\/Screenshot-2020-10-30-at-10.37.21.png\" alt=\"\" width=\"81\" height=\"90\" \/><\/a><\/p>\n<div class=\"addtoany_share_save_container addtoany_content addtoany_content_bottom\">\n<div class=\"a2a_kit a2a_kit_size_20 addtoany_list\" data-a2a-url=\"https:\/\/serveiseducatius.xtec.cat\/baixllobregat4\/general\/els-ods-un-bon-context-per-dissenyar-situacions-daprenentatge\/\" data-a2a-title=\"Els ODS: un bon context per dissenyar situacions d\u2019aprenentatge\"><a class=\"a2a_button_google_gmail\" title=\"Gmail\" href=\"https:\/\/serveiseducatius.xtec.cat\/#google_gmail\" target=\"_blank\" rel=\"nofollow noopener\"><span class=\"a2a_label\">Gmail<\/span><\/a><a class=\"a2a_button_whatsapp\" title=\"WhatsApp\" href=\"https:\/\/serveiseducatius.xtec.cat\/#whatsapp\" target=\"_blank\" rel=\"nofollow noopener\"><span class=\"a2a_label\">WhatsApp<\/span><\/a><a class=\"a2a_button_telegram\" title=\"Telegram\" href=\"https:\/\/serveiseducatius.xtec.cat\/#telegram\" target=\"_blank\" rel=\"nofollow noopener\"><span class=\"a2a_label\">Telegram<\/span><\/a><a class=\"a2a_button_copy_link\" title=\"Copy Link\" href=\"https:\/\/serveiseducatius.xtec.cat\/#copy_link\" target=\"_blank\" rel=\"nofollow noopener\"><span class=\"a2a_label\">Copy Link<\/span><\/a><a class=\"a2a_button_diigo\" title=\"Diigo\" href=\"https:\/\/serveiseducatius.xtec.cat\/#diigo\" target=\"_blank\" rel=\"nofollow noopener\"><span class=\"a2a_label\">Diigo<\/span><\/a><\/div>\n<\/div>\n","protected":false},"excerpt":{"rendered":"<p>&nbsp; Des del\u00a0Cesire\u00a0s\u2019ha preparat un cicle de\u00a0quatre confer\u00e8ncies\u00a0per mostrar exemples de contextualitzaci\u00f3 de les situacions d\u2019aprenentatge a partir d\u2019alguns ODS. En aquestes hi haur\u00e0 una part de presentaci\u00f3 de la situaci\u00f3 i tamb\u00e9 exemples de propostes did\u00e0ctiques per portar a l\u2019aula. Les confer\u00e8ncies s\u2019emetran al canal de\u00a0YouTube del CESIRE\u00a0de\u00a017\u201930 a 19\u201930 hores. Pseudoci\u00e8ncia i salut [&hellip;]<\/p>\n","protected":false},"author":1,"featured_media":0,"comment_status":"open","ping_status":"closed","sticky":false,"template":"","format":"standard","meta":{"_bbp_topic_count":0,"_bbp_reply_count":0,"_bbp_total_topic_count":0,"_bbp_total_reply_count":0,"_bbp_voice_count":0,"_bbp_anonymous_reply_count":0,"_bbp_topic_count_hidden":0,"_bbp_reply_count_hidden":0,"_bbp_forum_subforum_count":0,"site-sidebar-layout":"default","site-content-layout":"","ast-site-content-layout":"","site-content-style":"default","site-sidebar-style":"default","ast-global-header-display":"","ast-banner-title-visibility":"","ast-main-header-display":"","ast-hfb-above-header-display":"","ast-hfb-below-header-display":"","ast-hfb-mobile-header-display":"","site-post-title":"","ast-breadcrumbs-content":"","ast-featured-img":"","footer-sml-layout":"","theme-transparent-header-meta":"","adv-header-id-meta":"","stick-header-meta":"","header-above-stick-meta":"","header-main-stick-meta":"","header-below-stick-meta":"","astra-migrate-meta-layouts":"default","ast-page-background-enabled":"default","ast-page-background-meta":{"desktop":{"background-color":"var(--ast-global-color-4)","background-image":"","background-repeat":"repeat","background-position":"center center","background-size":"auto","background-attachment":"scroll","background-type":"","background-media":"","overlay-type":"","overlay-color":"","overlay-opacity":"","overlay-gradient":""},"tablet":{"background-color":"","background-image":"","background-repeat":"repeat","background-position":"center center","background-size":"auto","background-attachment":"scroll","background-type":"","background-media":"","overlay-type":"","overlay-color":"","overlay-opacity":"","overlay-gradient":""},"mobile":{"background-color":"","background-image":"","background-repeat":"repeat","background-position":"center center","background-size":"auto","background-attachment":"scroll","background-type":"","background-media":"","overlay-type":"","overlay-color":"","overlay-opacity":"","overlay-gradient":""}},"ast-content-background-meta":{"desktop":{"background-color":"var(--ast-global-color-5)","background-image":"","background-repeat":"repeat","background-position":"center center","background-size":"auto","background-attachment":"scroll","background-type":"","background-media":"","overlay-type":"","overlay-color":"","overlay-opacity":"","overlay-gradient":""},"tablet":{"background-color":"var(--ast-global-color-5)","background-image":"","background-repeat":"repeat","background-position":"center center","background-size":"auto","background-attachment":"scroll","background-type":"","background-media":"","overlay-type":"","overlay-color":"","overlay-opacity":"","overlay-gradient":""},"mobile":{"background-color":"var(--ast-global-color-5)","background-image":"","background-repeat":"repeat","background-position":"center center","background-size":"auto","background-attachment":"scroll","background-type":"","background-media":"","overlay-type":"","overlay-color":"","overlay-opacity":"","overlay-gradient":""}},"footnotes":""},"categories":[1,29],"tags":[],"class_list":["post-18720","post","type-post","status-publish","format-standard","hentry","category-general","category-portada"],"post_mailing_queue_ids":[],"_links":{"self":[{"href":"https:\/\/serveiseducatius.xtec.cat\/vallesoriental4\/wp-json\/wp\/v2\/posts\/18720","targetHints":{"allow":["GET"]}}],"collection":[{"href":"https:\/\/serveiseducatius.xtec.cat\/vallesoriental4\/wp-json\/wp\/v2\/posts"}],"about":[{"href":"https:\/\/serveiseducatius.xtec.cat\/vallesoriental4\/wp-json\/wp\/v2\/types\/post"}],"author":[{"embeddable":true,"href":"https:\/\/serveiseducatius.xtec.cat\/vallesoriental4\/wp-json\/wp\/v2\/users\/1"}],"replies":[{"embeddable":true,"href":"https:\/\/serveiseducatius.xtec.cat\/vallesoriental4\/wp-json\/wp\/v2\/comments?post=18720"}],"version-history":[{"count":2,"href":"https:\/\/serveiseducatius.xtec.cat\/vallesoriental4\/wp-json\/wp\/v2\/posts\/18720\/revisions"}],"predecessor-version":[{"id":18724,"href":"https:\/\/serveiseducatius.xtec.cat\/vallesoriental4\/wp-json\/wp\/v2\/posts\/18720\/revisions\/18724"}],"wp:attachment":[{"href":"https:\/\/serveiseducatius.xtec.cat\/vallesoriental4\/wp-json\/wp\/v2\/media?parent=18720"}],"wp:term":[{"taxonomy":"category","embeddable":true,"href":"https:\/\/serveiseducatius.xtec.cat\/vallesoriental4\/wp-json\/wp\/v2\/categories?post=18720"},{"taxonomy":"post_tag","embeddable":true,"href":"https:\/\/serveiseducatius.xtec.cat\/vallesoriental4\/wp-json\/wp\/v2\/tags?post=18720"}],"curies":[{"name":"wp","href":"https:\/\/api.w.org\/{rel}","templated":true}]}}